{"id":4075,"date":"2025-10-07T11:27:11","date_gmt":"2025-10-07T09:27:11","guid":{"rendered":"https:\/\/pierrebarros.fr\/?p=4075"},"modified":"2026-02-19T16:23:21","modified_gmt":"2026-02-19T15:23:21","slug":"valerie-pecresse-supprime-les-aides-regionales-accordees-aux-mdph","status":"publish","type":"post","link":"https:\/\/pierrebarros.fr\/index.php\/2025\/10\/07\/valerie-pecresse-supprime-les-aides-regionales-accordees-aux-mdph\/","title":{"rendered":"Val\u00e9rie P\u00e9cresse supprime les aides r\u00e9gionales allou\u00e9es aux MDPH\u00a0!"},"content":{"rendered":"\n<h6 class=\"wp-block-heading\">La pr\u00e9sidente de la R\u00e9gion Ile-de-France Val\u00e9rie P\u00e9cresse a d\u00e9cid\u00e9 de supprimer les subventions r\u00e9gionales allou\u00e9es aux maisons d\u00e9partementales des personnes handicap\u00e9es (MDPH) d\u2019Ile-de-France.<\/h6>\n\n\n\n<p>Au total, l\u2019aide r\u00e9gionale s\u2019\u00e9l\u00e8ve \u00e0 2 millions d\u2019euros, sur un budget r\u00e9gional de 4,5 milliards d\u2019euros. Elle repr\u00e9sente donc 230.000 euros par d\u00e9partement. 2.000 Franciliens en b\u00e9n\u00e9ficiaient. Pour eux, cette d\u00e9cision constituera une baisse certaine de leur reste \u00e0 vivre.<\/p>\n\n\n\n<p>Huit MDPH sont ainsi concern\u00e9es, dont celle du Val d\u2019Oise, d\u00e9partement que je repr\u00e9sente au S\u00e9nat. Dans le Val d\u2019Oise, cette d\u00e9cision se superpose \u00e0 la modification des conditions de versement de la prestation de compensation du handicap (PCH), p\u00e9nalisant doublement les personnes en situation de handicap.<\/p>\n\n\n\n<p class=\"has-ast-global-color-0-color has-text-color has-link-color wp-elements-33927e86bf5837f238f6b050acc085f8\"><strong>J\u2019ai donc interpell\u00e9 Val\u00e9rie P\u00e9cresse pour lui rappeler que les \u00e9conomies budg\u00e9taires impos\u00e9es par les gouvernements successifs ne peuvent se faire au d\u00e9triment des personnes en situation de handicap. En 2024, elle avait d\u00e9sign\u00e9 le handicap comme \u00ab&nbsp;grande cause r\u00e9gionale&nbsp;\u00bb. D\u00e8s lors, pourquoi prendre une telle d\u00e9cision aujourd\u2019hui&nbsp;?<\/strong><\/p>\n\n\n\n<p>Je vous invite \u00e0 retrouver ci-dessous le courrier que j\u2019ai adress\u00e9 \u00e0 la pr\u00e9sident de la R\u00e9gion Ile-de-France.<\/p>\n\n\n\n<div data-wp-interactive=\"core\/file\" class=\"wp-block-file\"><object data-wp-bind--hidden=\"!state.hasPdfPreview\" hidden class=\"wp-block-file__embed\" data=\"https:\/\/pierrebarros.fr\/wp-content\/uploads\/2025\/10\/20250924-Courrier-de-Monsieur-le-Senateur-Pierre-BARROS-a-Madame-la-Presidente-du-CR-IDF-Subventions-MDPH-signe.pdf\" type=\"application\/pdf\" style=\"width:100%;height:600px\" aria-label=\"Contenu embarqu\u00e9 20250924 Courrier de Monsieur le Se\u0301nateur Pierre BARROS a\u0300 Madame la Pre\u0301sidente du CR IDF - Subventions MDPH signe\u0301.\"><\/object><a id=\"wp-block-file--media-7cd07c42-d0f0-4741-a9d0-b3c129728042\" href=\"https:\/\/pierrebarros.fr\/wp-content\/uploads\/2025\/10\/20250924-Courrier-de-Monsieur-le-Senateur-Pierre-BARROS-a-Madame-la-Presidente-du-CR-IDF-Subventions-MDPH-signe.pdf\">20250924 Courrier de Monsieur le Se\u0301nateur Pierre BARROS a\u0300 Madame la Pre\u0301sidente du CR IDF &#8211; Subventions MDPH signe\u0301<\/a><a href=\"https:\/\/pierrebarros.fr\/wp-content\/uploads\/2025\/10\/20250924-Courrier-de-Monsieur-le-Senateur-Pierre-BARROS-a-Madame-la-Presidente-du-CR-IDF-Subventions-MDPH-signe.pdf\" class=\"wp-block-file__button wp-element-button\" download aria-describedby=\"wp-block-file--media-7cd07c42-d0f0-4741-a9d0-b3c129728042\">T\u00e9l\u00e9charger<\/a><\/div>\n\n\n\n<p class=\"has-ast-global-color-0-color has-text-color has-link-color wp-elements-859d2bc3be0d5eeb5428a6c13679e03c\"><strong>J\u2019ai \u00e9galement sign\u00e9 la p\u00e9tition port\u00e9e par la conseill\u00e8re r\u00e9gionale C\u00e9line Malais\u00e9 et son groupe de la Gauche communiste, \u00e9cologiste et citoyenne. Je vous invite \u00e0 en faire de m\u00eame en cliquant sur le lien suivant&nbsp;: <a href=\"https:\/\/www.gauchecom.fr\/\">https:\/\/www.gauchecom.fr\/<\/a><\/strong><\/p>\n\n\n\n<p><\/p>\n","protected":false},"excerpt":{"rendered":"<p>La pr\u00e9sidente de la R\u00e9gion Ile-de-France Val\u00e9rie P\u00e9cresse a d\u00e9cid\u00e9 de supprimer les subventions r\u00e9gionales allou\u00e9es aux maisons d\u00e9partementales des [&hellip;]<\/p>\n","protected":false},"author":4,"featured_media":4077,"comment_status":"closed","ping_status":"closed","sticky":false,"template":"","format":"standard","meta":{"site-sidebar-layout":"default","site-content-layout":"","ast-site-content-layout":"default","site-content-style":"default","site-sidebar-style":"default","ast-global-header-display":"","ast-banner-title-visibility":"","ast-main-header-display":"","ast-hfb-above-header-display":"","ast-hfb-below-header-display":"","ast-hfb-mobile-header-display":"","site-post-title":"","ast-breadcrumbs-content":"","ast-featured-img":"","footer-sml-layout":"","ast-disable-related-posts":"","theme-transparent-header-meta":"","adv-header-id-meta":"","stick-header-meta":"","header-above-stick-meta":"","header-main-stick-meta":"","header-below-stick-meta":"","astra-migrate-meta-layouts":"default","ast-page-background-enabled":"default","ast-page-background-meta":{"desktop":{"background-color":"var(--ast-global-color-4)","background-image":"","background-repeat":"repeat","background-position":"center center","background-size":"auto","background-attachment":"scroll","background-type":"","background-media":"","overlay-type":"","overlay-color":"","overlay-opacity":"","overlay-gradient":""},"tablet":{"background-color":"","background-image":"","background-repeat":"repeat","background-position":"center center","background-size":"auto","background-attachment":"scroll","background-type":"","background-media":"","overlay-type":"","overlay-color":"","overlay-opacity":"","overlay-gradient":""},"mobile":{"background-color":"","background-image":"","background-repeat":"repeat","background-position":"center center","background-size":"auto","background-attachment":"scroll","background-type":"","background-media":"","overlay-type":"","overlay-color":"","overlay-opacity":"","overlay-gradient":""}},"ast-content-background-meta":{"desktop":{"background-color":"var(--ast-global-color-5)","background-image":"","background-repeat":"repeat","background-position":"center center","background-size":"auto","background-attachment":"scroll","background-type":"","background-media":"","overlay-type":"","overlay-color":"","overlay-opacity":"","overlay-gradient":""},"tablet":{"background-color":"var(--ast-global-color-5)","background-image":"","background-repeat":"repeat","background-position":"center center","background-size":"auto","background-attachment":"scroll","background-type":"","background-media":"","overlay-type":"","overlay-color":"","overlay-opacity":"","overlay-gradient":""},"mobile":{"background-color":"var(--ast-global-color-5)","background-image":"","background-repeat":"repeat","background-position":"center center","background-size":"auto","background-attachment":"scroll","background-type":"","background-media":"","overlay-type":"","overlay-color":"","overlay-opacity":"","overlay-gradient":""}},"_jetpack_memberships_contains_paid_content":false,"footnotes":""},"categories":[24],"tags":[],"class_list":["post-4075","post","type-post","status-publish","format-standard","has-post-thumbnail","hentry","category-en-val-doise"],"yoast_head":"<!-- This site is optimized with the Yoast SEO plugin v27.5 - https:\/\/yoast.com\/product\/yoast-seo-wordpress\/ -->\n<title>Val\u00e9rie P\u00e9cresse supprime les aides r\u00e9gionales allou\u00e9es aux MDPH\u00a0! -<\/title>\n<meta name=\"robots\" content=\"index, follow, max-snippet:-1, max-image-preview:large, max-video-preview:-1\" \/>\n<link rel=\"canonical\" href=\"https:\/\/pierrebarros.fr\/index.php\/2025\/10\/07\/valerie-pecresse-supprime-les-aides-regionales-accordees-aux-mdph\/\" \/>\n<meta property=\"og:locale\" content=\"fr_FR\" \/>\n<meta property=\"og:type\" content=\"article\" \/>\n<meta property=\"og:title\" content=\"Val\u00e9rie P\u00e9cresse supprime les aides r\u00e9gionales allou\u00e9es aux MDPH\u00a0! -\" \/>\n<meta property=\"og:description\" content=\"La pr\u00e9sidente de la R\u00e9gion Ile-de-France Val\u00e9rie P\u00e9cresse a d\u00e9cid\u00e9 de supprimer les subventions r\u00e9gionales allou\u00e9es aux maisons d\u00e9partementales des [&hellip;]\" \/>\n<meta property=\"og:url\" content=\"https:\/\/pierrebarros.fr\/index.php\/2025\/10\/07\/valerie-pecresse-supprime-les-aides-regionales-accordees-aux-mdph\/\" \/>\n<meta property=\"article:published_time\" content=\"2025-10-07T09:27:11+00:00\" \/>\n<meta property=\"article:modified_time\" content=\"2026-02-19T15:23:21+00:00\" \/>\n<meta property=\"og:image\" content=\"https:\/\/pierrebarros.fr\/wp-content\/uploads\/2025\/10\/Capture-decran-2025-10-07-a-11.22.41.png\" \/>\n\t<meta property=\"og:image:width\" content=\"1026\" \/>\n\t<meta property=\"og:image:height\" content=\"720\" \/>\n\t<meta property=\"og:image:type\" content=\"image\/png\" \/>\n<meta name=\"author\" content=\"Stephanie\" \/>\n<meta name=\"twitter:card\" content=\"summary_large_image\" \/>\n<meta name=\"twitter:label1\" content=\"\u00c9crit par\" \/>\n\t<meta name=\"twitter:data1\" content=\"Stephanie\" \/>\n\t<meta name=\"twitter:label2\" content=\"Dur\u00e9e de lecture estim\u00e9e\" \/>\n\t<meta name=\"twitter:data2\" content=\"2 minutes\" \/>\n<script type=\"application\/ld+json\" class=\"yoast-schema-graph\">{\"@context\":\"https:\\\/\\\/schema.org\",\"@graph\":[{\"@type\":\"Article\",\"@id\":\"https:\\\/\\\/pierrebarros.fr\\\/index.php\\\/2025\\\/10\\\/07\\\/valerie-pecresse-supprime-les-aides-regionales-accordees-aux-mdph\\\/#article\",\"isPartOf\":{\"@id\":\"https:\\\/\\\/pierrebarros.fr\\\/index.php\\\/2025\\\/10\\\/07\\\/valerie-pecresse-supprime-les-aides-regionales-accordees-aux-mdph\\\/\"},\"author\":{\"name\":\"Stephanie\",\"@id\":\"https:\\\/\\\/pierrebarros.fr\\\/#\\\/schema\\\/person\\\/0669a80d309c762d2a40d3ae7accec5b\"},\"headline\":\"Val\u00e9rie P\u00e9cresse supprime les aides r\u00e9gionales allou\u00e9es aux MDPH\u00a0!\",\"datePublished\":\"2025-10-07T09:27:11+00:00\",\"dateModified\":\"2026-02-19T15:23:21+00:00\",\"mainEntityOfPage\":{\"@id\":\"https:\\\/\\\/pierrebarros.fr\\\/index.php\\\/2025\\\/10\\\/07\\\/valerie-pecresse-supprime-les-aides-regionales-accordees-aux-mdph\\\/\"},\"wordCount\":298,\"image\":{\"@id\":\"https:\\\/\\\/pierrebarros.fr\\\/index.php\\\/2025\\\/10\\\/07\\\/valerie-pecresse-supprime-les-aides-regionales-accordees-aux-mdph\\\/#primaryimage\"},\"thumbnailUrl\":\"https:\\\/\\\/i0.wp.com\\\/pierrebarros.fr\\\/wp-content\\\/uploads\\\/2025\\\/10\\\/Capture-decran-2025-10-07-a-11.22.41.png?fit=1026%2C720&ssl=1\",\"articleSection\":[\"En Val d'Oise\"],\"inLanguage\":\"fr-FR\"},{\"@type\":\"WebPage\",\"@id\":\"https:\\\/\\\/pierrebarros.fr\\\/index.php\\\/2025\\\/10\\\/07\\\/valerie-pecresse-supprime-les-aides-regionales-accordees-aux-mdph\\\/\",\"url\":\"https:\\\/\\\/pierrebarros.fr\\\/index.php\\\/2025\\\/10\\\/07\\\/valerie-pecresse-supprime-les-aides-regionales-accordees-aux-mdph\\\/\",\"name\":\"Val\u00e9rie P\u00e9cresse supprime les aides r\u00e9gionales allou\u00e9es aux MDPH\u00a0! -\",\"isPartOf\":{\"@id\":\"https:\\\/\\\/pierrebarros.fr\\\/#website\"},\"primaryImageOfPage\":{\"@id\":\"https:\\\/\\\/pierrebarros.fr\\\/index.php\\\/2025\\\/10\\\/07\\\/valerie-pecresse-supprime-les-aides-regionales-accordees-aux-mdph\\\/#primaryimage\"},\"image\":{\"@id\":\"https:\\\/\\\/pierrebarros.fr\\\/index.php\\\/2025\\\/10\\\/07\\\/valerie-pecresse-supprime-les-aides-regionales-accordees-aux-mdph\\\/#primaryimage\"},\"thumbnailUrl\":\"https:\\\/\\\/i0.wp.com\\\/pierrebarros.fr\\\/wp-content\\\/uploads\\\/2025\\\/10\\\/Capture-decran-2025-10-07-a-11.22.41.png?fit=1026%2C720&ssl=1\",\"datePublished\":\"2025-10-07T09:27:11+00:00\",\"dateModified\":\"2026-02-19T15:23:21+00:00\",\"author\":{\"@id\":\"https:\\\/\\\/pierrebarros.fr\\\/#\\\/schema\\\/person\\\/0669a80d309c762d2a40d3ae7accec5b\"},\"breadcrumb\":{\"@id\":\"https:\\\/\\\/pierrebarros.fr\\\/index.php\\\/2025\\\/10\\\/07\\\/valerie-pecresse-supprime-les-aides-regionales-accordees-aux-mdph\\\/#breadcrumb\"},\"inLanguage\":\"fr-FR\",\"potentialAction\":[{\"@type\":\"ReadAction\",\"target\":[\"https:\\\/\\\/pierrebarros.fr\\\/index.php\\\/2025\\\/10\\\/07\\\/valerie-pecresse-supprime-les-aides-regionales-accordees-aux-mdph\\\/\"]}]},{\"@type\":\"ImageObject\",\"inLanguage\":\"fr-FR\",\"@id\":\"https:\\\/\\\/pierrebarros.fr\\\/index.php\\\/2025\\\/10\\\/07\\\/valerie-pecresse-supprime-les-aides-regionales-accordees-aux-mdph\\\/#primaryimage\",\"url\":\"https:\\\/\\\/i0.wp.com\\\/pierrebarros.fr\\\/wp-content\\\/uploads\\\/2025\\\/10\\\/Capture-decran-2025-10-07-a-11.22.41.png?fit=1026%2C720&ssl=1\",\"contentUrl\":\"https:\\\/\\\/i0.wp.com\\\/pierrebarros.fr\\\/wp-content\\\/uploads\\\/2025\\\/10\\\/Capture-decran-2025-10-07-a-11.22.41.png?fit=1026%2C720&ssl=1\",\"width\":1026,\"height\":720},{\"@type\":\"BreadcrumbList\",\"@id\":\"https:\\\/\\\/pierrebarros.fr\\\/index.php\\\/2025\\\/10\\\/07\\\/valerie-pecresse-supprime-les-aides-regionales-accordees-aux-mdph\\\/#breadcrumb\",\"itemListElement\":[{\"@type\":\"ListItem\",\"position\":1,\"name\":\"Accueil\",\"item\":\"https:\\\/\\\/pierrebarros.fr\\\/\"},{\"@type\":\"ListItem\",\"position\":2,\"name\":\"Val\u00e9rie P\u00e9cresse supprime les aides r\u00e9gionales allou\u00e9es aux MDPH\u00a0!\"}]},{\"@type\":\"WebSite\",\"@id\":\"https:\\\/\\\/pierrebarros.fr\\\/#website\",\"url\":\"https:\\\/\\\/pierrebarros.fr\\\/\",\"name\":\"\",\"description\":\"S\u00e9nateur du Val-d&#039;Oise\",\"potentialAction\":[{\"@type\":\"SearchAction\",\"target\":{\"@type\":\"EntryPoint\",\"urlTemplate\":\"https:\\\/\\\/pierrebarros.fr\\\/?s={search_term_string}\"},\"query-input\":{\"@type\":\"PropertyValueSpecification\",\"valueRequired\":true,\"valueName\":\"search_term_string\"}}],\"inLanguage\":\"fr-FR\"},{\"@type\":\"Person\",\"@id\":\"https:\\\/\\\/pierrebarros.fr\\\/#\\\/schema\\\/person\\\/0669a80d309c762d2a40d3ae7accec5b\",\"name\":\"Stephanie\",\"url\":\"https:\\\/\\\/pierrebarros.fr\\\/index.php\\\/author\\\/stephanie\\\/\"}]}<\/script>\n<!-- \/ Yoast SEO plugin. -->","yoast_head_json":{"title":"Val\u00e9rie P\u00e9cresse supprime les aides r\u00e9gionales allou\u00e9es aux MDPH\u00a0! -","robots":{"index":"index","follow":"follow","max-snippet":"max-snippet:-1","max-image-preview":"max-image-preview:large","max-video-preview":"max-video-preview:-1"},"canonical":"https:\/\/pierrebarros.fr\/index.php\/2025\/10\/07\/valerie-pecresse-supprime-les-aides-regionales-accordees-aux-mdph\/","og_locale":"fr_FR","og_type":"article","og_title":"Val\u00e9rie P\u00e9cresse supprime les aides r\u00e9gionales allou\u00e9es aux MDPH\u00a0! -","og_description":"La pr\u00e9sidente de la R\u00e9gion Ile-de-France Val\u00e9rie P\u00e9cresse a d\u00e9cid\u00e9 de supprimer les subventions r\u00e9gionales allou\u00e9es aux maisons d\u00e9partementales des [&hellip;]","og_url":"https:\/\/pierrebarros.fr\/index.php\/2025\/10\/07\/valerie-pecresse-supprime-les-aides-regionales-accordees-aux-mdph\/","article_published_time":"2025-10-07T09:27:11+00:00","article_modified_time":"2026-02-19T15:23:21+00:00","og_image":[{"width":1026,"height":720,"url":"https:\/\/pierrebarros.fr\/wp-content\/uploads\/2025\/10\/Capture-decran-2025-10-07-a-11.22.41.png","type":"image\/png"}],"author":"Stephanie","twitter_card":"summary_large_image","twitter_misc":{"\u00c9crit par":"Stephanie","Dur\u00e9e de lecture estim\u00e9e":"2 minutes"},"schema":{"@context":"https:\/\/schema.org","@graph":[{"@type":"Article","@id":"https:\/\/pierrebarros.fr\/index.php\/2025\/10\/07\/valerie-pecresse-supprime-les-aides-regionales-accordees-aux-mdph\/#article","isPartOf":{"@id":"https:\/\/pierrebarros.fr\/index.php\/2025\/10\/07\/valerie-pecresse-supprime-les-aides-regionales-accordees-aux-mdph\/"},"author":{"name":"Stephanie","@id":"https:\/\/pierrebarros.fr\/#\/schema\/person\/0669a80d309c762d2a40d3ae7accec5b"},"headline":"Val\u00e9rie P\u00e9cresse supprime les aides r\u00e9gionales allou\u00e9es aux MDPH\u00a0!","datePublished":"2025-10-07T09:27:11+00:00","dateModified":"2026-02-19T15:23:21+00:00","mainEntityOfPage":{"@id":"https:\/\/pierrebarros.fr\/index.php\/2025\/10\/07\/valerie-pecresse-supprime-les-aides-regionales-accordees-aux-mdph\/"},"wordCount":298,"image":{"@id":"https:\/\/pierrebarros.fr\/index.php\/2025\/10\/07\/valerie-pecresse-supprime-les-aides-regionales-accordees-aux-mdph\/#primaryimage"},"thumbnailUrl":"https:\/\/i0.wp.com\/pierrebarros.fr\/wp-content\/uploads\/2025\/10\/Capture-decran-2025-10-07-a-11.22.41.png?fit=1026%2C720&ssl=1","articleSection":["En Val d'Oise"],"inLanguage":"fr-FR"},{"@type":"WebPage","@id":"https:\/\/pierrebarros.fr\/index.php\/2025\/10\/07\/valerie-pecresse-supprime-les-aides-regionales-accordees-aux-mdph\/","url":"https:\/\/pierrebarros.fr\/index.php\/2025\/10\/07\/valerie-pecresse-supprime-les-aides-regionales-accordees-aux-mdph\/","name":"Val\u00e9rie P\u00e9cresse supprime les aides r\u00e9gionales allou\u00e9es aux MDPH\u00a0! -","isPartOf":{"@id":"https:\/\/pierrebarros.fr\/#website"},"primaryImageOfPage":{"@id":"https:\/\/pierrebarros.fr\/index.php\/2025\/10\/07\/valerie-pecresse-supprime-les-aides-regionales-accordees-aux-mdph\/#primaryimage"},"image":{"@id":"https:\/\/pierrebarros.fr\/index.php\/2025\/10\/07\/valerie-pecresse-supprime-les-aides-regionales-accordees-aux-mdph\/#primaryimage"},"thumbnailUrl":"https:\/\/i0.wp.com\/pierrebarros.fr\/wp-content\/uploads\/2025\/10\/Capture-decran-2025-10-07-a-11.22.41.png?fit=1026%2C720&ssl=1","datePublished":"2025-10-07T09:27:11+00:00","dateModified":"2026-02-19T15:23:21+00:00","author":{"@id":"https:\/\/pierrebarros.fr\/#\/schema\/person\/0669a80d309c762d2a40d3ae7accec5b"},"breadcrumb":{"@id":"https:\/\/pierrebarros.fr\/index.php\/2025\/10\/07\/valerie-pecresse-supprime-les-aides-regionales-accordees-aux-mdph\/#breadcrumb"},"inLanguage":"fr-FR","potentialAction":[{"@type":"ReadAction","target":["https:\/\/pierrebarros.fr\/index.php\/2025\/10\/07\/valerie-pecresse-supprime-les-aides-regionales-accordees-aux-mdph\/"]}]},{"@type":"ImageObject","inLanguage":"fr-FR","@id":"https:\/\/pierrebarros.fr\/index.php\/2025\/10\/07\/valerie-pecresse-supprime-les-aides-regionales-accordees-aux-mdph\/#primaryimage","url":"https:\/\/i0.wp.com\/pierrebarros.fr\/wp-content\/uploads\/2025\/10\/Capture-decran-2025-10-07-a-11.22.41.png?fit=1026%2C720&ssl=1","contentUrl":"https:\/\/i0.wp.com\/pierrebarros.fr\/wp-content\/uploads\/2025\/10\/Capture-decran-2025-10-07-a-11.22.41.png?fit=1026%2C720&ssl=1","width":1026,"height":720},{"@type":"BreadcrumbList","@id":"https:\/\/pierrebarros.fr\/index.php\/2025\/10\/07\/valerie-pecresse-supprime-les-aides-regionales-accordees-aux-mdph\/#breadcrumb","itemListElement":[{"@type":"ListItem","position":1,"name":"Accueil","item":"https:\/\/pierrebarros.fr\/"},{"@type":"ListItem","position":2,"name":"Val\u00e9rie P\u00e9cresse supprime les aides r\u00e9gionales allou\u00e9es aux MDPH\u00a0!"}]},{"@type":"WebSite","@id":"https:\/\/pierrebarros.fr\/#website","url":"https:\/\/pierrebarros.fr\/","name":"","description":"S\u00e9nateur du Val-d&#039;Oise","potentialAction":[{"@type":"SearchAction","target":{"@type":"EntryPoint","urlTemplate":"https:\/\/pierrebarros.fr\/?s={search_term_string}"},"query-input":{"@type":"PropertyValueSpecification","valueRequired":true,"valueName":"search_term_string"}}],"inLanguage":"fr-FR"},{"@type":"Person","@id":"https:\/\/pierrebarros.fr\/#\/schema\/person\/0669a80d309c762d2a40d3ae7accec5b","name":"Stephanie","url":"https:\/\/pierrebarros.fr\/index.php\/author\/stephanie\/"}]}},"jetpack_featured_media_url":"https:\/\/i0.wp.com\/pierrebarros.fr\/wp-content\/uploads\/2025\/10\/Capture-decran-2025-10-07-a-11.22.41.png?fit=1026%2C720&ssl=1","jetpack-related-posts":[],"jetpack_sharing_enabled":true,"_links":{"self":[{"href":"https:\/\/pierrebarros.fr\/index.php\/wp-json\/wp\/v2\/posts\/4075","targetHints":{"allow":["GET"]}}],"collection":[{"href":"https:\/\/pierrebarros.fr\/index.php\/wp-json\/wp\/v2\/posts"}],"about":[{"href":"https:\/\/pierrebarros.fr\/index.php\/wp-json\/wp\/v2\/types\/post"}],"author":[{"embeddable":true,"href":"https:\/\/pierrebarros.fr\/index.php\/wp-json\/wp\/v2\/users\/4"}],"replies":[{"embeddable":true,"href":"https:\/\/pierrebarros.fr\/index.php\/wp-json\/wp\/v2\/comments?post=4075"}],"version-history":[{"count":3,"href":"https:\/\/pierrebarros.fr\/index.php\/wp-json\/wp\/v2\/posts\/4075\/revisions"}],"predecessor-version":[{"id":4251,"href":"https:\/\/pierrebarros.fr\/index.php\/wp-json\/wp\/v2\/posts\/4075\/revisions\/4251"}],"wp:featuredmedia":[{"embeddable":true,"href":"https:\/\/pierrebarros.fr\/index.php\/wp-json\/wp\/v2\/media\/4077"}],"wp:attachment":[{"href":"https:\/\/pierrebarros.fr\/index.php\/wp-json\/wp\/v2\/media?parent=4075"}],"wp:term":[{"taxonomy":"category","embeddable":true,"href":"https:\/\/pierrebarros.fr\/index.php\/wp-json\/wp\/v2\/categories?post=4075"},{"taxonomy":"post_tag","embeddable":true,"href":"https:\/\/pierrebarros.fr\/index.php\/wp-json\/wp\/v2\/tags?post=4075"}],"curies":[{"name":"wp","href":"https:\/\/api.w.org\/{rel}","templated":true}]}}