{"id":4056,"date":"2025-09-18T11:02:50","date_gmt":"2025-09-18T09:02:50","guid":{"rendered":"https:\/\/pierrebarros.fr\/?p=4056"},"modified":"2026-02-19T16:23:21","modified_gmt":"2026-02-19T15:23:21","slug":"mon-deplacement-en-palestine-du-8-au-12-septembre-2025","status":"publish","type":"post","link":"https:\/\/pierrebarros.fr\/index.php\/2025\/09\/18\/mon-deplacement-en-palestine-du-8-au-12-septembre-2025\/","title":{"rendered":"Mon d\u00e9placement en Palestine du 8 au 12 septembre 2025"},"content":{"rendered":"\n<p>Du 8 au 12 septembre 2025, j\u2019ai eu l\u2019honneur de participer \u00e0 un d\u00e9placement parlementaire en Palestine dans le cadre des travaux men\u00e9s par le groupe d\u2019amiti\u00e9 France-Palestine au S\u00e9nat. J&rsquo;ai fait partie d\u2019une d\u00e9l\u00e9gation transpartisane, compos\u00e9e des s\u00e9nateurs et s\u00e9natrices suivants\u00a0: Gis\u00e8le JOURDA, pr\u00e9sidente du groupe d\u2019amiti\u00e9 (groupe Socialiste, \u00c9cologiste et R\u00e9publicain \u2013 Aude), \u00c9tienne BLANC (groupe Les R\u00e9publicains \u2013 Rh\u00f4ne), Adel ZIANE (groupe Socialiste, \u00c9cologiste et R\u00e9publicain \u2013 Seine-Saint-Denis) et Raymonde PONCET-MONGE (groupe \u00c9cologiste &#8211; Solidarit\u00e9 et Territoires \u2013 Rh\u00f4ne).<\/p>\n\n\n\n<p>Lors de ce d\u00e9placement, en association \u00e9troite avec le consul g\u00e9n\u00e9ral de France \u00e0 J\u00e9rusalem, de nombreuses rencontres et visites ont \u00e9t\u00e9 organis\u00e9es afin de mieux comprendre les diff\u00e9rents enjeux en cours en Cisjordanie, en particulier depuis les attaques du 7 octobre 2023. Nous sommes all\u00e9s \u00e0 Ramallah, \u00e0 Bethl\u00e9em et \u00e0 J\u00e9rusalem, avant de terminer notre s\u00e9jour par une visite au Yad Vashem, Institut international pour la m\u00e9moire de la Shoah.\u00a0<\/p>\n\n\n\n<p>Cette visite s\u2019inscrit dans un contexte international intense\u00a0: la guerre a Gaza, depuis le 7 octobre 2023, a d\u00e9j\u00e0 fait plus de 60.000 victimes. Le Washington Post a r\u00e9v\u00e9l\u00e9 le projet de Riviera port\u00e9 par le pr\u00e9sident Trump, qui s\u2019apparente \u00e0 une op\u00e9ration de nettoyage ethnique. La Cisjordanie est menac\u00e9e d\u2019annexion, pendant que les projets de construction de colonies ill\u00e9gales rendent de plus en plus illusoires toute continuit\u00e9 territoriale. Enfin, la France, par la voix du pr\u00e9sident Macron, pr\u00e9voit de reconna\u00eetre un \u00c9tat de Palestine lors de la prochaine Assembl\u00e9e g\u00e9n\u00e9rale de l\u2019Organisation des Nations Unies le 22 septembre 2025.<\/p>\n\n\n\n<p>2025 est une ann\u00e9e cl\u00e9 pour l\u2019avenir m\u00eame de la Palestine. La reconnaissance de l\u2019\u00c9tat de la Palestine reste le seul moyen pour assurer la paix entre les peuples palestiniens et isra\u00e9liens.<\/p>\n\n\n\n<p>Retrouvez ici le compte rendu du d\u00e9placement du groupe interparlementaire d&rsquo;amiti\u00e9 France Palestine \u00e0 J\u00e9rusalem, Ramallah et Bethl\u00e9em :<\/p>\n\n\n\n<p><a href=\"https:\/\/www.senat.fr\/fileadmin\/cru-1757324377\/Europe_et_international\/International\/Accueils_et_deplacements\/CR_2025_06_VFinale.pdf\">https:\/\/www.senat.fr\/fileadmin\/cru-1757324377\/Europe_et_international\/International\/Accueils_et_deplacements\/CR_2025_06_VFinale.pdf<\/a><\/p>\n\n\n\n<p><\/p>\n","protected":false},"excerpt":{"rendered":"<p>Du 8 au 12 septembre 2025, j\u2019ai eu l\u2019honneur de participer \u00e0 un d\u00e9placement parlementaire en Palestine dans le cadre [&hellip;]<\/p>\n","protected":false},"author":4,"featured_media":4057,"comment_status":"closed","ping_status":"closed","sticky":false,"template":"","format":"standard","meta":{"site-sidebar-layout":"default","site-content-layout":"","ast-site-content-layout":"default","site-content-style":"default","site-sidebar-style":"default","ast-global-header-display":"","ast-banner-title-visibility":"","ast-main-header-display":"","ast-hfb-above-header-display":"","ast-hfb-below-header-display":"","ast-hfb-mobile-header-display":"","site-post-title":"","ast-breadcrumbs-content":"","ast-featured-img":"","footer-sml-layout":"","ast-disable-related-posts":"","theme-transparent-header-meta":"","adv-header-id-meta":"","stick-header-meta":"","header-above-stick-meta":"","header-main-stick-meta":"","header-below-stick-meta":"","astra-migrate-meta-layouts":"default","ast-page-background-enabled":"default","ast-page-background-meta":{"desktop":{"background-color":"var(--ast-global-color-4)","background-image":"","background-repeat":"repeat","background-position":"center center","background-size":"auto","background-attachment":"scroll","background-type":"","background-media":"","overlay-type":"","overlay-color":"","overlay-opacity":"","overlay-gradient":""},"tablet":{"background-color":"","background-image":"","background-repeat":"repeat","background-position":"center center","background-size":"auto","background-attachment":"scroll","background-type":"","background-media":"","overlay-type":"","overlay-color":"","overlay-opacity":"","overlay-gradient":""},"mobile":{"background-color":"","background-image":"","background-repeat":"repeat","background-position":"center center","background-size":"auto","background-attachment":"scroll","background-type":"","background-media":"","overlay-type":"","overlay-color":"","overlay-opacity":"","overlay-gradient":""}},"ast-content-background-meta":{"desktop":{"background-color":"var(--ast-global-color-5)","background-image":"","background-repeat":"repeat","background-position":"center center","background-size":"auto","background-attachment":"scroll","background-type":"","background-media":"","overlay-type":"","overlay-color":"","overlay-opacity":"","overlay-gradient":""},"tablet":{"background-color":"var(--ast-global-color-5)","background-image":"","background-repeat":"repeat","background-position":"center center","background-size":"auto","background-attachment":"scroll","background-type":"","background-media":"","overlay-type":"","overlay-color":"","overlay-opacity":"","overlay-gradient":""},"mobile":{"background-color":"var(--ast-global-color-5)","background-image":"","background-repeat":"repeat","background-position":"center center","background-size":"auto","background-attachment":"scroll","background-type":"","background-media":"","overlay-type":"","overlay-color":"","overlay-opacity":"","overlay-gradient":""}},"_jetpack_memberships_contains_paid_content":false,"footnotes":""},"categories":[6,17],"tags":[],"class_list":["post-4056","post","type-post","status-publish","format-standard","has-post-thumbnail","hentry","category-au-senat","category-relations-internationales"],"yoast_head":"<!-- This site is optimized with the Yoast SEO plugin v27.5 - https:\/\/yoast.com\/product\/yoast-seo-wordpress\/ -->\n<title>Mon d\u00e9placement en Palestine du 8 au 12 septembre 2025 -<\/title>\n<meta name=\"robots\" content=\"index, follow, max-snippet:-1, max-image-preview:large, max-video-preview:-1\" \/>\n<link rel=\"canonical\" href=\"https:\/\/pierrebarros.fr\/index.php\/2025\/09\/18\/mon-deplacement-en-palestine-du-8-au-12-septembre-2025\/\" \/>\n<meta property=\"og:locale\" content=\"fr_FR\" \/>\n<meta property=\"og:type\" content=\"article\" \/>\n<meta property=\"og:title\" content=\"Mon d\u00e9placement en Palestine du 8 au 12 septembre 2025 -\" \/>\n<meta property=\"og:description\" content=\"Du 8 au 12 septembre 2025, j\u2019ai eu l\u2019honneur de participer \u00e0 un d\u00e9placement parlementaire en Palestine dans le cadre [&hellip;]\" \/>\n<meta property=\"og:url\" content=\"https:\/\/pierrebarros.fr\/index.php\/2025\/09\/18\/mon-deplacement-en-palestine-du-8-au-12-septembre-2025\/\" \/>\n<meta property=\"article:published_time\" content=\"2025-09-18T09:02:50+00:00\" \/>\n<meta property=\"article:modified_time\" content=\"2026-02-19T15:23:21+00:00\" \/>\n<meta property=\"og:image\" content=\"https:\/\/pierrebarros.fr\/wp-content\/uploads\/2025\/09\/image-palestine-groupe.jpg\" \/>\n\t<meta property=\"og:image:width\" content=\"637\" \/>\n\t<meta property=\"og:image:height\" content=\"435\" \/>\n\t<meta property=\"og:image:type\" content=\"image\/jpeg\" \/>\n<meta name=\"author\" content=\"Stephanie\" \/>\n<meta name=\"twitter:card\" content=\"summary_large_image\" \/>\n<meta name=\"twitter:label1\" content=\"\u00c9crit par\" \/>\n\t<meta name=\"twitter:data1\" content=\"Stephanie\" \/>\n\t<meta name=\"twitter:label2\" content=\"Dur\u00e9e de lecture estim\u00e9e\" \/>\n\t<meta name=\"twitter:data2\" content=\"2 minutes\" \/>\n<script type=\"application\/ld+json\" class=\"yoast-schema-graph\">{\"@context\":\"https:\\\/\\\/schema.org\",\"@graph\":[{\"@type\":\"Article\",\"@id\":\"https:\\\/\\\/pierrebarros.fr\\\/index.php\\\/2025\\\/09\\\/18\\\/mon-deplacement-en-palestine-du-8-au-12-septembre-2025\\\/#article\",\"isPartOf\":{\"@id\":\"https:\\\/\\\/pierrebarros.fr\\\/index.php\\\/2025\\\/09\\\/18\\\/mon-deplacement-en-palestine-du-8-au-12-septembre-2025\\\/\"},\"author\":{\"name\":\"Stephanie\",\"@id\":\"https:\\\/\\\/pierrebarros.fr\\\/#\\\/schema\\\/person\\\/0669a80d309c762d2a40d3ae7accec5b\"},\"headline\":\"Mon d\u00e9placement en Palestine du 8 au 12 septembre 2025\",\"datePublished\":\"2025-09-18T09:02:50+00:00\",\"dateModified\":\"2026-02-19T15:23:21+00:00\",\"mainEntityOfPage\":{\"@id\":\"https:\\\/\\\/pierrebarros.fr\\\/index.php\\\/2025\\\/09\\\/18\\\/mon-deplacement-en-palestine-du-8-au-12-septembre-2025\\\/\"},\"wordCount\":364,\"image\":{\"@id\":\"https:\\\/\\\/pierrebarros.fr\\\/index.php\\\/2025\\\/09\\\/18\\\/mon-deplacement-en-palestine-du-8-au-12-septembre-2025\\\/#primaryimage\"},\"thumbnailUrl\":\"https:\\\/\\\/i0.wp.com\\\/pierrebarros.fr\\\/wp-content\\\/uploads\\\/2025\\\/09\\\/image-palestine-groupe.jpg?fit=637%2C435&ssl=1\",\"articleSection\":[\"Au S\u00e9nat\",\"Relations internationales\"],\"inLanguage\":\"fr-FR\"},{\"@type\":\"WebPage\",\"@id\":\"https:\\\/\\\/pierrebarros.fr\\\/index.php\\\/2025\\\/09\\\/18\\\/mon-deplacement-en-palestine-du-8-au-12-septembre-2025\\\/\",\"url\":\"https:\\\/\\\/pierrebarros.fr\\\/index.php\\\/2025\\\/09\\\/18\\\/mon-deplacement-en-palestine-du-8-au-12-septembre-2025\\\/\",\"name\":\"Mon d\u00e9placement en Palestine du 8 au 12 septembre 2025 -\",\"isPartOf\":{\"@id\":\"https:\\\/\\\/pierrebarros.fr\\\/#website\"},\"primaryImageOfPage\":{\"@id\":\"https:\\\/\\\/pierrebarros.fr\\\/index.php\\\/2025\\\/09\\\/18\\\/mon-deplacement-en-palestine-du-8-au-12-septembre-2025\\\/#primaryimage\"},\"image\":{\"@id\":\"https:\\\/\\\/pierrebarros.fr\\\/index.php\\\/2025\\\/09\\\/18\\\/mon-deplacement-en-palestine-du-8-au-12-septembre-2025\\\/#primaryimage\"},\"thumbnailUrl\":\"https:\\\/\\\/i0.wp.com\\\/pierrebarros.fr\\\/wp-content\\\/uploads\\\/2025\\\/09\\\/image-palestine-groupe.jpg?fit=637%2C435&ssl=1\",\"datePublished\":\"2025-09-18T09:02:50+00:00\",\"dateModified\":\"2026-02-19T15:23:21+00:00\",\"author\":{\"@id\":\"https:\\\/\\\/pierrebarros.fr\\\/#\\\/schema\\\/person\\\/0669a80d309c762d2a40d3ae7accec5b\"},\"breadcrumb\":{\"@id\":\"https:\\\/\\\/pierrebarros.fr\\\/index.php\\\/2025\\\/09\\\/18\\\/mon-deplacement-en-palestine-du-8-au-12-septembre-2025\\\/#breadcrumb\"},\"inLanguage\":\"fr-FR\",\"potentialAction\":[{\"@type\":\"ReadAction\",\"target\":[\"https:\\\/\\\/pierrebarros.fr\\\/index.php\\\/2025\\\/09\\\/18\\\/mon-deplacement-en-palestine-du-8-au-12-septembre-2025\\\/\"]}]},{\"@type\":\"ImageObject\",\"inLanguage\":\"fr-FR\",\"@id\":\"https:\\\/\\\/pierrebarros.fr\\\/index.php\\\/2025\\\/09\\\/18\\\/mon-deplacement-en-palestine-du-8-au-12-septembre-2025\\\/#primaryimage\",\"url\":\"https:\\\/\\\/i0.wp.com\\\/pierrebarros.fr\\\/wp-content\\\/uploads\\\/2025\\\/09\\\/image-palestine-groupe.jpg?fit=637%2C435&ssl=1\",\"contentUrl\":\"https:\\\/\\\/i0.wp.com\\\/pierrebarros.fr\\\/wp-content\\\/uploads\\\/2025\\\/09\\\/image-palestine-groupe.jpg?fit=637%2C435&ssl=1\",\"width\":637,\"height\":435},{\"@type\":\"BreadcrumbList\",\"@id\":\"https:\\\/\\\/pierrebarros.fr\\\/index.php\\\/2025\\\/09\\\/18\\\/mon-deplacement-en-palestine-du-8-au-12-septembre-2025\\\/#breadcrumb\",\"itemListElement\":[{\"@type\":\"ListItem\",\"position\":1,\"name\":\"Accueil\",\"item\":\"https:\\\/\\\/pierrebarros.fr\\\/\"},{\"@type\":\"ListItem\",\"position\":2,\"name\":\"Mon d\u00e9placement en Palestine du 8 au 12 septembre 2025\"}]},{\"@type\":\"WebSite\",\"@id\":\"https:\\\/\\\/pierrebarros.fr\\\/#website\",\"url\":\"https:\\\/\\\/pierrebarros.fr\\\/\",\"name\":\"\",\"description\":\"S\u00e9nateur du Val-d&#039;Oise\",\"potentialAction\":[{\"@type\":\"SearchAction\",\"target\":{\"@type\":\"EntryPoint\",\"urlTemplate\":\"https:\\\/\\\/pierrebarros.fr\\\/?s={search_term_string}\"},\"query-input\":{\"@type\":\"PropertyValueSpecification\",\"valueRequired\":true,\"valueName\":\"search_term_string\"}}],\"inLanguage\":\"fr-FR\"},{\"@type\":\"Person\",\"@id\":\"https:\\\/\\\/pierrebarros.fr\\\/#\\\/schema\\\/person\\\/0669a80d309c762d2a40d3ae7accec5b\",\"name\":\"Stephanie\",\"url\":\"https:\\\/\\\/pierrebarros.fr\\\/index.php\\\/author\\\/stephanie\\\/\"}]}<\/script>\n<!-- \/ Yoast SEO plugin. -->","yoast_head_json":{"title":"Mon d\u00e9placement en Palestine du 8 au 12 septembre 2025 -","robots":{"index":"index","follow":"follow","max-snippet":"max-snippet:-1","max-image-preview":"max-image-preview:large","max-video-preview":"max-video-preview:-1"},"canonical":"https:\/\/pierrebarros.fr\/index.php\/2025\/09\/18\/mon-deplacement-en-palestine-du-8-au-12-septembre-2025\/","og_locale":"fr_FR","og_type":"article","og_title":"Mon d\u00e9placement en Palestine du 8 au 12 septembre 2025 -","og_description":"Du 8 au 12 septembre 2025, j\u2019ai eu l\u2019honneur de participer \u00e0 un d\u00e9placement parlementaire en Palestine dans le cadre [&hellip;]","og_url":"https:\/\/pierrebarros.fr\/index.php\/2025\/09\/18\/mon-deplacement-en-palestine-du-8-au-12-septembre-2025\/","article_published_time":"2025-09-18T09:02:50+00:00","article_modified_time":"2026-02-19T15:23:21+00:00","og_image":[{"width":637,"height":435,"url":"https:\/\/pierrebarros.fr\/wp-content\/uploads\/2025\/09\/image-palestine-groupe.jpg","type":"image\/jpeg"}],"author":"Stephanie","twitter_card":"summary_large_image","twitter_misc":{"\u00c9crit par":"Stephanie","Dur\u00e9e de lecture estim\u00e9e":"2 minutes"},"schema":{"@context":"https:\/\/schema.org","@graph":[{"@type":"Article","@id":"https:\/\/pierrebarros.fr\/index.php\/2025\/09\/18\/mon-deplacement-en-palestine-du-8-au-12-septembre-2025\/#article","isPartOf":{"@id":"https:\/\/pierrebarros.fr\/index.php\/2025\/09\/18\/mon-deplacement-en-palestine-du-8-au-12-septembre-2025\/"},"author":{"name":"Stephanie","@id":"https:\/\/pierrebarros.fr\/#\/schema\/person\/0669a80d309c762d2a40d3ae7accec5b"},"headline":"Mon d\u00e9placement en Palestine du 8 au 12 septembre 2025","datePublished":"2025-09-18T09:02:50+00:00","dateModified":"2026-02-19T15:23:21+00:00","mainEntityOfPage":{"@id":"https:\/\/pierrebarros.fr\/index.php\/2025\/09\/18\/mon-deplacement-en-palestine-du-8-au-12-septembre-2025\/"},"wordCount":364,"image":{"@id":"https:\/\/pierrebarros.fr\/index.php\/2025\/09\/18\/mon-deplacement-en-palestine-du-8-au-12-septembre-2025\/#primaryimage"},"thumbnailUrl":"https:\/\/i0.wp.com\/pierrebarros.fr\/wp-content\/uploads\/2025\/09\/image-palestine-groupe.jpg?fit=637%2C435&ssl=1","articleSection":["Au S\u00e9nat","Relations internationales"],"inLanguage":"fr-FR"},{"@type":"WebPage","@id":"https:\/\/pierrebarros.fr\/index.php\/2025\/09\/18\/mon-deplacement-en-palestine-du-8-au-12-septembre-2025\/","url":"https:\/\/pierrebarros.fr\/index.php\/2025\/09\/18\/mon-deplacement-en-palestine-du-8-au-12-septembre-2025\/","name":"Mon d\u00e9placement en Palestine du 8 au 12 septembre 2025 -","isPartOf":{"@id":"https:\/\/pierrebarros.fr\/#website"},"primaryImageOfPage":{"@id":"https:\/\/pierrebarros.fr\/index.php\/2025\/09\/18\/mon-deplacement-en-palestine-du-8-au-12-septembre-2025\/#primaryimage"},"image":{"@id":"https:\/\/pierrebarros.fr\/index.php\/2025\/09\/18\/mon-deplacement-en-palestine-du-8-au-12-septembre-2025\/#primaryimage"},"thumbnailUrl":"https:\/\/i0.wp.com\/pierrebarros.fr\/wp-content\/uploads\/2025\/09\/image-palestine-groupe.jpg?fit=637%2C435&ssl=1","datePublished":"2025-09-18T09:02:50+00:00","dateModified":"2026-02-19T15:23:21+00:00","author":{"@id":"https:\/\/pierrebarros.fr\/#\/schema\/person\/0669a80d309c762d2a40d3ae7accec5b"},"breadcrumb":{"@id":"https:\/\/pierrebarros.fr\/index.php\/2025\/09\/18\/mon-deplacement-en-palestine-du-8-au-12-septembre-2025\/#breadcrumb"},"inLanguage":"fr-FR","potentialAction":[{"@type":"ReadAction","target":["https:\/\/pierrebarros.fr\/index.php\/2025\/09\/18\/mon-deplacement-en-palestine-du-8-au-12-septembre-2025\/"]}]},{"@type":"ImageObject","inLanguage":"fr-FR","@id":"https:\/\/pierrebarros.fr\/index.php\/2025\/09\/18\/mon-deplacement-en-palestine-du-8-au-12-septembre-2025\/#primaryimage","url":"https:\/\/i0.wp.com\/pierrebarros.fr\/wp-content\/uploads\/2025\/09\/image-palestine-groupe.jpg?fit=637%2C435&ssl=1","contentUrl":"https:\/\/i0.wp.com\/pierrebarros.fr\/wp-content\/uploads\/2025\/09\/image-palestine-groupe.jpg?fit=637%2C435&ssl=1","width":637,"height":435},{"@type":"BreadcrumbList","@id":"https:\/\/pierrebarros.fr\/index.php\/2025\/09\/18\/mon-deplacement-en-palestine-du-8-au-12-septembre-2025\/#breadcrumb","itemListElement":[{"@type":"ListItem","position":1,"name":"Accueil","item":"https:\/\/pierrebarros.fr\/"},{"@type":"ListItem","position":2,"name":"Mon d\u00e9placement en Palestine du 8 au 12 septembre 2025"}]},{"@type":"WebSite","@id":"https:\/\/pierrebarros.fr\/#website","url":"https:\/\/pierrebarros.fr\/","name":"","description":"S\u00e9nateur du Val-d&#039;Oise","potentialAction":[{"@type":"SearchAction","target":{"@type":"EntryPoint","urlTemplate":"https:\/\/pierrebarros.fr\/?s={search_term_string}"},"query-input":{"@type":"PropertyValueSpecification","valueRequired":true,"valueName":"search_term_string"}}],"inLanguage":"fr-FR"},{"@type":"Person","@id":"https:\/\/pierrebarros.fr\/#\/schema\/person\/0669a80d309c762d2a40d3ae7accec5b","name":"Stephanie","url":"https:\/\/pierrebarros.fr\/index.php\/author\/stephanie\/"}]}},"jetpack_featured_media_url":"https:\/\/i0.wp.com\/pierrebarros.fr\/wp-content\/uploads\/2025\/09\/image-palestine-groupe.jpg?fit=637%2C435&ssl=1","jetpack-related-posts":[],"jetpack_sharing_enabled":true,"_links":{"self":[{"href":"https:\/\/pierrebarros.fr\/index.php\/wp-json\/wp\/v2\/posts\/4056","targetHints":{"allow":["GET"]}}],"collection":[{"href":"https:\/\/pierrebarros.fr\/index.php\/wp-json\/wp\/v2\/posts"}],"about":[{"href":"https:\/\/pierrebarros.fr\/index.php\/wp-json\/wp\/v2\/types\/post"}],"author":[{"embeddable":true,"href":"https:\/\/pierrebarros.fr\/index.php\/wp-json\/wp\/v2\/users\/4"}],"replies":[{"embeddable":true,"href":"https:\/\/pierrebarros.fr\/index.php\/wp-json\/wp\/v2\/comments?post=4056"}],"version-history":[{"count":2,"href":"https:\/\/pierrebarros.fr\/index.php\/wp-json\/wp\/v2\/posts\/4056\/revisions"}],"predecessor-version":[{"id":4059,"href":"https:\/\/pierrebarros.fr\/index.php\/wp-json\/wp\/v2\/posts\/4056\/revisions\/4059"}],"wp:featuredmedia":[{"embeddable":true,"href":"https:\/\/pierrebarros.fr\/index.php\/wp-json\/wp\/v2\/media\/4057"}],"wp:attachment":[{"href":"https:\/\/pierrebarros.fr\/index.php\/wp-json\/wp\/v2\/media?parent=4056"}],"wp:term":[{"taxonomy":"category","embeddable":true,"href":"https:\/\/pierrebarros.fr\/index.php\/wp-json\/wp\/v2\/categories?post=4056"},{"taxonomy":"post_tag","embeddable":true,"href":"https:\/\/pierrebarros.fr\/index.php\/wp-json\/wp\/v2\/tags?post=4056"}],"curies":[{"name":"wp","href":"https:\/\/api.w.org\/{rel}","templated":true}]}}