{"id":4053,"date":"2025-09-12T09:44:59","date_gmt":"2025-09-12T07:44:59","guid":{"rendered":"https:\/\/pierrebarros.fr\/?p=4053"},"modified":"2026-02-19T16:23:21","modified_gmt":"2026-02-19T15:23:21","slug":"a-vos-cotes-retour-en-bref-et-en-images-juillet-aout-2025","status":"publish","type":"post","link":"https:\/\/pierrebarros.fr\/index.php\/2025\/09\/12\/a-vos-cotes-retour-en-bref-et-en-images-juillet-aout-2025\/","title":{"rendered":"A vos c\u00f4t\u00e9s &#8211; Retour en bref et en images &#8211; Juillet\/Ao\u00fbt 2025"},"content":{"rendered":"\n<h4 class=\"wp-block-heading\">Ce mois d\u2019Ao\u00fbt 2025 a \u00e9t\u00e9 marqu\u00e9, en ce qui me concerne , par une pause estivale suivie d\u2019une rentr\u00e9e charg\u00e9e \u00e0 l\u2019image de celle des \u00e9lus locaux\u00a0qui organisent la nouvelle ann\u00e9e scolaire et extrascolaire pour petits et grands. Ce retour en bref et en images sera donc plus court que les pr\u00e9c\u00e9dents, mais il n\u2019en fut pas moins intense\u00a0! C\u2019est donc en bref et en images que je reviens ici sur ce mois d\u2019Ao\u00fbt 2025. Bonne lecture\u00a0! Et bonne rentr\u00e9e \u00e0 tous\u00a0!<\/h4>\n\n\n\n<p><strong>Pause estivale, du 26 juillet au 11 ao\u00fbt 2025<\/strong><\/p>\n\n\n\n<p>Une fois n\u2019est pas coutume, voici quelques mots sur ma pause estivale d\u2019ao\u00fbt 2025.<\/p>\n\n\n\n<p>Tout d\u2019abord, j\u2019ai pass\u00e9 quelques jours en Normandie pour retrouver ma famille et prendre le temps de dire au revoir \u00e0 mon p\u00e8re parti il y a quelques mois. En famille, nous avons dispers\u00e9 ses cendres sur cette terre qu\u2019il ch\u00e9rissait tant. Ce fut une grande \u00e9motion de participer \u00e0 l\u2019inauguration d\u2019une place \u00ab Jean BARROS \u00bb, en m\u00e9moire de mon p\u00e8re, \u00e0 Barneville-Carteret, avec la municipalit\u00e9, ses amis, mais aussi mes coll\u00e8gues s\u00e9nateurs de ce beau d\u00e9partement de la Manche B\u00e9atrice Gosselin et S\u00e9bastien Fagnen, S\u00e9nateur de la Manche.<\/p>\n\n\n\n<p>Cette reconnaissance vient r\u00e9compenser son travail et son engagement. Il aurait \u00e9t\u00e9 particuli\u00e8rement \u00e9mu de ce geste si symbolique. Je tiens \u00e0 remercier toutes les personnes qui m\u2019ont adress\u00e9 une marque de sympathie en ces moments douloureux.<\/p>\n\n\n\n<p>J\u2019ai donc pris le temps de passer du temps avec mes proches en cette pause estivale, pour revenir pr\u00eat en cette rentr\u00e9e qui s\u2019annon\u00e7ait d\u00e9j\u00e0 \u00e0 l\u2019\u00e9poque tout aussi mouvement\u00e9e que passionnante !<\/p>\n\n\n\n<figure class=\"wp-block-gallery has-nested-images columns-default is-cropped wp-block-gallery-1 is-layout-flex wp-block-gallery-is-layout-flex\">\n<figure class=\"wp-block-image size-large\"><img data-recalc-dims=\"1\" fetchpriority=\"high\" decoding=\"async\" width=\"1024\" height=\"768\" data-id=\"4042\" src=\"https:\/\/i0.wp.com\/pierrebarros.fr\/wp-content\/uploads\/2025\/09\/17.jpg?resize=1024%2C768&#038;ssl=1\" alt=\"\" class=\"wp-image-4042\" srcset=\"https:\/\/i0.wp.com\/pierrebarros.fr\/wp-content\/uploads\/2025\/09\/17.jpg?resize=1024%2C768&amp;ssl=1 1024w, https:\/\/i0.wp.com\/pierrebarros.fr\/wp-content\/uploads\/2025\/09\/17.jpg?resize=300%2C225&amp;ssl=1 300w, https:\/\/i0.wp.com\/pierrebarros.fr\/wp-content\/uploads\/2025\/09\/17.jpg?resize=768%2C576&amp;ssl=1 768w, https:\/\/i0.wp.com\/pierrebarros.fr\/wp-content\/uploads\/2025\/09\/17.jpg?resize=1536%2C1152&amp;ssl=1 1536w, https:\/\/i0.wp.com\/pierrebarros.fr\/wp-content\/uploads\/2025\/09\/17.jpg?w=1600&amp;ssl=1 1600w\" sizes=\"(max-width: 1000px) 100vw, 1000px\" \/><\/figure>\n\n\n\n<figure class=\"wp-block-image size-large\"><img data-recalc-dims=\"1\" decoding=\"async\" width=\"1024\" height=\"768\" data-id=\"4030\" src=\"https:\/\/i0.wp.com\/pierrebarros.fr\/wp-content\/uploads\/2025\/09\/5-1.jpg?resize=1024%2C768&#038;ssl=1\" alt=\"\" class=\"wp-image-4030\" srcset=\"https:\/\/i0.wp.com\/pierrebarros.fr\/wp-content\/uploads\/2025\/09\/5-1.jpg?resize=1024%2C768&amp;ssl=1 1024w, https:\/\/i0.wp.com\/pierrebarros.fr\/wp-content\/uploads\/2025\/09\/5-1.jpg?resize=300%2C225&amp;ssl=1 300w, https:\/\/i0.wp.com\/pierrebarros.fr\/wp-content\/uploads\/2025\/09\/5-1.jpg?resize=768%2C576&amp;ssl=1 768w, https:\/\/i0.wp.com\/pierrebarros.fr\/wp-content\/uploads\/2025\/09\/5-1.jpg?w=1440&amp;ssl=1 1440w\" sizes=\"(max-width: 1000px) 100vw, 1000px\" \/><\/figure>\n\n\n\n<figure class=\"wp-block-image size-large\"><img data-recalc-dims=\"1\" decoding=\"async\" width=\"768\" height=\"1024\" data-id=\"4034\" src=\"https:\/\/i0.wp.com\/pierrebarros.fr\/wp-content\/uploads\/2025\/09\/9.jpg?resize=768%2C1024&#038;ssl=1\" alt=\"\" class=\"wp-image-4034\" srcset=\"https:\/\/i0.wp.com\/pierrebarros.fr\/wp-content\/uploads\/2025\/09\/9.jpg?resize=768%2C1024&amp;ssl=1 768w, https:\/\/i0.wp.com\/pierrebarros.fr\/wp-content\/uploads\/2025\/09\/9.jpg?resize=225%2C300&amp;ssl=1 225w, https:\/\/i0.wp.com\/pierrebarros.fr\/wp-content\/uploads\/2025\/09\/9.jpg?resize=1152%2C1536&amp;ssl=1 1152w, https:\/\/i0.wp.com\/pierrebarros.fr\/wp-content\/uploads\/2025\/09\/9.jpg?w=1200&amp;ssl=1 1200w\" sizes=\"(max-width: 768px) 100vw, 768px\" \/><\/figure>\n\n\n\n<figure class=\"wp-block-image size-large\"><img data-recalc-dims=\"1\" loading=\"lazy\" decoding=\"async\" width=\"1024\" height=\"768\" data-id=\"4031\" src=\"https:\/\/i0.wp.com\/pierrebarros.fr\/wp-content\/uploads\/2025\/09\/6-1.jpg?resize=1024%2C768&#038;ssl=1\" alt=\"\" class=\"wp-image-4031\" srcset=\"https:\/\/i0.wp.com\/pierrebarros.fr\/wp-content\/uploads\/2025\/09\/6-1.jpg?resize=1024%2C768&amp;ssl=1 1024w, https:\/\/i0.wp.com\/pierrebarros.fr\/wp-content\/uploads\/2025\/09\/6-1.jpg?resize=300%2C225&amp;ssl=1 300w, https:\/\/i0.wp.com\/pierrebarros.fr\/wp-content\/uploads\/2025\/09\/6-1.jpg?resize=768%2C576&amp;ssl=1 768w, https:\/\/i0.wp.com\/pierrebarros.fr\/wp-content\/uploads\/2025\/09\/6-1.jpg?w=1440&amp;ssl=1 1440w\" sizes=\"(max-width: 1000px) 100vw, 1000px\" \/><\/figure>\n\n\n\n<figure class=\"wp-block-image size-large\"><img data-recalc-dims=\"1\" loading=\"lazy\" decoding=\"async\" width=\"768\" height=\"1024\" data-id=\"4033\" src=\"https:\/\/i0.wp.com\/pierrebarros.fr\/wp-content\/uploads\/2025\/09\/8.jpg?resize=768%2C1024&#038;ssl=1\" alt=\"\" class=\"wp-image-4033\" srcset=\"https:\/\/i0.wp.com\/pierrebarros.fr\/wp-content\/uploads\/2025\/09\/8.jpg?resize=768%2C1024&amp;ssl=1 768w, https:\/\/i0.wp.com\/pierrebarros.fr\/wp-content\/uploads\/2025\/09\/8.jpg?resize=225%2C300&amp;ssl=1 225w, https:\/\/i0.wp.com\/pierrebarros.fr\/wp-content\/uploads\/2025\/09\/8.jpg?resize=1152%2C1536&amp;ssl=1 1152w, https:\/\/i0.wp.com\/pierrebarros.fr\/wp-content\/uploads\/2025\/09\/8.jpg?w=1200&amp;ssl=1 1200w\" sizes=\"(max-width: 768px) 100vw, 768px\" \/><\/figure>\n\n\n\n<figure class=\"wp-block-image size-large\"><img data-recalc-dims=\"1\" loading=\"lazy\" decoding=\"async\" width=\"768\" height=\"1024\" data-id=\"4039\" src=\"https:\/\/i0.wp.com\/pierrebarros.fr\/wp-content\/uploads\/2025\/09\/14.jpg?resize=768%2C1024&#038;ssl=1\" alt=\"\" class=\"wp-image-4039\" srcset=\"https:\/\/i0.wp.com\/pierrebarros.fr\/wp-content\/uploads\/2025\/09\/14.jpg?resize=768%2C1024&amp;ssl=1 768w, https:\/\/i0.wp.com\/pierrebarros.fr\/wp-content\/uploads\/2025\/09\/14.jpg?resize=225%2C300&amp;ssl=1 225w, https:\/\/i0.wp.com\/pierrebarros.fr\/wp-content\/uploads\/2025\/09\/14.jpg?resize=1152%2C1536&amp;ssl=1 1152w, https:\/\/i0.wp.com\/pierrebarros.fr\/wp-content\/uploads\/2025\/09\/14.jpg?w=1200&amp;ssl=1 1200w\" sizes=\"(max-width: 768px) 100vw, 768px\" \/><\/figure>\n<\/figure>\n\n\n\n<p><strong>Dans la presse, le 20 Ao\u00fbt 2025<\/strong><\/p>\n\n\n\n<p>Le 20 ao\u00fbt, dans la presse, \u00e9taient relay\u00e9s de nombreux articles faisant r\u00e9f\u00e9rence au d\u00e9p\u00f4t de plainte la veille de Monsieur le Pr\u00e9fet du Val d\u2019Oise Philippe Court, \u00e0 l\u2019encontre d\u2019Aur\u00e9lien T\u00e2ch\u00e9, d\u00e9put\u00e9 de la 10<sup>\u00e8me<\/sup> circonscription du Val d\u2019Oise pour une publication qualifi\u00e9e de \u00ab&nbsp;diffamatoire et injurieuse envers les policiers du Val d\u2019Oise&nbsp;\u00bb, Monsieur T\u00e2ch\u00e9 ayant \u00e9crit le tweet suivant&nbsp;: <em>\u00ab&nbsp;La police tue partout. Dans le Val-d&rsquo;Oise ou je suis \u00e9lu, comme dans les Deux-S\u00e8vres ou j&rsquo;ai grandi. Pens\u00e9es \u00e0 Gabriel et sa famille et bravo \u00e0 ceux qui se battent pour sa m\u00e9moire&nbsp;\u00bb, <\/em>comme le pr\u00e9cise l\u2019article suivant&nbsp;:<\/p>\n\n\n\n<p><a href=\"https:\/\/actu.fr\/ile-de-france\/cergy_95127\/la-police-tue-partout-le-depute-tache-cible-par-une-plainte-du-prefet-du-val-doise-pour-un-post-sur-x_63052507.html?fbclid=IwY2xjawMxBu5leHRuA2FlbQIxMQABHoPWtTTUCTTjoliyY7mNVJn5rmAZkbAnMrh9ETm8xbuQC2PPwQGLutuBYCu8_aem_k56svbJ6-fMh5ldZVDGl1Q\">https:\/\/actu.fr\/ile-de-france\/cergy_95127\/la-police-tue-partout-le-depute-tache-cible-par-une-plainte-du-prefet-du-val-doise-pour-un-post-sur-x_63052507.html?fbclid=IwY2xjawMxBu5leHRuA2FlbQIxMQABHoPWtTTUCTTjoliyY7mNVJn5rmAZkbAnMrh9ETm8xbuQC2PPwQGLutuBYCu8_aem_k56svbJ6-fMh5ldZVDGl1Q<\/a><\/p>\n\n\n\n<p>Je tenais ici \u00e0 publier ma prise de parole \u00e0 cet effet dans son int\u00e9gralit\u00e9, puisque certains passages ont \u00e9t\u00e9 repris dans la presse. Retrouvez ici ma r\u00e9action \u00e0 cette annonce&nbsp;:<\/p>\n\n\n\n<p>\u00ab La police \u00bb, ce sont des femmes et des hommes qui constituent le service public.<\/p>\n\n\n\n<p>Dans notre quotidien d\u2019\u00e9lu local, ces femmes et ces hommes sont nos partenaires et surtout des acteurs essentiels pour la s\u00e9curit\u00e9 des habitants, dans nos villages et dans nos villes.<\/p>\n\n\n\n<p>Nous sommes \u00e0 leurs c\u00f4t\u00e9s.<\/p>\n\n\n\n<p>Dire que \u00ab La police tue partout \u00bb, c\u2019est un effet de style dangereux. Dans la langue fran\u00e7aise, on utilise souvent cet effet de style \u00e0 travers certaines expressions comme : \u00ab boire un verre \u00bb, \u00ab manger un plat \u00bb, \u00ab boire une bouteille \u00bb\u2026ce qui permet une repr\u00e9sentation imag\u00e9e que tout le monde comprend.<\/p>\n\n\n\n<p>Que signifie donc \u00ab La police tue partout \u00bb ? Sauf \u00e0 d\u00e9valoriser l\u2019Institution, \u00e0 d\u00e9valoriser ces femmes et ces hommes qui constituent notre service public et qui font vivre l\u2019Etat de droit, cela ne signifie rien.<\/p>\n\n\n\n<p>Aussi, dire que \u00ab La police tue partout \u00bb, c\u2019est inacceptable et c\u2019est faux. Cette fa\u00e7on de faire de la politique est nuisible, et elle est nuisible \u00e0 tous nos combats.<\/p>\n\n\n\n<p>Je soutiens ces femmes et ces hommes engag\u00e9s dans notre service public.<\/p>\n\n\n\n<p><strong>Sannois, le 26 ao\u00fbt 2025, comm\u00e9moration du 81<sup>\u00e8me<\/sup>&nbsp;anniversaire de la lib\u00e9ration de Sannois<\/strong><\/p>\n\n\n\n<p>Je tiens \u00e0 remercier Monsieur le Maire Bernard Jamet, le conseil municipal et les Pr\u00e9sidents des associations patriotiques de Sannois pour cette invitation \u00e0 ce moment de recueillement. Je ne cesse de l\u2019\u00e9crire, mais ces moments sont des instants de vie partag\u00e9s essentiels pour honorer les femmes et les hommes engag\u00e9s dans la r\u00e9sistance. C\u2019est notre devoir de m\u00e9moire.<\/p>\n\n\n\n<figure class=\"wp-block-gallery has-nested-images columns-default is-cropped wp-block-gallery-2 is-layout-flex wp-block-gallery-is-layout-flex\">\n<figure class=\"wp-block-image size-large\"><img data-recalc-dims=\"1\" loading=\"lazy\" decoding=\"async\" width=\"1024\" height=\"768\" data-id=\"4046\" src=\"https:\/\/i0.wp.com\/pierrebarros.fr\/wp-content\/uploads\/2025\/09\/Sannois5.jpg?resize=1024%2C768&#038;ssl=1\" alt=\"\" class=\"wp-image-4046\" srcset=\"https:\/\/i0.wp.com\/pierrebarros.fr\/wp-content\/uploads\/2025\/09\/Sannois5.jpg?resize=1024%2C768&amp;ssl=1 1024w, https:\/\/i0.wp.com\/pierrebarros.fr\/wp-content\/uploads\/2025\/09\/Sannois5.jpg?resize=300%2C225&amp;ssl=1 300w, https:\/\/i0.wp.com\/pierrebarros.fr\/wp-content\/uploads\/2025\/09\/Sannois5.jpg?resize=768%2C576&amp;ssl=1 768w, https:\/\/i0.wp.com\/pierrebarros.fr\/wp-content\/uploads\/2025\/09\/Sannois5.jpg?resize=1536%2C1152&amp;ssl=1 1536w, https:\/\/i0.wp.com\/pierrebarros.fr\/wp-content\/uploads\/2025\/09\/Sannois5.jpg?w=2048&amp;ssl=1 2048w\" sizes=\"(max-width: 1000px) 100vw, 1000px\" \/><\/figure>\n\n\n\n<figure class=\"wp-block-image size-large\"><img data-recalc-dims=\"1\" loading=\"lazy\" decoding=\"async\" width=\"1024\" height=\"768\" data-id=\"4047\" src=\"https:\/\/i0.wp.com\/pierrebarros.fr\/wp-content\/uploads\/2025\/09\/Sannois6.jpg?resize=1024%2C768&#038;ssl=1\" alt=\"\" class=\"wp-image-4047\" srcset=\"https:\/\/i0.wp.com\/pierrebarros.fr\/wp-content\/uploads\/2025\/09\/Sannois6.jpg?resize=1024%2C768&amp;ssl=1 1024w, https:\/\/i0.wp.com\/pierrebarros.fr\/wp-content\/uploads\/2025\/09\/Sannois6.jpg?resize=300%2C225&amp;ssl=1 300w, https:\/\/i0.wp.com\/pierrebarros.fr\/wp-content\/uploads\/2025\/09\/Sannois6.jpg?resize=768%2C576&amp;ssl=1 768w, https:\/\/i0.wp.com\/pierrebarros.fr\/wp-content\/uploads\/2025\/09\/Sannois6.jpg?resize=1536%2C1152&amp;ssl=1 1536w, https:\/\/i0.wp.com\/pierrebarros.fr\/wp-content\/uploads\/2025\/09\/Sannois6.jpg?w=2048&amp;ssl=1 2048w\" sizes=\"(max-width: 1000px) 100vw, 1000px\" \/><\/figure>\n\n\n\n<figure class=\"wp-block-image size-large\"><img data-recalc-dims=\"1\" loading=\"lazy\" decoding=\"async\" width=\"1024\" height=\"768\" data-id=\"4043\" src=\"https:\/\/i0.wp.com\/pierrebarros.fr\/wp-content\/uploads\/2025\/09\/sannois2.jpg?resize=1024%2C768&#038;ssl=1\" alt=\"\" class=\"wp-image-4043\" srcset=\"https:\/\/i0.wp.com\/pierrebarros.fr\/wp-content\/uploads\/2025\/09\/sannois2.jpg?resize=1024%2C768&amp;ssl=1 1024w, https:\/\/i0.wp.com\/pierrebarros.fr\/wp-content\/uploads\/2025\/09\/sannois2.jpg?resize=300%2C225&amp;ssl=1 300w, https:\/\/i0.wp.com\/pierrebarros.fr\/wp-content\/uploads\/2025\/09\/sannois2.jpg?resize=768%2C576&amp;ssl=1 768w, https:\/\/i0.wp.com\/pierrebarros.fr\/wp-content\/uploads\/2025\/09\/sannois2.jpg?resize=1536%2C1152&amp;ssl=1 1536w, https:\/\/i0.wp.com\/pierrebarros.fr\/wp-content\/uploads\/2025\/09\/sannois2.jpg?w=1600&amp;ssl=1 1600w\" sizes=\"(max-width: 1000px) 100vw, 1000px\" \/><\/figure>\n<\/figure>\n\n\n\n<p><strong>Cergy, le 26 ao\u00fbt 2025, Inauguration de la Plaine des Sports des Gr\u00e8s<\/strong><\/p>\n\n\n\n<p>A l\u2019invitation de Monsieur le Maire de la ville de Cergy, Jean-Paul Jeandon, que je remercie, j\u2019ai assist\u00e9 \u00e0 l\u2019Inauguration de la Plaine des Sports des Gr\u00e8s. Au c\u0153ur de Cergy, ce city stade propose deux terrains de basket, des tables de teqball, deux terrains de p\u00e9tanque et un terrain de football. Un bel exemple d\u2019\u00e9quipement qui permet aux jeunes et moins jeunes de se retrouver autour du jeu : Bravo pour cette initiative dont nous avons tant besoin !<\/p>\n\n\n\n<figure class=\"wp-block-gallery has-nested-images columns-default is-cropped wp-block-gallery-3 is-layout-flex wp-block-gallery-is-layout-flex\">\n<figure class=\"wp-block-image size-large\"><img data-recalc-dims=\"1\" loading=\"lazy\" decoding=\"async\" width=\"1024\" height=\"683\" data-id=\"4004\" src=\"https:\/\/i0.wp.com\/pierrebarros.fr\/wp-content\/uploads\/2025\/09\/Plaine-des-sports-Cergy4.jpg?resize=1024%2C683&#038;ssl=1\" alt=\"\" class=\"wp-image-4004\" srcset=\"https:\/\/i0.wp.com\/pierrebarros.fr\/wp-content\/uploads\/2025\/09\/Plaine-des-sports-Cergy4.jpg?resize=1024%2C683&amp;ssl=1 1024w, https:\/\/i0.wp.com\/pierrebarros.fr\/wp-content\/uploads\/2025\/09\/Plaine-des-sports-Cergy4.jpg?resize=300%2C200&amp;ssl=1 300w, https:\/\/i0.wp.com\/pierrebarros.fr\/wp-content\/uploads\/2025\/09\/Plaine-des-sports-Cergy4.jpg?resize=768%2C512&amp;ssl=1 768w, https:\/\/i0.wp.com\/pierrebarros.fr\/wp-content\/uploads\/2025\/09\/Plaine-des-sports-Cergy4.jpg?resize=1536%2C1024&amp;ssl=1 1536w, https:\/\/i0.wp.com\/pierrebarros.fr\/wp-content\/uploads\/2025\/09\/Plaine-des-sports-Cergy4.jpg?w=1600&amp;ssl=1 1600w\" sizes=\"(max-width: 1000px) 100vw, 1000px\" \/><\/figure>\n\n\n\n<figure class=\"wp-block-image size-large\"><img data-recalc-dims=\"1\" loading=\"lazy\" decoding=\"async\" width=\"1024\" height=\"768\" data-id=\"4001\" src=\"https:\/\/i0.wp.com\/pierrebarros.fr\/wp-content\/uploads\/2025\/09\/Plaine-des-sports-Cergy.jpg?resize=1024%2C768&#038;ssl=1\" alt=\"\" class=\"wp-image-4001\" srcset=\"https:\/\/i0.wp.com\/pierrebarros.fr\/wp-content\/uploads\/2025\/09\/Plaine-des-sports-Cergy.jpg?resize=1024%2C768&amp;ssl=1 1024w, https:\/\/i0.wp.com\/pierrebarros.fr\/wp-content\/uploads\/2025\/09\/Plaine-des-sports-Cergy.jpg?resize=300%2C225&amp;ssl=1 300w, https:\/\/i0.wp.com\/pierrebarros.fr\/wp-content\/uploads\/2025\/09\/Plaine-des-sports-Cergy.jpg?resize=768%2C576&amp;ssl=1 768w, https:\/\/i0.wp.com\/pierrebarros.fr\/wp-content\/uploads\/2025\/09\/Plaine-des-sports-Cergy.jpg?resize=1536%2C1152&amp;ssl=1 1536w, https:\/\/i0.wp.com\/pierrebarros.fr\/wp-content\/uploads\/2025\/09\/Plaine-des-sports-Cergy.jpg?w=1600&amp;ssl=1 1600w\" sizes=\"(max-width: 1000px) 100vw, 1000px\" \/><\/figure>\n\n\n\n<figure class=\"wp-block-image size-large\"><img data-recalc-dims=\"1\" loading=\"lazy\" decoding=\"async\" width=\"1024\" height=\"768\" data-id=\"4003\" src=\"https:\/\/i0.wp.com\/pierrebarros.fr\/wp-content\/uploads\/2025\/09\/Plaine-des-sports-Cergy3.jpg?resize=1024%2C768&#038;ssl=1\" alt=\"\" class=\"wp-image-4003\" srcset=\"https:\/\/i0.wp.com\/pierrebarros.fr\/wp-content\/uploads\/2025\/09\/Plaine-des-sports-Cergy3.jpg?resize=1024%2C768&amp;ssl=1 1024w, https:\/\/i0.wp.com\/pierrebarros.fr\/wp-content\/uploads\/2025\/09\/Plaine-des-sports-Cergy3.jpg?resize=300%2C225&amp;ssl=1 300w, https:\/\/i0.wp.com\/pierrebarros.fr\/wp-content\/uploads\/2025\/09\/Plaine-des-sports-Cergy3.jpg?resize=768%2C576&amp;ssl=1 768w, https:\/\/i0.wp.com\/pierrebarros.fr\/wp-content\/uploads\/2025\/09\/Plaine-des-sports-Cergy3.jpg?resize=1536%2C1152&amp;ssl=1 1536w, https:\/\/i0.wp.com\/pierrebarros.fr\/wp-content\/uploads\/2025\/09\/Plaine-des-sports-Cergy3.jpg?w=1600&amp;ssl=1 1600w\" sizes=\"(max-width: 1000px) 100vw, 1000px\" \/><\/figure>\n<\/figure>\n\n\n\n<p><strong>Fosses, le 27 ao\u00fbt 2025&nbsp;: rentr\u00e9e scolaire&nbsp;: les \u00e9lus locaux et le service public dans les starting-blocks&nbsp;!<\/strong><\/p>\n\n\n\n<p>A Fosses, comme ailleurs en Val d\u2019Oise et dans toutes les villes et villages de France, les \u00e9lus locaux et les services publics \u00e9taient sur le pont ! Tout le monde s\u2019appr\u00eatait \u00e0 cette date \u00e0 accueillir les petits et grands pour cette nouvelle ann\u00e9e scolaire.<\/p>\n\n\n\n<p>Comme chaque \u00e9t\u00e9, les communes ont profit\u00e9 de la p\u00e9riode estivale pour r\u00e9aliser de nombreux travaux dans les \u00e9coles et dans les \u00e9quipements sportifs et culturels.<\/p>\n\n\n\n<p>Ces interventions permettent d\u2019accueillir les \u00e9l\u00e8ves dans les meilleures conditions possibles. La seule crainte perceptible pour la rentr\u00e9e&nbsp;: celle de la p\u00e9nurie d\u2019animateurs pour assurer les temps p\u00e9riscolaires dans de nombreux territoires. La fonction publique territoriale est de moins en moins attractive et peine \u00e0 recruter des agents : il faut dire que le discours ambiant de certains politiques n\u2019aide pas \u00e0 rendre la fonction publique attractive. Cela s\u2019en ressent tr\u00e8s fortement dans nos villes et nos villages. Il faut une vraie r\u00e9forme des carri\u00e8res et des r\u00e9mun\u00e9rations dans la fonction publique.<\/p>\n\n\n\n<p>Je tenais \u00e0 remercier sinc\u00e8rement les \u00e9lus, les services et les enseignants pour leur mobilisation et pour leur d\u00e9termination \u00e0 faire vivre le service public, co\u00fbte que co\u00fbte&nbsp;!<\/p>\n\n\n\n<figure class=\"wp-block-gallery has-nested-images columns-default is-cropped wp-block-gallery-4 is-layout-flex wp-block-gallery-is-layout-flex\">\n<figure class=\"wp-block-image size-large\"><img data-recalc-dims=\"1\" loading=\"lazy\" decoding=\"async\" width=\"1024\" height=\"768\" data-id=\"4000\" src=\"https:\/\/i0.wp.com\/pierrebarros.fr\/wp-content\/uploads\/2025\/09\/7.jpg?resize=1024%2C768&#038;ssl=1\" alt=\"\" class=\"wp-image-4000\" srcset=\"https:\/\/i0.wp.com\/pierrebarros.fr\/wp-content\/uploads\/2025\/09\/7.jpg?resize=1024%2C768&amp;ssl=1 1024w, https:\/\/i0.wp.com\/pierrebarros.fr\/wp-content\/uploads\/2025\/09\/7.jpg?resize=300%2C225&amp;ssl=1 300w, https:\/\/i0.wp.com\/pierrebarros.fr\/wp-content\/uploads\/2025\/09\/7.jpg?resize=768%2C576&amp;ssl=1 768w, https:\/\/i0.wp.com\/pierrebarros.fr\/wp-content\/uploads\/2025\/09\/7.jpg?resize=1536%2C1152&amp;ssl=1 1536w, https:\/\/i0.wp.com\/pierrebarros.fr\/wp-content\/uploads\/2025\/09\/7.jpg?w=1600&amp;ssl=1 1600w\" sizes=\"(max-width: 1000px) 100vw, 1000px\" \/><\/figure>\n\n\n\n<figure class=\"wp-block-image size-large\"><img data-recalc-dims=\"1\" loading=\"lazy\" decoding=\"async\" width=\"1024\" height=\"768\" data-id=\"3999\" src=\"https:\/\/i0.wp.com\/pierrebarros.fr\/wp-content\/uploads\/2025\/09\/6.jpg?resize=1024%2C768&#038;ssl=1\" alt=\"\" class=\"wp-image-3999\" srcset=\"https:\/\/i0.wp.com\/pierrebarros.fr\/wp-content\/uploads\/2025\/09\/6.jpg?resize=1024%2C768&amp;ssl=1 1024w, https:\/\/i0.wp.com\/pierrebarros.fr\/wp-content\/uploads\/2025\/09\/6.jpg?resize=300%2C225&amp;ssl=1 300w, https:\/\/i0.wp.com\/pierrebarros.fr\/wp-content\/uploads\/2025\/09\/6.jpg?resize=768%2C576&amp;ssl=1 768w, https:\/\/i0.wp.com\/pierrebarros.fr\/wp-content\/uploads\/2025\/09\/6.jpg?resize=1536%2C1152&amp;ssl=1 1536w, https:\/\/i0.wp.com\/pierrebarros.fr\/wp-content\/uploads\/2025\/09\/6.jpg?w=1600&amp;ssl=1 1600w\" sizes=\"(max-width: 1000px) 100vw, 1000px\" \/><\/figure>\n\n\n\n<figure class=\"wp-block-image size-large\"><img data-recalc-dims=\"1\" loading=\"lazy\" decoding=\"async\" width=\"1024\" height=\"768\" data-id=\"3998\" src=\"https:\/\/i0.wp.com\/pierrebarros.fr\/wp-content\/uploads\/2025\/09\/5.jpg?resize=1024%2C768&#038;ssl=1\" alt=\"\" class=\"wp-image-3998\" srcset=\"https:\/\/i0.wp.com\/pierrebarros.fr\/wp-content\/uploads\/2025\/09\/5.jpg?resize=1024%2C768&amp;ssl=1 1024w, https:\/\/i0.wp.com\/pierrebarros.fr\/wp-content\/uploads\/2025\/09\/5.jpg?resize=300%2C225&amp;ssl=1 300w, https:\/\/i0.wp.com\/pierrebarros.fr\/wp-content\/uploads\/2025\/09\/5.jpg?resize=768%2C576&amp;ssl=1 768w, https:\/\/i0.wp.com\/pierrebarros.fr\/wp-content\/uploads\/2025\/09\/5.jpg?resize=1536%2C1152&amp;ssl=1 1536w, https:\/\/i0.wp.com\/pierrebarros.fr\/wp-content\/uploads\/2025\/09\/5.jpg?w=1600&amp;ssl=1 1600w\" sizes=\"(max-width: 1000px) 100vw, 1000px\" \/><\/figure>\n\n\n\n<figure class=\"wp-block-image size-large\"><img data-recalc-dims=\"1\" loading=\"lazy\" decoding=\"async\" width=\"1200\" height=\"1600\" data-id=\"3997\" src=\"https:\/\/i0.wp.com\/pierrebarros.fr\/wp-content\/uploads\/2025\/09\/4.jpg?resize=1200%2C1600&#038;ssl=1\" alt=\"\" class=\"wp-image-3997\" srcset=\"https:\/\/i0.wp.com\/pierrebarros.fr\/wp-content\/uploads\/2025\/09\/4.jpg?resize=768%2C1024&amp;ssl=1 768w, https:\/\/i0.wp.com\/pierrebarros.fr\/wp-content\/uploads\/2025\/09\/4.jpg?resize=225%2C300&amp;ssl=1 225w, https:\/\/i0.wp.com\/pierrebarros.fr\/wp-content\/uploads\/2025\/09\/4.jpg?resize=1152%2C1536&amp;ssl=1 1152w, https:\/\/i0.wp.com\/pierrebarros.fr\/wp-content\/uploads\/2025\/09\/4.jpg?w=1200&amp;ssl=1 1200w\" sizes=\"(max-width: 1000px) 100vw, 1000px\" \/><\/figure>\n\n\n\n<figure class=\"wp-block-image size-large\"><img data-recalc-dims=\"1\" loading=\"lazy\" decoding=\"async\" width=\"768\" height=\"1024\" data-id=\"3995\" src=\"https:\/\/i0.wp.com\/pierrebarros.fr\/wp-content\/uploads\/2025\/09\/2.jpg?resize=768%2C1024&#038;ssl=1\" alt=\"\" class=\"wp-image-3995\" srcset=\"https:\/\/i0.wp.com\/pierrebarros.fr\/wp-content\/uploads\/2025\/09\/2.jpg?resize=768%2C1024&amp;ssl=1 768w, https:\/\/i0.wp.com\/pierrebarros.fr\/wp-content\/uploads\/2025\/09\/2.jpg?resize=225%2C300&amp;ssl=1 225w, https:\/\/i0.wp.com\/pierrebarros.fr\/wp-content\/uploads\/2025\/09\/2.jpg?resize=1152%2C1536&amp;ssl=1 1152w, https:\/\/i0.wp.com\/pierrebarros.fr\/wp-content\/uploads\/2025\/09\/2.jpg?w=1200&amp;ssl=1 1200w\" sizes=\"(max-width: 768px) 100vw, 768px\" \/><\/figure>\n\n\n\n<figure class=\"wp-block-image size-large\"><img data-recalc-dims=\"1\" loading=\"lazy\" decoding=\"async\" width=\"1024\" height=\"768\" data-id=\"3996\" src=\"https:\/\/i0.wp.com\/pierrebarros.fr\/wp-content\/uploads\/2025\/09\/3.jpg?resize=1024%2C768&#038;ssl=1\" alt=\"\" class=\"wp-image-3996\" srcset=\"https:\/\/i0.wp.com\/pierrebarros.fr\/wp-content\/uploads\/2025\/09\/3.jpg?resize=1024%2C768&amp;ssl=1 1024w, https:\/\/i0.wp.com\/pierrebarros.fr\/wp-content\/uploads\/2025\/09\/3.jpg?resize=300%2C225&amp;ssl=1 300w, https:\/\/i0.wp.com\/pierrebarros.fr\/wp-content\/uploads\/2025\/09\/3.jpg?resize=768%2C576&amp;ssl=1 768w, https:\/\/i0.wp.com\/pierrebarros.fr\/wp-content\/uploads\/2025\/09\/3.jpg?resize=1536%2C1152&amp;ssl=1 1536w, https:\/\/i0.wp.com\/pierrebarros.fr\/wp-content\/uploads\/2025\/09\/3.jpg?w=1600&amp;ssl=1 1600w\" sizes=\"(max-width: 1000px) 100vw, 1000px\" \/><\/figure>\n<\/figure>\n\n\n\n<p><strong>Montreuil-sur-Epte, le 28 ao\u00fbt 2025, c\u00e9r\u00e9monie en souvenir des 3 soldats britanniques tomb\u00e9s sur le sol de la commune<\/strong><\/p>\n\n\n\n<p>A l\u2019invitation de Monsieur le Maire de Montreuil-sur-Epte, Monsieur Jean Pierre Javelot, que je remercie vivement, j\u2019ai pris part \u00e0 la C\u00e9r\u00e9monie du souvenir devant le monument \u00e9rig\u00e9 en souvenir des 3 soldats britanniques tomb\u00e9s sur le sol de la commune pour la libert\u00e9.<\/p>\n\n\n\n<figure class=\"wp-block-gallery has-nested-images columns-default is-cropped wp-block-gallery-5 is-layout-flex wp-block-gallery-is-layout-flex\">\n<figure class=\"wp-block-image size-large\"><img data-recalc-dims=\"1\" loading=\"lazy\" decoding=\"async\" width=\"1024\" height=\"768\" data-id=\"4025\" src=\"https:\/\/i0.wp.com\/pierrebarros.fr\/wp-content\/uploads\/2025\/09\/Montreuil-sur-epte1-1024x768.jpg?resize=1024%2C768&#038;ssl=1\" alt=\"\" class=\"wp-image-4025\" srcset=\"https:\/\/i0.wp.com\/pierrebarros.fr\/wp-content\/uploads\/2025\/09\/Montreuil-sur-epte1.jpg?resize=1024%2C768&amp;ssl=1 1024w, https:\/\/i0.wp.com\/pierrebarros.fr\/wp-content\/uploads\/2025\/09\/Montreuil-sur-epte1.jpg?resize=300%2C225&amp;ssl=1 300w, https:\/\/i0.wp.com\/pierrebarros.fr\/wp-content\/uploads\/2025\/09\/Montreuil-sur-epte1.jpg?resize=768%2C576&amp;ssl=1 768w, https:\/\/i0.wp.com\/pierrebarros.fr\/wp-content\/uploads\/2025\/09\/Montreuil-sur-epte1.jpg?resize=1536%2C1152&amp;ssl=1 1536w, https:\/\/i0.wp.com\/pierrebarros.fr\/wp-content\/uploads\/2025\/09\/Montreuil-sur-epte1.jpg?w=2000&amp;ssl=1 2000w\" sizes=\"(max-width: 1000px) 100vw, 1000px\" \/><\/figure>\n\n\n\n<figure class=\"wp-block-image size-large\"><img data-recalc-dims=\"1\" loading=\"lazy\" decoding=\"async\" width=\"1024\" height=\"768\" data-id=\"4023\" src=\"https:\/\/i0.wp.com\/pierrebarros.fr\/wp-content\/uploads\/2025\/09\/Montreuil-sur-Epte-1.jpg?resize=1024%2C768&#038;ssl=1\" alt=\"\" class=\"wp-image-4023\" srcset=\"https:\/\/i0.wp.com\/pierrebarros.fr\/wp-content\/uploads\/2025\/09\/Montreuil-sur-Epte-1.jpg?resize=1024%2C768&amp;ssl=1 1024w, https:\/\/i0.wp.com\/pierrebarros.fr\/wp-content\/uploads\/2025\/09\/Montreuil-sur-Epte-1.jpg?resize=300%2C225&amp;ssl=1 300w, https:\/\/i0.wp.com\/pierrebarros.fr\/wp-content\/uploads\/2025\/09\/Montreuil-sur-Epte-1.jpg?resize=768%2C576&amp;ssl=1 768w, https:\/\/i0.wp.com\/pierrebarros.fr\/wp-content\/uploads\/2025\/09\/Montreuil-sur-Epte-1.jpg?resize=1536%2C1152&amp;ssl=1 1536w, https:\/\/i0.wp.com\/pierrebarros.fr\/wp-content\/uploads\/2025\/09\/Montreuil-sur-Epte-1.jpg?w=1600&amp;ssl=1 1600w\" sizes=\"(max-width: 1000px) 100vw, 1000px\" \/><\/figure>\n<\/figure>\n\n\n\n<p><strong>Goussainville, le 29 ao\u00fbt 2025, <\/strong><strong>comm\u00e9moration de la lib\u00e9ration de la commune<\/strong><\/p>\n\n\n\n<p>Je suis \u00e9galement all\u00e9 \u00e0 Goussainville pendant ce mois d\u2019Ao\u00fbt 2025 comm\u00e9morer les morts de la lib\u00e9ration. Merci \u00e0 Monsieur le Maire Abelaziz Hamida pour son invitation \u00e0 honorer les femmes et les hommes qui ont donn\u00e9 leur vie pour la lib\u00e9ration, moment d\u00e9cisif de notre Histoire.<\/p>\n\n\n\n<figure class=\"wp-block-gallery has-nested-images columns-default is-cropped wp-block-gallery-6 is-layout-flex wp-block-gallery-is-layout-flex\">\n<figure class=\"wp-block-image size-large\"><img data-recalc-dims=\"1\" loading=\"lazy\" decoding=\"async\" width=\"1024\" height=\"683\" data-id=\"4007\" src=\"https:\/\/i0.wp.com\/pierrebarros.fr\/wp-content\/uploads\/2025\/09\/Goussainville1.jpg?resize=1024%2C683&#038;ssl=1\" alt=\"\" class=\"wp-image-4007\" srcset=\"https:\/\/i0.wp.com\/pierrebarros.fr\/wp-content\/uploads\/2025\/09\/Goussainville1.jpg?resize=1024%2C683&amp;ssl=1 1024w, https:\/\/i0.wp.com\/pierrebarros.fr\/wp-content\/uploads\/2025\/09\/Goussainville1.jpg?resize=300%2C200&amp;ssl=1 300w, https:\/\/i0.wp.com\/pierrebarros.fr\/wp-content\/uploads\/2025\/09\/Goussainville1.jpg?resize=768%2C512&amp;ssl=1 768w, https:\/\/i0.wp.com\/pierrebarros.fr\/wp-content\/uploads\/2025\/09\/Goussainville1.jpg?w=1440&amp;ssl=1 1440w\" sizes=\"(max-width: 1000px) 100vw, 1000px\" \/><\/figure>\n<\/figure>\n\n\n\n<p><strong>Cormeilles-en-Parisis, le 30 ao\u00fbt 2025, inauguration de l\u2019\u00e9cole des Fr\u00e8res Lambert<\/strong><\/p>\n\n\n\n<p>Ce samedi 30 ao\u00fbt 2025, c\u2019est \u00e0 Ville de Cormeilles-en-Parisis que je me suis d\u00e9plac\u00e9 pour participer \u00e0 l\u2019inauguration de l\u2019\u00e9cole des Fr\u00e8res Lambert par Monsieur Yannick Boedec, maire de Cormeilles-en-Parisis, que je remercie pour son invitation. J\u2019ai eu le plaisir de retrouver Monsieur le Pr\u00e9fet du Val d&rsquo;Oise, Philippe Court, ainsi que Marie Christine Cavecchi, pr\u00e9sidente du D\u00e9partement du Val d&rsquo;Oise. C\u2019est une grande et belle \u00e9cole qui s\u2019ouvre pour les Cormeillaises et Cormeillais : 12 classes dans un environnement des plus agr\u00e9able ! Bravo aux services municipaux et aux \u00e9lus pour cette magnifique r\u00e9alisation.<\/p>\n\n\n\n<figure class=\"wp-block-gallery has-nested-images columns-default is-cropped wp-block-gallery-7 is-layout-flex wp-block-gallery-is-layout-flex\">\n<figure class=\"wp-block-image size-large\"><img data-recalc-dims=\"1\" loading=\"lazy\" decoding=\"async\" width=\"1024\" height=\"768\" data-id=\"4021\" src=\"https:\/\/i0.wp.com\/pierrebarros.fr\/wp-content\/uploads\/2025\/09\/longuesse14.jpg?resize=1024%2C768&#038;ssl=1\" alt=\"\" class=\"wp-image-4021\" srcset=\"https:\/\/i0.wp.com\/pierrebarros.fr\/wp-content\/uploads\/2025\/09\/longuesse14.jpg?resize=1024%2C768&amp;ssl=1 1024w, https:\/\/i0.wp.com\/pierrebarros.fr\/wp-content\/uploads\/2025\/09\/longuesse14.jpg?resize=300%2C225&amp;ssl=1 300w, https:\/\/i0.wp.com\/pierrebarros.fr\/wp-content\/uploads\/2025\/09\/longuesse14.jpg?resize=768%2C576&amp;ssl=1 768w, https:\/\/i0.wp.com\/pierrebarros.fr\/wp-content\/uploads\/2025\/09\/longuesse14.jpg?resize=1536%2C1152&amp;ssl=1 1536w, https:\/\/i0.wp.com\/pierrebarros.fr\/wp-content\/uploads\/2025\/09\/longuesse14.jpg?w=1600&amp;ssl=1 1600w\" sizes=\"(max-width: 1000px) 100vw, 1000px\" \/><\/figure>\n\n\n\n<figure class=\"wp-block-image size-large\"><img data-recalc-dims=\"1\" loading=\"lazy\" decoding=\"async\" width=\"1024\" height=\"460\" data-id=\"4010\" src=\"https:\/\/i0.wp.com\/pierrebarros.fr\/wp-content\/uploads\/2025\/09\/Longuesse2.jpg?resize=1024%2C460&#038;ssl=1\" alt=\"\" class=\"wp-image-4010\" srcset=\"https:\/\/i0.wp.com\/pierrebarros.fr\/wp-content\/uploads\/2025\/09\/Longuesse2.jpg?resize=1024%2C460&amp;ssl=1 1024w, https:\/\/i0.wp.com\/pierrebarros.fr\/wp-content\/uploads\/2025\/09\/Longuesse2.jpg?resize=300%2C135&amp;ssl=1 300w, https:\/\/i0.wp.com\/pierrebarros.fr\/wp-content\/uploads\/2025\/09\/Longuesse2.jpg?resize=768%2C345&amp;ssl=1 768w, https:\/\/i0.wp.com\/pierrebarros.fr\/wp-content\/uploads\/2025\/09\/Longuesse2.jpg?resize=1536%2C690&amp;ssl=1 1536w, https:\/\/i0.wp.com\/pierrebarros.fr\/wp-content\/uploads\/2025\/09\/Longuesse2.jpg?w=1600&amp;ssl=1 1600w\" sizes=\"(max-width: 1000px) 100vw, 1000px\" \/><\/figure>\n\n\n\n<figure class=\"wp-block-image size-large\"><img data-recalc-dims=\"1\" loading=\"lazy\" decoding=\"async\" width=\"1024\" height=\"768\" data-id=\"4018\" src=\"https:\/\/i0.wp.com\/pierrebarros.fr\/wp-content\/uploads\/2025\/09\/longuesse11.jpg?resize=1024%2C768&#038;ssl=1\" alt=\"\" class=\"wp-image-4018\" srcset=\"https:\/\/i0.wp.com\/pierrebarros.fr\/wp-content\/uploads\/2025\/09\/longuesse11.jpg?resize=1024%2C768&amp;ssl=1 1024w, https:\/\/i0.wp.com\/pierrebarros.fr\/wp-content\/uploads\/2025\/09\/longuesse11.jpg?resize=300%2C225&amp;ssl=1 300w, https:\/\/i0.wp.com\/pierrebarros.fr\/wp-content\/uploads\/2025\/09\/longuesse11.jpg?resize=768%2C576&amp;ssl=1 768w, https:\/\/i0.wp.com\/pierrebarros.fr\/wp-content\/uploads\/2025\/09\/longuesse11.jpg?resize=1536%2C1152&amp;ssl=1 1536w, https:\/\/i0.wp.com\/pierrebarros.fr\/wp-content\/uploads\/2025\/09\/longuesse11.jpg?w=1600&amp;ssl=1 1600w\" sizes=\"(max-width: 1000px) 100vw, 1000px\" \/><\/figure>\n<\/figure>\n\n\n\n<p><strong>Longuesse, le 30 ao\u00fbt 2025, inauguration de la salle des f\u00eates et autres sites de la ville<\/strong><\/p>\n\n\n\n<p>J\u2019ai termin\u00e9 ce mois d\u2019Ao\u00fbt \u00e0 vos c\u00f4t\u00e9s par ma pr\u00e9sence \u00e0 l\u2019inauguration de la salle polyvalente et d\u2019autres sites de la ville de Longuesse. Je remercie Monsieur le Maire Norbert Lalloyer pour son invitation \u00e0 d\u00e9couvrir les nouveaux \u00e9quipements et lieux de vie de la ville : la sente des \u00e9coles, le City Park, le clapier du potager et la salle polyvalente. De beaux projets qui viennent conforter la coh\u00e9sion de la ville.<\/p>\n\n\n\n<figure class=\"wp-block-gallery has-nested-images columns-default is-cropped wp-block-gallery-8 is-layout-flex wp-block-gallery-is-layout-flex\">\n<figure class=\"wp-block-image size-large\"><img data-recalc-dims=\"1\" loading=\"lazy\" decoding=\"async\" width=\"1024\" height=\"768\" data-id=\"4013\" src=\"https:\/\/i0.wp.com\/pierrebarros.fr\/wp-content\/uploads\/2025\/09\/longuesse6.jpg?resize=1024%2C768&#038;ssl=1\" alt=\"\" class=\"wp-image-4013\" srcset=\"https:\/\/i0.wp.com\/pierrebarros.fr\/wp-content\/uploads\/2025\/09\/longuesse6.jpg?resize=1024%2C768&amp;ssl=1 1024w, https:\/\/i0.wp.com\/pierrebarros.fr\/wp-content\/uploads\/2025\/09\/longuesse6.jpg?resize=300%2C225&amp;ssl=1 300w, https:\/\/i0.wp.com\/pierrebarros.fr\/wp-content\/uploads\/2025\/09\/longuesse6.jpg?resize=768%2C576&amp;ssl=1 768w, https:\/\/i0.wp.com\/pierrebarros.fr\/wp-content\/uploads\/2025\/09\/longuesse6.jpg?resize=1536%2C1152&amp;ssl=1 1536w, https:\/\/i0.wp.com\/pierrebarros.fr\/wp-content\/uploads\/2025\/09\/longuesse6.jpg?w=1600&amp;ssl=1 1600w\" sizes=\"(max-width: 1000px) 100vw, 1000px\" \/><\/figure>\n\n\n\n<figure class=\"wp-block-image size-large\"><img data-recalc-dims=\"1\" loading=\"lazy\" decoding=\"async\" width=\"1024\" height=\"768\" data-id=\"4012\" src=\"https:\/\/i0.wp.com\/pierrebarros.fr\/wp-content\/uploads\/2025\/09\/Longuesse5.jpg?resize=1024%2C768&#038;ssl=1\" alt=\"\" class=\"wp-image-4012\" srcset=\"https:\/\/i0.wp.com\/pierrebarros.fr\/wp-content\/uploads\/2025\/09\/Longuesse5.jpg?resize=1024%2C768&amp;ssl=1 1024w, https:\/\/i0.wp.com\/pierrebarros.fr\/wp-content\/uploads\/2025\/09\/Longuesse5.jpg?resize=300%2C225&amp;ssl=1 300w, https:\/\/i0.wp.com\/pierrebarros.fr\/wp-content\/uploads\/2025\/09\/Longuesse5.jpg?resize=768%2C576&amp;ssl=1 768w, https:\/\/i0.wp.com\/pierrebarros.fr\/wp-content\/uploads\/2025\/09\/Longuesse5.jpg?resize=1536%2C1152&amp;ssl=1 1536w, https:\/\/i0.wp.com\/pierrebarros.fr\/wp-content\/uploads\/2025\/09\/Longuesse5.jpg?w=1600&amp;ssl=1 1600w\" sizes=\"(max-width: 1000px) 100vw, 1000px\" \/><\/figure>\n<\/figure>\n\n\n\n<p><strong>Hommage<\/strong><\/p>\n\n\n\n<p>Je ne peux clore ce mois d\u2019ao\u00fbt 2025 sans rendre hommage ici \u00e0 Madame Annie BOURGET.\u00a0 Annie nous a quitt\u00e9s en ce mois d\u2019Ao\u00fbt 2025. Annie \u00e9tait Conseill\u00e8re municipale \u00e0 Ville de Marines. Annie, c\u2019est une rencontre lumineuse sur ma route, une femme vive et souriante. Ce fut un immense plaisir de passer du temps avec elle \u00e0 la fois sur le territoire ou au S\u00e9nat lors d\u2019une visite que nous avions organis\u00e9e il y a peu de temps. J\u2019adresse mes plus sinc\u00e8res condol\u00e9ances \u00e0 sa famille, \u00e0 ses proches et \u00e0 tous les membres du Conseil municipal de Marines.<\/p>\n","protected":false},"excerpt":{"rendered":"<p>Ce mois d\u2019Ao\u00fbt 2025 a \u00e9t\u00e9 marqu\u00e9, en ce qui me concerne , par une pause estivale suivie d\u2019une rentr\u00e9e [&hellip;]<\/p>\n","protected":false},"author":4,"featured_media":4007,"comment_status":"closed","ping_status":"closed","sticky":false,"template":"","format":"standard","meta":{"site-sidebar-layout":"default","site-content-layout":"","ast-site-content-layout":"default","site-content-style":"default","site-sidebar-style":"default","ast-global-header-display":"","ast-banner-title-visibility":"","ast-main-header-display":"","ast-hfb-above-header-display":"","ast-hfb-below-header-display":"","ast-hfb-mobile-header-display":"","site-post-title":"","ast-breadcrumbs-content":"","ast-featured-img":"","footer-sml-layout":"","ast-disable-related-posts":"","theme-transparent-header-meta":"","adv-header-id-meta":"","stick-header-meta":"","header-above-stick-meta":"","header-main-stick-meta":"","header-below-stick-meta":"","astra-migrate-meta-layouts":"default","ast-page-background-enabled":"default","ast-page-background-meta":{"desktop":{"background-color":"var(--ast-global-color-4)","background-image":"","background-repeat":"repeat","background-position":"center center","background-size":"auto","background-attachment":"scroll","background-type":"","background-media":"","overlay-type":"","overlay-color":"","overlay-opacity":"","overlay-gradient":""},"tablet":{"background-color":"","background-image":"","background-repeat":"repeat","background-position":"center center","background-size":"auto","background-attachment":"scroll","background-type":"","background-media":"","overlay-type":"","overlay-color":"","overlay-opacity":"","overlay-gradient":""},"mobile":{"background-color":"","background-image":"","background-repeat":"repeat","background-position":"center center","background-size":"auto","background-attachment":"scroll","background-type":"","background-media":"","overlay-type":"","overlay-color":"","overlay-opacity":"","overlay-gradient":""}},"ast-content-background-meta":{"desktop":{"background-color":"var(--ast-global-color-5)","background-image":"","background-repeat":"repeat","background-position":"center center","background-size":"auto","background-attachment":"scroll","background-type":"","background-media":"","overlay-type":"","overlay-color":"","overlay-opacity":"","overlay-gradient":""},"tablet":{"background-color":"var(--ast-global-color-5)","background-image":"","background-repeat":"repeat","background-position":"center center","background-size":"auto","background-attachment":"scroll","background-type":"","background-media":"","overlay-type":"","overlay-color":"","overlay-opacity":"","overlay-gradient":""},"mobile":{"background-color":"var(--ast-global-color-5)","background-image":"","background-repeat":"repeat","background-position":"center center","background-size":"auto","background-attachment":"scroll","background-type":"","background-media":"","overlay-type":"","overlay-color":"","overlay-opacity":"","overlay-gradient":""}},"_jetpack_memberships_contains_paid_content":false,"footnotes":""},"categories":[24],"tags":[],"class_list":["post-4053","post","type-post","status-publish","format-standard","has-post-thumbnail","hentry","category-en-val-doise"],"yoast_head":"<!-- This site is optimized with the Yoast SEO plugin v27.5 - https:\/\/yoast.com\/product\/yoast-seo-wordpress\/ -->\n<title>A vos c\u00f4t\u00e9s - Retour en bref et en images - Juillet\/Ao\u00fbt 2025 -<\/title>\n<meta name=\"robots\" content=\"index, follow, max-snippet:-1, max-image-preview:large, max-video-preview:-1\" \/>\n<link rel=\"canonical\" href=\"https:\/\/pierrebarros.fr\/index.php\/2025\/09\/12\/a-vos-cotes-retour-en-bref-et-en-images-juillet-aout-2025\/\" \/>\n<meta property=\"og:locale\" content=\"fr_FR\" \/>\n<meta property=\"og:type\" content=\"article\" \/>\n<meta property=\"og:title\" content=\"A vos c\u00f4t\u00e9s - Retour en bref et en images - Juillet\/Ao\u00fbt 2025 -\" \/>\n<meta property=\"og:description\" content=\"Ce mois d\u2019Ao\u00fbt 2025 a \u00e9t\u00e9 marqu\u00e9, en ce qui me concerne , par une pause estivale suivie d\u2019une rentr\u00e9e [&hellip;]\" \/>\n<meta property=\"og:url\" content=\"https:\/\/pierrebarros.fr\/index.php\/2025\/09\/12\/a-vos-cotes-retour-en-bref-et-en-images-juillet-aout-2025\/\" \/>\n<meta property=\"article:published_time\" content=\"2025-09-12T07:44:59+00:00\" \/>\n<meta property=\"article:modified_time\" content=\"2026-02-19T15:23:21+00:00\" \/>\n<meta property=\"og:image\" content=\"https:\/\/pierrebarros.fr\/wp-content\/uploads\/2025\/09\/Goussainville1.jpg\" \/>\n\t<meta property=\"og:image:width\" content=\"1440\" \/>\n\t<meta property=\"og:image:height\" content=\"960\" \/>\n\t<meta property=\"og:image:type\" content=\"image\/jpeg\" \/>\n<meta name=\"author\" content=\"Stephanie\" \/>\n<meta name=\"twitter:card\" content=\"summary_large_image\" \/>\n<meta name=\"twitter:label1\" content=\"\u00c9crit par\" \/>\n\t<meta name=\"twitter:data1\" content=\"Stephanie\" \/>\n\t<meta name=\"twitter:label2\" content=\"Dur\u00e9e de lecture estim\u00e9e\" \/>\n\t<meta name=\"twitter:data2\" content=\"13 minutes\" \/>\n<script type=\"application\/ld+json\" class=\"yoast-schema-graph\">{\"@context\":\"https:\\\/\\\/schema.org\",\"@graph\":[{\"@type\":\"Article\",\"@id\":\"https:\\\/\\\/pierrebarros.fr\\\/index.php\\\/2025\\\/09\\\/12\\\/a-vos-cotes-retour-en-bref-et-en-images-juillet-aout-2025\\\/#article\",\"isPartOf\":{\"@id\":\"https:\\\/\\\/pierrebarros.fr\\\/index.php\\\/2025\\\/09\\\/12\\\/a-vos-cotes-retour-en-bref-et-en-images-juillet-aout-2025\\\/\"},\"author\":{\"name\":\"Stephanie\",\"@id\":\"https:\\\/\\\/pierrebarros.fr\\\/#\\\/schema\\\/person\\\/0669a80d309c762d2a40d3ae7accec5b\"},\"headline\":\"A vos c\u00f4t\u00e9s &#8211; Retour en bref et en images &#8211; Juillet\\\/Ao\u00fbt 2025\",\"datePublished\":\"2025-09-12T07:44:59+00:00\",\"dateModified\":\"2026-02-19T15:23:21+00:00\",\"mainEntityOfPage\":{\"@id\":\"https:\\\/\\\/pierrebarros.fr\\\/index.php\\\/2025\\\/09\\\/12\\\/a-vos-cotes-retour-en-bref-et-en-images-juillet-aout-2025\\\/\"},\"wordCount\":1534,\"image\":{\"@id\":\"https:\\\/\\\/pierrebarros.fr\\\/index.php\\\/2025\\\/09\\\/12\\\/a-vos-cotes-retour-en-bref-et-en-images-juillet-aout-2025\\\/#primaryimage\"},\"thumbnailUrl\":\"https:\\\/\\\/i0.wp.com\\\/pierrebarros.fr\\\/wp-content\\\/uploads\\\/2025\\\/09\\\/Goussainville1.jpg?fit=1440%2C960&ssl=1\",\"articleSection\":[\"En Val d'Oise\"],\"inLanguage\":\"fr-FR\"},{\"@type\":\"WebPage\",\"@id\":\"https:\\\/\\\/pierrebarros.fr\\\/index.php\\\/2025\\\/09\\\/12\\\/a-vos-cotes-retour-en-bref-et-en-images-juillet-aout-2025\\\/\",\"url\":\"https:\\\/\\\/pierrebarros.fr\\\/index.php\\\/2025\\\/09\\\/12\\\/a-vos-cotes-retour-en-bref-et-en-images-juillet-aout-2025\\\/\",\"name\":\"A vos c\u00f4t\u00e9s - Retour en bref et en images - Juillet\\\/Ao\u00fbt 2025 -\",\"isPartOf\":{\"@id\":\"https:\\\/\\\/pierrebarros.fr\\\/#website\"},\"primaryImageOfPage\":{\"@id\":\"https:\\\/\\\/pierrebarros.fr\\\/index.php\\\/2025\\\/09\\\/12\\\/a-vos-cotes-retour-en-bref-et-en-images-juillet-aout-2025\\\/#primaryimage\"},\"image\":{\"@id\":\"https:\\\/\\\/pierrebarros.fr\\\/index.php\\\/2025\\\/09\\\/12\\\/a-vos-cotes-retour-en-bref-et-en-images-juillet-aout-2025\\\/#primaryimage\"},\"thumbnailUrl\":\"https:\\\/\\\/i0.wp.com\\\/pierrebarros.fr\\\/wp-content\\\/uploads\\\/2025\\\/09\\\/Goussainville1.jpg?fit=1440%2C960&ssl=1\",\"datePublished\":\"2025-09-12T07:44:59+00:00\",\"dateModified\":\"2026-02-19T15:23:21+00:00\",\"author\":{\"@id\":\"https:\\\/\\\/pierrebarros.fr\\\/#\\\/schema\\\/person\\\/0669a80d309c762d2a40d3ae7accec5b\"},\"breadcrumb\":{\"@id\":\"https:\\\/\\\/pierrebarros.fr\\\/index.php\\\/2025\\\/09\\\/12\\\/a-vos-cotes-retour-en-bref-et-en-images-juillet-aout-2025\\\/#breadcrumb\"},\"inLanguage\":\"fr-FR\",\"potentialAction\":[{\"@type\":\"ReadAction\",\"target\":[\"https:\\\/\\\/pierrebarros.fr\\\/index.php\\\/2025\\\/09\\\/12\\\/a-vos-cotes-retour-en-bref-et-en-images-juillet-aout-2025\\\/\"]}]},{\"@type\":\"ImageObject\",\"inLanguage\":\"fr-FR\",\"@id\":\"https:\\\/\\\/pierrebarros.fr\\\/index.php\\\/2025\\\/09\\\/12\\\/a-vos-cotes-retour-en-bref-et-en-images-juillet-aout-2025\\\/#primaryimage\",\"url\":\"https:\\\/\\\/i0.wp.com\\\/pierrebarros.fr\\\/wp-content\\\/uploads\\\/2025\\\/09\\\/Goussainville1.jpg?fit=1440%2C960&ssl=1\",\"contentUrl\":\"https:\\\/\\\/i0.wp.com\\\/pierrebarros.fr\\\/wp-content\\\/uploads\\\/2025\\\/09\\\/Goussainville1.jpg?fit=1440%2C960&ssl=1\",\"width\":1440,\"height\":960},{\"@type\":\"BreadcrumbList\",\"@id\":\"https:\\\/\\\/pierrebarros.fr\\\/index.php\\\/2025\\\/09\\\/12\\\/a-vos-cotes-retour-en-bref-et-en-images-juillet-aout-2025\\\/#breadcrumb\",\"itemListElement\":[{\"@type\":\"ListItem\",\"position\":1,\"name\":\"Accueil\",\"item\":\"https:\\\/\\\/pierrebarros.fr\\\/\"},{\"@type\":\"ListItem\",\"position\":2,\"name\":\"A vos c\u00f4t\u00e9s &#8211; Retour en bref et en images &#8211; Juillet\\\/Ao\u00fbt 2025\"}]},{\"@type\":\"WebSite\",\"@id\":\"https:\\\/\\\/pierrebarros.fr\\\/#website\",\"url\":\"https:\\\/\\\/pierrebarros.fr\\\/\",\"name\":\"\",\"description\":\"S\u00e9nateur du Val-d&#039;Oise\",\"potentialAction\":[{\"@type\":\"SearchAction\",\"target\":{\"@type\":\"EntryPoint\",\"urlTemplate\":\"https:\\\/\\\/pierrebarros.fr\\\/?s={search_term_string}\"},\"query-input\":{\"@type\":\"PropertyValueSpecification\",\"valueRequired\":true,\"valueName\":\"search_term_string\"}}],\"inLanguage\":\"fr-FR\"},{\"@type\":\"Person\",\"@id\":\"https:\\\/\\\/pierrebarros.fr\\\/#\\\/schema\\\/person\\\/0669a80d309c762d2a40d3ae7accec5b\",\"name\":\"Stephanie\",\"url\":\"https:\\\/\\\/pierrebarros.fr\\\/index.php\\\/author\\\/stephanie\\\/\"}]}<\/script>\n<!-- \/ Yoast SEO plugin. -->","yoast_head_json":{"title":"A vos c\u00f4t\u00e9s - Retour en bref et en images - Juillet\/Ao\u00fbt 2025 -","robots":{"index":"index","follow":"follow","max-snippet":"max-snippet:-1","max-image-preview":"max-image-preview:large","max-video-preview":"max-video-preview:-1"},"canonical":"https:\/\/pierrebarros.fr\/index.php\/2025\/09\/12\/a-vos-cotes-retour-en-bref-et-en-images-juillet-aout-2025\/","og_locale":"fr_FR","og_type":"article","og_title":"A vos c\u00f4t\u00e9s - Retour en bref et en images - Juillet\/Ao\u00fbt 2025 -","og_description":"Ce mois d\u2019Ao\u00fbt 2025 a \u00e9t\u00e9 marqu\u00e9, en ce qui me concerne , par une pause estivale suivie d\u2019une rentr\u00e9e [&hellip;]","og_url":"https:\/\/pierrebarros.fr\/index.php\/2025\/09\/12\/a-vos-cotes-retour-en-bref-et-en-images-juillet-aout-2025\/","article_published_time":"2025-09-12T07:44:59+00:00","article_modified_time":"2026-02-19T15:23:21+00:00","og_image":[{"width":1440,"height":960,"url":"https:\/\/pierrebarros.fr\/wp-content\/uploads\/2025\/09\/Goussainville1.jpg","type":"image\/jpeg"}],"author":"Stephanie","twitter_card":"summary_large_image","twitter_misc":{"\u00c9crit par":"Stephanie","Dur\u00e9e de lecture estim\u00e9e":"13 minutes"},"schema":{"@context":"https:\/\/schema.org","@graph":[{"@type":"Article","@id":"https:\/\/pierrebarros.fr\/index.php\/2025\/09\/12\/a-vos-cotes-retour-en-bref-et-en-images-juillet-aout-2025\/#article","isPartOf":{"@id":"https:\/\/pierrebarros.fr\/index.php\/2025\/09\/12\/a-vos-cotes-retour-en-bref-et-en-images-juillet-aout-2025\/"},"author":{"name":"Stephanie","@id":"https:\/\/pierrebarros.fr\/#\/schema\/person\/0669a80d309c762d2a40d3ae7accec5b"},"headline":"A vos c\u00f4t\u00e9s &#8211; Retour en bref et en images &#8211; Juillet\/Ao\u00fbt 2025","datePublished":"2025-09-12T07:44:59+00:00","dateModified":"2026-02-19T15:23:21+00:00","mainEntityOfPage":{"@id":"https:\/\/pierrebarros.fr\/index.php\/2025\/09\/12\/a-vos-cotes-retour-en-bref-et-en-images-juillet-aout-2025\/"},"wordCount":1534,"image":{"@id":"https:\/\/pierrebarros.fr\/index.php\/2025\/09\/12\/a-vos-cotes-retour-en-bref-et-en-images-juillet-aout-2025\/#primaryimage"},"thumbnailUrl":"https:\/\/i0.wp.com\/pierrebarros.fr\/wp-content\/uploads\/2025\/09\/Goussainville1.jpg?fit=1440%2C960&ssl=1","articleSection":["En Val d'Oise"],"inLanguage":"fr-FR"},{"@type":"WebPage","@id":"https:\/\/pierrebarros.fr\/index.php\/2025\/09\/12\/a-vos-cotes-retour-en-bref-et-en-images-juillet-aout-2025\/","url":"https:\/\/pierrebarros.fr\/index.php\/2025\/09\/12\/a-vos-cotes-retour-en-bref-et-en-images-juillet-aout-2025\/","name":"A vos c\u00f4t\u00e9s - Retour en bref et en images - Juillet\/Ao\u00fbt 2025 -","isPartOf":{"@id":"https:\/\/pierrebarros.fr\/#website"},"primaryImageOfPage":{"@id":"https:\/\/pierrebarros.fr\/index.php\/2025\/09\/12\/a-vos-cotes-retour-en-bref-et-en-images-juillet-aout-2025\/#primaryimage"},"image":{"@id":"https:\/\/pierrebarros.fr\/index.php\/2025\/09\/12\/a-vos-cotes-retour-en-bref-et-en-images-juillet-aout-2025\/#primaryimage"},"thumbnailUrl":"https:\/\/i0.wp.com\/pierrebarros.fr\/wp-content\/uploads\/2025\/09\/Goussainville1.jpg?fit=1440%2C960&ssl=1","datePublished":"2025-09-12T07:44:59+00:00","dateModified":"2026-02-19T15:23:21+00:00","author":{"@id":"https:\/\/pierrebarros.fr\/#\/schema\/person\/0669a80d309c762d2a40d3ae7accec5b"},"breadcrumb":{"@id":"https:\/\/pierrebarros.fr\/index.php\/2025\/09\/12\/a-vos-cotes-retour-en-bref-et-en-images-juillet-aout-2025\/#breadcrumb"},"inLanguage":"fr-FR","potentialAction":[{"@type":"ReadAction","target":["https:\/\/pierrebarros.fr\/index.php\/2025\/09\/12\/a-vos-cotes-retour-en-bref-et-en-images-juillet-aout-2025\/"]}]},{"@type":"ImageObject","inLanguage":"fr-FR","@id":"https:\/\/pierrebarros.fr\/index.php\/2025\/09\/12\/a-vos-cotes-retour-en-bref-et-en-images-juillet-aout-2025\/#primaryimage","url":"https:\/\/i0.wp.com\/pierrebarros.fr\/wp-content\/uploads\/2025\/09\/Goussainville1.jpg?fit=1440%2C960&ssl=1","contentUrl":"https:\/\/i0.wp.com\/pierrebarros.fr\/wp-content\/uploads\/2025\/09\/Goussainville1.jpg?fit=1440%2C960&ssl=1","width":1440,"height":960},{"@type":"BreadcrumbList","@id":"https:\/\/pierrebarros.fr\/index.php\/2025\/09\/12\/a-vos-cotes-retour-en-bref-et-en-images-juillet-aout-2025\/#breadcrumb","itemListElement":[{"@type":"ListItem","position":1,"name":"Accueil","item":"https:\/\/pierrebarros.fr\/"},{"@type":"ListItem","position":2,"name":"A vos c\u00f4t\u00e9s &#8211; Retour en bref et en images &#8211; Juillet\/Ao\u00fbt 2025"}]},{"@type":"WebSite","@id":"https:\/\/pierrebarros.fr\/#website","url":"https:\/\/pierrebarros.fr\/","name":"","description":"S\u00e9nateur du Val-d&#039;Oise","potentialAction":[{"@type":"SearchAction","target":{"@type":"EntryPoint","urlTemplate":"https:\/\/pierrebarros.fr\/?s={search_term_string}"},"query-input":{"@type":"PropertyValueSpecification","valueRequired":true,"valueName":"search_term_string"}}],"inLanguage":"fr-FR"},{"@type":"Person","@id":"https:\/\/pierrebarros.fr\/#\/schema\/person\/0669a80d309c762d2a40d3ae7accec5b","name":"Stephanie","url":"https:\/\/pierrebarros.fr\/index.php\/author\/stephanie\/"}]}},"jetpack_featured_media_url":"https:\/\/i0.wp.com\/pierrebarros.fr\/wp-content\/uploads\/2025\/09\/Goussainville1.jpg?fit=1440%2C960&ssl=1","jetpack-related-posts":[],"jetpack_sharing_enabled":true,"_links":{"self":[{"href":"https:\/\/pierrebarros.fr\/index.php\/wp-json\/wp\/v2\/posts\/4053","targetHints":{"allow":["GET"]}}],"collection":[{"href":"https:\/\/pierrebarros.fr\/index.php\/wp-json\/wp\/v2\/posts"}],"about":[{"href":"https:\/\/pierrebarros.fr\/index.php\/wp-json\/wp\/v2\/types\/post"}],"author":[{"embeddable":true,"href":"https:\/\/pierrebarros.fr\/index.php\/wp-json\/wp\/v2\/users\/4"}],"replies":[{"embeddable":true,"href":"https:\/\/pierrebarros.fr\/index.php\/wp-json\/wp\/v2\/comments?post=4053"}],"version-history":[{"count":1,"href":"https:\/\/pierrebarros.fr\/index.php\/wp-json\/wp\/v2\/posts\/4053\/revisions"}],"predecessor-version":[{"id":4054,"href":"https:\/\/pierrebarros.fr\/index.php\/wp-json\/wp\/v2\/posts\/4053\/revisions\/4054"}],"wp:featuredmedia":[{"embeddable":true,"href":"https:\/\/pierrebarros.fr\/index.php\/wp-json\/wp\/v2\/media\/4007"}],"wp:attachment":[{"href":"https:\/\/pierrebarros.fr\/index.php\/wp-json\/wp\/v2\/media?parent=4053"}],"wp:term":[{"taxonomy":"category","embeddable":true,"href":"https:\/\/pierrebarros.fr\/index.php\/wp-json\/wp\/v2\/categories?post=4053"},{"taxonomy":"post_tag","embeddable":true,"href":"https:\/\/pierrebarros.fr\/index.php\/wp-json\/wp\/v2\/tags?post=4053"}],"curies":[{"name":"wp","href":"https:\/\/api.w.org\/{rel}","templated":true}]}}