{"id":1996,"date":"2024-11-15T22:08:43","date_gmt":"2024-11-15T21:08:43","guid":{"rendered":"https:\/\/pierrebarros.fr\/?p=1996"},"modified":"2024-11-15T22:12:46","modified_gmt":"2024-11-15T21:12:46","slug":"a-vos-cotes-retour-en-bref-et-en-images-octobre-2024","status":"publish","type":"post","link":"https:\/\/pierrebarros.fr\/index.php\/2024\/11\/15\/a-vos-cotes-retour-en-bref-et-en-images-octobre-2024\/","title":{"rendered":"A vos c\u00f4t\u00e9s &#8211; Retour en bref et en images &#8211; Octobre 2024"},"content":{"rendered":"\n<h4 class=\"wp-block-heading\">Ce mois d&rsquo;Octobre 2024 fut particuli\u00e8rement constructif et riche en rencontres. J&rsquo;ai v\u00e9cu de beaux moments de partage avec vous, les \u00e9lus, les acteurs locaux, les agents des services publics, afin de trouver des r\u00e9ponses aux enjeux d&rsquo;aujourd&rsquo;hui et de demain. Je vous en remercie. J&rsquo;ai \u00e9galement \u00e9t\u00e9 tr\u00e8s honor\u00e9 de participer aux nombreuses inaugurations d&rsquo;\u00e9quipements fondateurs pour les villes du Val d&rsquo;Oise. J&rsquo;ai aussi \u00e9t\u00e9 tr\u00e8s \u00e9mu d&rsquo;exercer mon devoir de m\u00e9moire avec vous et aupr\u00e8s de vous. Voici donc le retour en bref et en images de ces moments qui ont marqu\u00e9 mon mois d&rsquo;Octobre 2024 en Val d&rsquo;Oise.<\/h4>\n\n\n\n<h5 class=\"wp-block-heading\"><strong>Partager des moments avec vous pour trouver des r\u00e9ponses aux besoins de nos villes et villages<\/strong><\/h5>\n\n\n\n<p><strong>Cormeilles en Parisis<\/strong> &#8211; A l\u2019invitation de son pr\u00e9sident, Monsieur Patrice Robin, que je remercie vivement, je me suis rendu \u00e0 l\u2019Universit\u00e9 des Maires, des \u00e9lus et des agents du Val d\u2019Oise le 4 octobre dernier. Une belle occasion de retrouver mes coll\u00e8gues \u00e9lus du territoire, les partenaires et les services. J\u2019ai assist\u00e9 \u00e0 un d\u00e9bat de qualit\u00e9 autour d\u2019un sujet crucial pour notre d\u00e9partement : \u00ab Se soigner en Val d\u2019Oise \u00bb ; sujet que je porte avec force dans les diff\u00e9rentes instances au S\u00e9nat. Nous avons \u00e9galement accueilli en ouverture de cette journ\u00e9e Madame la Ministre d\u00e9l\u00e9gu\u00e9e aupr\u00e8s de la ministre du Partenariat avec les territoires et de la D\u00e9centralisation charg\u00e9e de la Ruralit\u00e9, du Commerce et de l\u2019Artisanat. Son portefeuille est essentiel \u00e0 l\u2019heure o\u00f9 les territoires ruraux risquent de subir de plein fouet les coupes budg\u00e9taires.<\/p>\n\n\n\n<figure class=\"wp-block-image size-large\"><img data-recalc-dims=\"1\" fetchpriority=\"high\" decoding=\"async\" width=\"1024\" height=\"768\" src=\"https:\/\/i0.wp.com\/pierrebarros.fr\/wp-content\/uploads\/2024\/11\/2-3.jpg?resize=1024%2C768&#038;ssl=1\" alt=\"\" class=\"wp-image-1932\" srcset=\"https:\/\/i0.wp.com\/pierrebarros.fr\/wp-content\/uploads\/2024\/11\/2-3.jpg?resize=1024%2C768&amp;ssl=1 1024w, https:\/\/i0.wp.com\/pierrebarros.fr\/wp-content\/uploads\/2024\/11\/2-3.jpg?resize=300%2C225&amp;ssl=1 300w, https:\/\/i0.wp.com\/pierrebarros.fr\/wp-content\/uploads\/2024\/11\/2-3.jpg?resize=768%2C576&amp;ssl=1 768w, https:\/\/i0.wp.com\/pierrebarros.fr\/wp-content\/uploads\/2024\/11\/2-3.jpg?resize=1536%2C1152&amp;ssl=1 1536w, https:\/\/i0.wp.com\/pierrebarros.fr\/wp-content\/uploads\/2024\/11\/2-3.jpg?w=1600&amp;ssl=1 1600w\" sizes=\"(max-width: 1000px) 100vw, 1000px\" \/><\/figure>\n\n\n\n<p><strong>Bourse du Travail &#8211; <\/strong>C\u2019est un moment qui ne s\u2019est pas d\u00e9roul\u00e9 en Val d\u2019Oise, mais qui aurait pu l\u2019\u00eatre, auquel j\u2019ai \u00e9galement particip\u00e9 ce vendredi4 octobre 2024 \u00e0 la Bourse du Travail de Malakoff pour participer \u00e0 un d\u00e9bat autour du th\u00e8me : \u00ab F\ud835\udc1ac\ud835\udc1e \ud835\udc1au\ud835\udc31 \ud835\udc1da\ud835\udc27g\ud835\udc1er\ud835\udc2c \ud835\udc1de l\u2019e\ud835\udc31t\ud835\udc2b\u00ea\ud835\udc26e d\ud835\udc2bo\ud835\udc22t\ud835\udc1e, c\ud835\udc28m\ud835\udc26e\ud835\udc27t r\ud835\udc1en\ud835\udc1fo\ud835\udc2bc\ud835\udc1er l\ud835\udc1e \ud835\udc2cy\ud835\udc27d\ud835\udc22c\ud835\udc1al\ud835\udc22s\ud835\udc26e ? \u00bb avec les questions suivantes&nbsp;:<\/p>\n\n\n\n<p>1. Comment renforcer le syndicalisme quand on sait que les id\u00e9es d&rsquo;extr\u00eame droite ont tendance \u00e0 diffuser plus dans les d\u00e9serts syndicaux qu&rsquo;ailleurs : et que ce sont dans ces bastions d\u00e9pourvus de forces syndicales que le RN obtient ses meilleurs scores ?<\/p>\n\n\n\n<p>2. Quels droits nouveaux \u00e0 conqu\u00e9rir pour renforcer le syndicalisme face aux dangers pos\u00e9s par l&rsquo;extr\u00eame droite ?<\/p>\n\n\n\n<p>3. Quelles politiques publiques pour donner au syndicalisme le r\u00f4le primordial qu&rsquo;il doit avoir pour faire vivre la d\u00e9mocratie sociale dans l&rsquo;entreprise et la soci\u00e9t\u00e9 ?<\/p>\n\n\n\n<p>C\u2019est toujours n\u00e9cessaire de confronter ses id\u00e9es, ses points de vue, et notamment sur ce sujet et de partager sur l\u2019\u00e9volution de la soci\u00e9t\u00e9 et notamment du syndicalisme sur nos territoires. Des \u00e9changes \u00e0 retrouver sur le site de la Bourse du Travail de Malakoff.<\/p>\n\n\n\n<figure class=\"wp-block-gallery has-nested-images columns-default is-cropped wp-block-gallery-1 is-layout-flex wp-block-gallery-is-layout-flex\">\n<figure class=\"wp-block-image size-large\"><img data-recalc-dims=\"1\" decoding=\"async\" width=\"509\" height=\"720\" data-id=\"1933\" src=\"https:\/\/i0.wp.com\/pierrebarros.fr\/wp-content\/uploads\/2024\/11\/3-2.jpg?resize=509%2C720&#038;ssl=1\" alt=\"\" class=\"wp-image-1933\" srcset=\"https:\/\/i0.wp.com\/pierrebarros.fr\/wp-content\/uploads\/2024\/11\/3-2.jpg?w=509&amp;ssl=1 509w, https:\/\/i0.wp.com\/pierrebarros.fr\/wp-content\/uploads\/2024\/11\/3-2.jpg?resize=212%2C300&amp;ssl=1 212w\" sizes=\"(max-width: 509px) 100vw, 509px\" \/><\/figure>\n\n\n\n<figure class=\"wp-block-image size-large\"><img data-recalc-dims=\"1\" decoding=\"async\" width=\"960\" height=\"540\" data-id=\"1934\" src=\"https:\/\/i0.wp.com\/pierrebarros.fr\/wp-content\/uploads\/2024\/11\/4-2.jpg?resize=960%2C540&#038;ssl=1\" alt=\"\" class=\"wp-image-1934\" srcset=\"https:\/\/i0.wp.com\/pierrebarros.fr\/wp-content\/uploads\/2024\/11\/4-2.jpg?w=960&amp;ssl=1 960w, https:\/\/i0.wp.com\/pierrebarros.fr\/wp-content\/uploads\/2024\/11\/4-2.jpg?resize=300%2C169&amp;ssl=1 300w, https:\/\/i0.wp.com\/pierrebarros.fr\/wp-content\/uploads\/2024\/11\/4-2.jpg?resize=768%2C432&amp;ssl=1 768w\" sizes=\"(max-width: 960px) 100vw, 960px\" \/><\/figure>\n<\/figure>\n\n\n\n<p><strong>Bessancourt &#8211; <\/strong>Le samedi 5 octobre avait lieu le Congr\u00e8s annuel de l\u2019Union d\u00e9partementale des Sapeurs-pompiers du Val d\u2019Oise \u00e0 Bessancourt. Un moment de rencontre et d\u2019hommage essentiels pour notre D\u00e9partement, afin de saluer l\u2019engagement et la d\u00e9termination des sapeurs-pompiers \u00e0 servir, co\u00fbte que co\u00fbte. Rappelons que notre mod\u00e8le fran\u00e7ais s\u2019appuie sur 20% de sapeurs-pompiers professionnels et 80% de volontaires. Ce statut doit \u00eatre reconnu et valoris\u00e9. Fin septembre, au Congr\u00e8s national des pompiers, notre nouveau Premier ministre Michel Barnier avait \u00e9nonc\u00e9 dans son discours : \u00ab Je veux qu\u2019on encourage ce volontariat, qu\u2019on reconnaisse ce mod\u00e8le, qu\u2019on le d\u00e9fende \u00bb. Gageons que cette ambition se transforme en actes ! Nos sapeurs-pompiers le m\u00e9ritent tellement ! Je serai attentif \u00e0 ce que la s\u00e9curit\u00e9 civile ne soit pas \u00e0 nouveau l\u00e9s\u00e9e dans le prochain projet de loi de finances 2025.<\/p>\n\n\n\n<figure class=\"wp-block-gallery has-nested-images columns-default is-cropped wp-block-gallery-2 is-layout-flex wp-block-gallery-is-layout-flex\">\n<figure class=\"wp-block-image size-large\"><img data-recalc-dims=\"1\" loading=\"lazy\" decoding=\"async\" width=\"1024\" height=\"768\" data-id=\"1999\" src=\"https:\/\/i0.wp.com\/pierrebarros.fr\/wp-content\/uploads\/2024\/11\/462222367_457776117317298_398661885127336251_n.jpg?resize=1024%2C768&#038;ssl=1\" alt=\"\" class=\"wp-image-1999\" srcset=\"https:\/\/i0.wp.com\/pierrebarros.fr\/wp-content\/uploads\/2024\/11\/462222367_457776117317298_398661885127336251_n.jpg?resize=1024%2C768&amp;ssl=1 1024w, https:\/\/i0.wp.com\/pierrebarros.fr\/wp-content\/uploads\/2024\/11\/462222367_457776117317298_398661885127336251_n.jpg?resize=300%2C225&amp;ssl=1 300w, https:\/\/i0.wp.com\/pierrebarros.fr\/wp-content\/uploads\/2024\/11\/462222367_457776117317298_398661885127336251_n.jpg?resize=768%2C576&amp;ssl=1 768w, https:\/\/i0.wp.com\/pierrebarros.fr\/wp-content\/uploads\/2024\/11\/462222367_457776117317298_398661885127336251_n.jpg?resize=1536%2C1152&amp;ssl=1 1536w, https:\/\/i0.wp.com\/pierrebarros.fr\/wp-content\/uploads\/2024\/11\/462222367_457776117317298_398661885127336251_n.jpg?w=1600&amp;ssl=1 1600w\" sizes=\"(max-width: 1000px) 100vw, 1000px\" \/><\/figure>\n\n\n\n<figure class=\"wp-block-image size-large\"><img data-recalc-dims=\"1\" loading=\"lazy\" decoding=\"async\" width=\"1024\" height=\"768\" data-id=\"2000\" src=\"https:\/\/i0.wp.com\/pierrebarros.fr\/wp-content\/uploads\/2024\/11\/462225570_457776123983964_7053894014382037069_n.jpg?resize=1024%2C768&#038;ssl=1\" alt=\"\" class=\"wp-image-2000\" srcset=\"https:\/\/i0.wp.com\/pierrebarros.fr\/wp-content\/uploads\/2024\/11\/462225570_457776123983964_7053894014382037069_n.jpg?resize=1024%2C768&amp;ssl=1 1024w, https:\/\/i0.wp.com\/pierrebarros.fr\/wp-content\/uploads\/2024\/11\/462225570_457776123983964_7053894014382037069_n.jpg?resize=300%2C225&amp;ssl=1 300w, https:\/\/i0.wp.com\/pierrebarros.fr\/wp-content\/uploads\/2024\/11\/462225570_457776123983964_7053894014382037069_n.jpg?resize=768%2C576&amp;ssl=1 768w, https:\/\/i0.wp.com\/pierrebarros.fr\/wp-content\/uploads\/2024\/11\/462225570_457776123983964_7053894014382037069_n.jpg?resize=1536%2C1152&amp;ssl=1 1536w, https:\/\/i0.wp.com\/pierrebarros.fr\/wp-content\/uploads\/2024\/11\/462225570_457776123983964_7053894014382037069_n.jpg?w=1600&amp;ssl=1 1600w\" sizes=\"(max-width: 1000px) 100vw, 1000px\" \/><\/figure>\n\n\n\n<figure class=\"wp-block-image size-large\"><img data-recalc-dims=\"1\" loading=\"lazy\" decoding=\"async\" width=\"1024\" height=\"768\" data-id=\"2001\" src=\"https:\/\/i0.wp.com\/pierrebarros.fr\/wp-content\/uploads\/2024\/11\/462343411_457776143983962_1898034965730240156_n.jpg?resize=1024%2C768&#038;ssl=1\" alt=\"\" class=\"wp-image-2001\" srcset=\"https:\/\/i0.wp.com\/pierrebarros.fr\/wp-content\/uploads\/2024\/11\/462343411_457776143983962_1898034965730240156_n.jpg?resize=1024%2C768&amp;ssl=1 1024w, https:\/\/i0.wp.com\/pierrebarros.fr\/wp-content\/uploads\/2024\/11\/462343411_457776143983962_1898034965730240156_n.jpg?resize=300%2C225&amp;ssl=1 300w, https:\/\/i0.wp.com\/pierrebarros.fr\/wp-content\/uploads\/2024\/11\/462343411_457776143983962_1898034965730240156_n.jpg?resize=768%2C576&amp;ssl=1 768w, https:\/\/i0.wp.com\/pierrebarros.fr\/wp-content\/uploads\/2024\/11\/462343411_457776143983962_1898034965730240156_n.jpg?resize=1536%2C1152&amp;ssl=1 1536w, https:\/\/i0.wp.com\/pierrebarros.fr\/wp-content\/uploads\/2024\/11\/462343411_457776143983962_1898034965730240156_n.jpg?w=1600&amp;ssl=1 1600w\" sizes=\"(max-width: 1000px) 100vw, 1000px\" \/><\/figure>\n<\/figure>\n\n\n\n<h5 class=\"wp-block-heading\"><strong>\u00catre pr\u00e9sent aux comm\u00e9morations, \u00e0 vos c\u00f4t\u00e9s, pour ne jamais oublier<\/strong><\/h5>\n\n\n\n<p><strong>Aincourt &#8211; <\/strong>Je remercie Madame Nicole PRIMARD, pr\u00e9sidente de l\u2019association M\u00e9moire d\u2019Aincourt, pour son invitation en ce 5 octobre \u00e0 la c\u00e9r\u00e9monie comm\u00e9morative du camp d&rsquo;internement d&rsquo;Aincourt. Le 5 octobre 1940 s\u2019ouvrait le premier camp d\u2019internement administratif en lieu et place du sanatorium \u00e0 Aincourt o\u00f9 furent intern\u00e9s essentiellement des syndicalistes, cadres, \u00e9lus et militants communistes de la r\u00e9gion parisienne. Pr\u00e9vu \u00e0 l\u2019origine pour 150 malades, ce sont plus de 600 personnes qui y seront intern\u00e9es. Nombre d\u2019entre elles seront transf\u00e9r\u00e9es vers les camps de la mort. \u00ab Si on oublie le pass\u00e9, notre humanit\u00e9 est mutil\u00e9e \u00bb avait d\u00e9clar\u00e9 Elie Wiesel, rescap\u00e9 de la Shoah. C\u2019est ainsi avec une forte \u00e9motion que j\u2019ai particip\u00e9 \u00e0 cette comm\u00e9moration.<\/p>\n\n\n\n<figure class=\"wp-block-gallery has-nested-images columns-default is-cropped wp-block-gallery-3 is-layout-flex wp-block-gallery-is-layout-flex\">\n<figure class=\"wp-block-image size-large\"><img data-recalc-dims=\"1\" loading=\"lazy\" decoding=\"async\" width=\"1024\" height=\"768\" data-id=\"1938\" src=\"https:\/\/i0.wp.com\/pierrebarros.fr\/wp-content\/uploads\/2024\/11\/8-1.jpg?resize=1024%2C768&#038;ssl=1\" alt=\"\" class=\"wp-image-1938\" srcset=\"https:\/\/i0.wp.com\/pierrebarros.fr\/wp-content\/uploads\/2024\/11\/8-1.jpg?resize=1024%2C768&amp;ssl=1 1024w, https:\/\/i0.wp.com\/pierrebarros.fr\/wp-content\/uploads\/2024\/11\/8-1.jpg?resize=300%2C225&amp;ssl=1 300w, https:\/\/i0.wp.com\/pierrebarros.fr\/wp-content\/uploads\/2024\/11\/8-1.jpg?resize=768%2C576&amp;ssl=1 768w, https:\/\/i0.wp.com\/pierrebarros.fr\/wp-content\/uploads\/2024\/11\/8-1.jpg?resize=1536%2C1152&amp;ssl=1 1536w, https:\/\/i0.wp.com\/pierrebarros.fr\/wp-content\/uploads\/2024\/11\/8-1.jpg?w=1600&amp;ssl=1 1600w\" sizes=\"(max-width: 1000px) 100vw, 1000px\" \/><\/figure>\n\n\n\n<figure class=\"wp-block-image size-large\"><img data-recalc-dims=\"1\" loading=\"lazy\" decoding=\"async\" width=\"768\" height=\"1024\" data-id=\"1937\" src=\"https:\/\/i0.wp.com\/pierrebarros.fr\/wp-content\/uploads\/2024\/11\/7-2.jpg?resize=768%2C1024&#038;ssl=1\" alt=\"\" class=\"wp-image-1937\" srcset=\"https:\/\/i0.wp.com\/pierrebarros.fr\/wp-content\/uploads\/2024\/11\/7-2.jpg?resize=768%2C1024&amp;ssl=1 768w, https:\/\/i0.wp.com\/pierrebarros.fr\/wp-content\/uploads\/2024\/11\/7-2.jpg?resize=225%2C300&amp;ssl=1 225w, https:\/\/i0.wp.com\/pierrebarros.fr\/wp-content\/uploads\/2024\/11\/7-2.jpg?resize=1152%2C1536&amp;ssl=1 1152w, https:\/\/i0.wp.com\/pierrebarros.fr\/wp-content\/uploads\/2024\/11\/7-2.jpg?w=1200&amp;ssl=1 1200w\" sizes=\"(max-width: 768px) 100vw, 768px\" \/><\/figure>\n\n\n\n<figure class=\"wp-block-image size-large\"><img data-recalc-dims=\"1\" loading=\"lazy\" decoding=\"async\" width=\"1024\" height=\"768\" data-id=\"1935\" src=\"https:\/\/i0.wp.com\/pierrebarros.fr\/wp-content\/uploads\/2024\/11\/5-2.jpg?resize=1024%2C768&#038;ssl=1\" alt=\"\" class=\"wp-image-1935\" srcset=\"https:\/\/i0.wp.com\/pierrebarros.fr\/wp-content\/uploads\/2024\/11\/5-2.jpg?resize=1024%2C768&amp;ssl=1 1024w, https:\/\/i0.wp.com\/pierrebarros.fr\/wp-content\/uploads\/2024\/11\/5-2.jpg?resize=300%2C225&amp;ssl=1 300w, https:\/\/i0.wp.com\/pierrebarros.fr\/wp-content\/uploads\/2024\/11\/5-2.jpg?resize=768%2C576&amp;ssl=1 768w, https:\/\/i0.wp.com\/pierrebarros.fr\/wp-content\/uploads\/2024\/11\/5-2.jpg?resize=1536%2C1152&amp;ssl=1 1536w, https:\/\/i0.wp.com\/pierrebarros.fr\/wp-content\/uploads\/2024\/11\/5-2.jpg?w=1600&amp;ssl=1 1600w\" sizes=\"(max-width: 1000px) 100vw, 1000px\" \/><\/figure>\n<\/figure>\n\n\n\n<p><strong>Bernes-sur-Oise &#8211; <\/strong>J\u2019\u00e9tais pr\u00e9sent \u00e0 Bernes-sur-Oise le 6 octobre dernier pour participer \u00e0 la comm\u00e9moration de la lib\u00e9ration de Bernes-sur-Oise et c\u00e9l\u00e9brer les 30 ans du M\u00e9morial Franco-Am\u00e9ricain. Pendant la seconde guerre mondiale, Bernes-sur-Oise fut presque ray\u00e9e de la carte par les bombardements. Les pertes furent tr\u00e8s lourdes. La Mairie de Bernes-sur-Oise a comm\u00e9mor\u00e9 cette p\u00e9riode en exposant de nombreux souvenirs : v\u00e9hicules, mat\u00e9riels, documents ou encore photos d\u2019\u00e9poque. Je remercie Monsieur le Maire pour cette c\u00e9r\u00e9monie particuli\u00e8rement r\u00e9ussie, qui permet de faire vivre ce devoir de m\u00e9moire avec force.<\/p>\n\n\n\n<figure class=\"wp-block-gallery has-nested-images columns-default is-cropped wp-block-gallery-4 is-layout-flex wp-block-gallery-is-layout-flex\">\n<figure class=\"wp-block-image size-large\"><img data-recalc-dims=\"1\" loading=\"lazy\" decoding=\"async\" width=\"1024\" height=\"768\" data-id=\"1954\" src=\"https:\/\/i0.wp.com\/pierrebarros.fr\/wp-content\/uploads\/2024\/11\/24.jpg?resize=1024%2C768&#038;ssl=1\" alt=\"\" class=\"wp-image-1954\" srcset=\"https:\/\/i0.wp.com\/pierrebarros.fr\/wp-content\/uploads\/2024\/11\/24.jpg?resize=1024%2C768&amp;ssl=1 1024w, https:\/\/i0.wp.com\/pierrebarros.fr\/wp-content\/uploads\/2024\/11\/24.jpg?resize=300%2C225&amp;ssl=1 300w, https:\/\/i0.wp.com\/pierrebarros.fr\/wp-content\/uploads\/2024\/11\/24.jpg?resize=768%2C576&amp;ssl=1 768w, https:\/\/i0.wp.com\/pierrebarros.fr\/wp-content\/uploads\/2024\/11\/24.jpg?w=1478&amp;ssl=1 1478w\" sizes=\"(max-width: 1000px) 100vw, 1000px\" \/><\/figure>\n\n\n\n<figure class=\"wp-block-image size-large\"><img data-recalc-dims=\"1\" loading=\"lazy\" decoding=\"async\" width=\"768\" height=\"1024\" data-id=\"1951\" src=\"https:\/\/i0.wp.com\/pierrebarros.fr\/wp-content\/uploads\/2024\/11\/21.jpg?resize=768%2C1024&#038;ssl=1\" alt=\"\" class=\"wp-image-1951\" srcset=\"https:\/\/i0.wp.com\/pierrebarros.fr\/wp-content\/uploads\/2024\/11\/21.jpg?resize=768%2C1024&amp;ssl=1 768w, https:\/\/i0.wp.com\/pierrebarros.fr\/wp-content\/uploads\/2024\/11\/21.jpg?resize=225%2C300&amp;ssl=1 225w, https:\/\/i0.wp.com\/pierrebarros.fr\/wp-content\/uploads\/2024\/11\/21.jpg?resize=1152%2C1536&amp;ssl=1 1152w, https:\/\/i0.wp.com\/pierrebarros.fr\/wp-content\/uploads\/2024\/11\/21.jpg?w=1200&amp;ssl=1 1200w\" sizes=\"(max-width: 768px) 100vw, 768px\" \/><\/figure>\n\n\n\n<figure class=\"wp-block-image size-large\"><img data-recalc-dims=\"1\" loading=\"lazy\" decoding=\"async\" width=\"1024\" height=\"768\" data-id=\"1952\" src=\"https:\/\/i0.wp.com\/pierrebarros.fr\/wp-content\/uploads\/2024\/11\/22.jpg?resize=1024%2C768&#038;ssl=1\" alt=\"\" class=\"wp-image-1952\" srcset=\"https:\/\/i0.wp.com\/pierrebarros.fr\/wp-content\/uploads\/2024\/11\/22.jpg?resize=1024%2C768&amp;ssl=1 1024w, https:\/\/i0.wp.com\/pierrebarros.fr\/wp-content\/uploads\/2024\/11\/22.jpg?resize=300%2C225&amp;ssl=1 300w, https:\/\/i0.wp.com\/pierrebarros.fr\/wp-content\/uploads\/2024\/11\/22.jpg?resize=768%2C576&amp;ssl=1 768w, https:\/\/i0.wp.com\/pierrebarros.fr\/wp-content\/uploads\/2024\/11\/22.jpg?resize=1536%2C1152&amp;ssl=1 1536w, https:\/\/i0.wp.com\/pierrebarros.fr\/wp-content\/uploads\/2024\/11\/22.jpg?w=1600&amp;ssl=1 1600w\" sizes=\"(max-width: 1000px) 100vw, 1000px\" \/><\/figure>\n\n\n\n<figure class=\"wp-block-image size-large\"><img data-recalc-dims=\"1\" loading=\"lazy\" decoding=\"async\" width=\"768\" height=\"1024\" data-id=\"1950\" src=\"https:\/\/i0.wp.com\/pierrebarros.fr\/wp-content\/uploads\/2024\/11\/20.jpg?resize=768%2C1024&#038;ssl=1\" alt=\"\" class=\"wp-image-1950\" srcset=\"https:\/\/i0.wp.com\/pierrebarros.fr\/wp-content\/uploads\/2024\/11\/20.jpg?resize=768%2C1024&amp;ssl=1 768w, https:\/\/i0.wp.com\/pierrebarros.fr\/wp-content\/uploads\/2024\/11\/20.jpg?resize=225%2C300&amp;ssl=1 225w, https:\/\/i0.wp.com\/pierrebarros.fr\/wp-content\/uploads\/2024\/11\/20.jpg?resize=1152%2C1536&amp;ssl=1 1152w, https:\/\/i0.wp.com\/pierrebarros.fr\/wp-content\/uploads\/2024\/11\/20.jpg?w=1200&amp;ssl=1 1200w\" sizes=\"(max-width: 768px) 100vw, 768px\" \/><\/figure>\n\n\n\n<figure class=\"wp-block-image size-large\"><img data-recalc-dims=\"1\" loading=\"lazy\" decoding=\"async\" width=\"1024\" height=\"768\" data-id=\"1949\" src=\"https:\/\/i0.wp.com\/pierrebarros.fr\/wp-content\/uploads\/2024\/11\/19.jpg?resize=1024%2C768&#038;ssl=1\" alt=\"\" class=\"wp-image-1949\" srcset=\"https:\/\/i0.wp.com\/pierrebarros.fr\/wp-content\/uploads\/2024\/11\/19.jpg?resize=1024%2C768&amp;ssl=1 1024w, https:\/\/i0.wp.com\/pierrebarros.fr\/wp-content\/uploads\/2024\/11\/19.jpg?resize=300%2C225&amp;ssl=1 300w, https:\/\/i0.wp.com\/pierrebarros.fr\/wp-content\/uploads\/2024\/11\/19.jpg?resize=768%2C576&amp;ssl=1 768w, https:\/\/i0.wp.com\/pierrebarros.fr\/wp-content\/uploads\/2024\/11\/19.jpg?resize=1536%2C1152&amp;ssl=1 1536w, https:\/\/i0.wp.com\/pierrebarros.fr\/wp-content\/uploads\/2024\/11\/19.jpg?w=1600&amp;ssl=1 1600w\" sizes=\"(max-width: 1000px) 100vw, 1000px\" \/><\/figure>\n\n\n\n<figure class=\"wp-block-image size-large\"><img data-recalc-dims=\"1\" loading=\"lazy\" decoding=\"async\" width=\"768\" height=\"1024\" data-id=\"1948\" src=\"https:\/\/i0.wp.com\/pierrebarros.fr\/wp-content\/uploads\/2024\/11\/18.jpg?resize=768%2C1024&#038;ssl=1\" alt=\"\" class=\"wp-image-1948\" srcset=\"https:\/\/i0.wp.com\/pierrebarros.fr\/wp-content\/uploads\/2024\/11\/18.jpg?resize=768%2C1024&amp;ssl=1 768w, https:\/\/i0.wp.com\/pierrebarros.fr\/wp-content\/uploads\/2024\/11\/18.jpg?resize=225%2C300&amp;ssl=1 225w, https:\/\/i0.wp.com\/pierrebarros.fr\/wp-content\/uploads\/2024\/11\/18.jpg?resize=1152%2C1536&amp;ssl=1 1152w, https:\/\/i0.wp.com\/pierrebarros.fr\/wp-content\/uploads\/2024\/11\/18.jpg?w=1200&amp;ssl=1 1200w\" sizes=\"(max-width: 768px) 100vw, 768px\" \/><\/figure>\n\n\n\n<figure class=\"wp-block-image size-large\"><img data-recalc-dims=\"1\" loading=\"lazy\" decoding=\"async\" width=\"768\" height=\"1024\" data-id=\"1947\" src=\"https:\/\/i0.wp.com\/pierrebarros.fr\/wp-content\/uploads\/2024\/11\/17-1.jpg?resize=768%2C1024&#038;ssl=1\" alt=\"\" class=\"wp-image-1947\" srcset=\"https:\/\/i0.wp.com\/pierrebarros.fr\/wp-content\/uploads\/2024\/11\/17-1.jpg?resize=768%2C1024&amp;ssl=1 768w, https:\/\/i0.wp.com\/pierrebarros.fr\/wp-content\/uploads\/2024\/11\/17-1.jpg?resize=225%2C300&amp;ssl=1 225w, https:\/\/i0.wp.com\/pierrebarros.fr\/wp-content\/uploads\/2024\/11\/17-1.jpg?resize=1152%2C1536&amp;ssl=1 1152w, https:\/\/i0.wp.com\/pierrebarros.fr\/wp-content\/uploads\/2024\/11\/17-1.jpg?w=1200&amp;ssl=1 1200w\" sizes=\"(max-width: 768px) 100vw, 768px\" \/><\/figure>\n\n\n\n<figure class=\"wp-block-image size-large\"><img data-recalc-dims=\"1\" loading=\"lazy\" decoding=\"async\" width=\"768\" height=\"1024\" data-id=\"1946\" src=\"https:\/\/i0.wp.com\/pierrebarros.fr\/wp-content\/uploads\/2024\/11\/16.jpg?resize=768%2C1024&#038;ssl=1\" alt=\"\" class=\"wp-image-1946\" srcset=\"https:\/\/i0.wp.com\/pierrebarros.fr\/wp-content\/uploads\/2024\/11\/16.jpg?resize=768%2C1024&amp;ssl=1 768w, https:\/\/i0.wp.com\/pierrebarros.fr\/wp-content\/uploads\/2024\/11\/16.jpg?resize=225%2C300&amp;ssl=1 225w, https:\/\/i0.wp.com\/pierrebarros.fr\/wp-content\/uploads\/2024\/11\/16.jpg?resize=1152%2C1536&amp;ssl=1 1152w, https:\/\/i0.wp.com\/pierrebarros.fr\/wp-content\/uploads\/2024\/11\/16.jpg?w=1200&amp;ssl=1 1200w\" sizes=\"(max-width: 768px) 100vw, 768px\" \/><\/figure>\n\n\n\n<figure class=\"wp-block-image size-large\"><img data-recalc-dims=\"1\" loading=\"lazy\" decoding=\"async\" width=\"1024\" height=\"768\" data-id=\"1945\" src=\"https:\/\/i0.wp.com\/pierrebarros.fr\/wp-content\/uploads\/2024\/11\/15-1.jpg?resize=1024%2C768&#038;ssl=1\" alt=\"\" class=\"wp-image-1945\" srcset=\"https:\/\/i0.wp.com\/pierrebarros.fr\/wp-content\/uploads\/2024\/11\/15-1.jpg?resize=1024%2C768&amp;ssl=1 1024w, https:\/\/i0.wp.com\/pierrebarros.fr\/wp-content\/uploads\/2024\/11\/15-1.jpg?resize=300%2C225&amp;ssl=1 300w, https:\/\/i0.wp.com\/pierrebarros.fr\/wp-content\/uploads\/2024\/11\/15-1.jpg?resize=768%2C576&amp;ssl=1 768w, https:\/\/i0.wp.com\/pierrebarros.fr\/wp-content\/uploads\/2024\/11\/15-1.jpg?resize=1536%2C1152&amp;ssl=1 1536w, https:\/\/i0.wp.com\/pierrebarros.fr\/wp-content\/uploads\/2024\/11\/15-1.jpg?w=1600&amp;ssl=1 1600w\" sizes=\"(max-width: 1000px) 100vw, 1000px\" \/><\/figure>\n<\/figure>\n\n\n\n<p><strong>Eragny sur Oise &#8211; <\/strong>Dans tous les coll\u00e8ges et les lyc\u00e9es de France, une minute de silence a \u00e9t\u00e9 organis\u00e9e en ce mois d\u2019octobre en hommage aux professeurs Samuel Paty et Dominique Bernard, assassin\u00e9s, victimes du terrorisme islamiste. Rendre hommage \u00e0 ces deux professeurs, c\u2019est honorer leur m\u00e9moire et les valeurs de la R\u00e9publique qu\u2019ils incarnaient et qu\u2019ils transmettaient dans leurs fonctions. J\u2019\u00e9tais pr\u00e9sent de mon c\u00f4t\u00e9 \u00e0 Eragny-sur-Oise, ville natale de Samuel Paty, pour ce moment de comm\u00e9moration. Ne jamais oublier les victimes et faire vivre chaque jour ces valeurs de la R\u00e9publique, tel est notre devoir de m\u00e9moire.<\/p>\n\n\n\n<figure class=\"wp-block-gallery has-nested-images columns-default is-cropped wp-block-gallery-5 is-layout-flex wp-block-gallery-is-layout-flex\">\n<figure class=\"wp-block-image size-large\"><img data-recalc-dims=\"1\" loading=\"lazy\" decoding=\"async\" width=\"1024\" height=\"768\" data-id=\"1960\" src=\"https:\/\/i0.wp.com\/pierrebarros.fr\/wp-content\/uploads\/2024\/11\/30.jpg?resize=1024%2C768&#038;ssl=1\" alt=\"\" class=\"wp-image-1960\" srcset=\"https:\/\/i0.wp.com\/pierrebarros.fr\/wp-content\/uploads\/2024\/11\/30.jpg?resize=1024%2C768&amp;ssl=1 1024w, https:\/\/i0.wp.com\/pierrebarros.fr\/wp-content\/uploads\/2024\/11\/30.jpg?resize=300%2C225&amp;ssl=1 300w, https:\/\/i0.wp.com\/pierrebarros.fr\/wp-content\/uploads\/2024\/11\/30.jpg?resize=768%2C576&amp;ssl=1 768w, https:\/\/i0.wp.com\/pierrebarros.fr\/wp-content\/uploads\/2024\/11\/30.jpg?resize=1536%2C1152&amp;ssl=1 1536w, https:\/\/i0.wp.com\/pierrebarros.fr\/wp-content\/uploads\/2024\/11\/30.jpg?w=1600&amp;ssl=1 1600w\" sizes=\"(max-width: 1000px) 100vw, 1000px\" \/><\/figure>\n\n\n\n<figure class=\"wp-block-image size-large\"><img data-recalc-dims=\"1\" loading=\"lazy\" decoding=\"async\" width=\"1024\" height=\"768\" data-id=\"1959\" src=\"https:\/\/i0.wp.com\/pierrebarros.fr\/wp-content\/uploads\/2024\/11\/29.jpg?resize=1024%2C768&#038;ssl=1\" alt=\"\" class=\"wp-image-1959\" srcset=\"https:\/\/i0.wp.com\/pierrebarros.fr\/wp-content\/uploads\/2024\/11\/29.jpg?resize=1024%2C768&amp;ssl=1 1024w, https:\/\/i0.wp.com\/pierrebarros.fr\/wp-content\/uploads\/2024\/11\/29.jpg?resize=300%2C225&amp;ssl=1 300w, https:\/\/i0.wp.com\/pierrebarros.fr\/wp-content\/uploads\/2024\/11\/29.jpg?resize=768%2C576&amp;ssl=1 768w, https:\/\/i0.wp.com\/pierrebarros.fr\/wp-content\/uploads\/2024\/11\/29.jpg?resize=1536%2C1152&amp;ssl=1 1536w, https:\/\/i0.wp.com\/pierrebarros.fr\/wp-content\/uploads\/2024\/11\/29.jpg?w=1600&amp;ssl=1 1600w\" sizes=\"(max-width: 1000px) 100vw, 1000px\" \/><\/figure>\n<\/figure>\n\n\n\n<h5 class=\"wp-block-heading\"><strong>\u00catre pr\u00e9sent \u00e0 vos c\u00f4t\u00e9s pour inaugurer des nouveaux \u00e9quipements et participer aux \u00e9v\u00e9nements en Val d\u2019Oise <\/strong><\/h5>\n\n\n\n<p><strong>Saint-Martin-du-Tertre &#8211; <\/strong>J\u2019\u00e9tais pr\u00e9sent le 12 octobre dernier \u00e0 Saint Martin du Tertre pour inaugurer le restaurant scolaire et le Centre de Loisirs Sans H\u00e9bergement de la ville. Je remercie Monsieur Thierry PICHERY, Maire de la commune, pour son invitation \u00e0 ce moment si amical. Cet \u00e9quipement r\u00e9pond aux besoins d\u2019une population qui augmente chaque ann\u00e9e&nbsp;: c\u2019est la perspective d\u2019une \u00e9volution de +30% de la population \u00e0 horizon 2040 qui a mis en \u00e9vidence la n\u00e9cessit\u00e9 de r\u00e9nover la cantine et de s\u2019adapter aux futures contraintes. Une belle r\u00e9ussite&nbsp;!<\/p>\n\n\n\n<figure class=\"wp-block-gallery has-nested-images columns-default is-cropped wp-block-gallery-6 is-layout-flex wp-block-gallery-is-layout-flex\">\n<figure class=\"wp-block-image size-large\"><img data-recalc-dims=\"1\" loading=\"lazy\" decoding=\"async\" width=\"1024\" height=\"768\" data-id=\"1985\" src=\"https:\/\/i0.wp.com\/pierrebarros.fr\/wp-content\/uploads\/2024\/11\/1-4.jpg?resize=1024%2C768&#038;ssl=1\" alt=\"\" class=\"wp-image-1985\" srcset=\"https:\/\/i0.wp.com\/pierrebarros.fr\/wp-content\/uploads\/2024\/11\/1-4.jpg?resize=1024%2C768&amp;ssl=1 1024w, https:\/\/i0.wp.com\/pierrebarros.fr\/wp-content\/uploads\/2024\/11\/1-4.jpg?resize=300%2C225&amp;ssl=1 300w, https:\/\/i0.wp.com\/pierrebarros.fr\/wp-content\/uploads\/2024\/11\/1-4.jpg?resize=768%2C576&amp;ssl=1 768w, https:\/\/i0.wp.com\/pierrebarros.fr\/wp-content\/uploads\/2024\/11\/1-4.jpg?resize=1536%2C1152&amp;ssl=1 1536w, https:\/\/i0.wp.com\/pierrebarros.fr\/wp-content\/uploads\/2024\/11\/1-4.jpg?w=1600&amp;ssl=1 1600w\" sizes=\"(max-width: 1000px) 100vw, 1000px\" \/><\/figure>\n\n\n\n<figure class=\"wp-block-image size-large\"><img data-recalc-dims=\"1\" loading=\"lazy\" decoding=\"async\" width=\"1024\" height=\"768\" data-id=\"1986\" src=\"https:\/\/i0.wp.com\/pierrebarros.fr\/wp-content\/uploads\/2024\/11\/2-4.jpg?resize=1024%2C768&#038;ssl=1\" alt=\"\" class=\"wp-image-1986\" srcset=\"https:\/\/i0.wp.com\/pierrebarros.fr\/wp-content\/uploads\/2024\/11\/2-4.jpg?resize=1024%2C768&amp;ssl=1 1024w, https:\/\/i0.wp.com\/pierrebarros.fr\/wp-content\/uploads\/2024\/11\/2-4.jpg?resize=300%2C225&amp;ssl=1 300w, https:\/\/i0.wp.com\/pierrebarros.fr\/wp-content\/uploads\/2024\/11\/2-4.jpg?resize=768%2C576&amp;ssl=1 768w, https:\/\/i0.wp.com\/pierrebarros.fr\/wp-content\/uploads\/2024\/11\/2-4.jpg?resize=1536%2C1152&amp;ssl=1 1536w, https:\/\/i0.wp.com\/pierrebarros.fr\/wp-content\/uploads\/2024\/11\/2-4.jpg?w=1600&amp;ssl=1 1600w\" sizes=\"(max-width: 1000px) 100vw, 1000px\" \/><\/figure>\n<\/figure>\n\n\n\n<p><strong>Le Mesnil-Amelot &#8211; <\/strong>C\u2019est \u00e0 Le Mesnil-Amelot que je me suis aussi rendu le 15 octobre 2024 pour le bapt\u00eame du tunnelier de la ligne 17. Ce&nbsp;5<sup>e<\/sup>&nbsp;tunnelier&nbsp;de la future ligne 17&nbsp;du m\u00e9tro s\u2019appelle \u00ab&nbsp;Virginie&nbsp;\u00bb, pr\u00e9nom donn\u00e9 par les \u00e9l\u00e8ves de l\u2019\u00e9cole primaire Antoine de Saint-Exup\u00e9ry de la ville et ce en l\u2019honneur de Virginie Guyot, premi\u00e8re femme \u00e0 avoir int\u00e9gr\u00e9, puis dirig\u00e9 la Patrouille de France entre 2008 et 2010. La c\u00e9r\u00e9monie s\u2019est d\u00e9roul\u00e9e sur le site de la future gare du Mesnil-Amelot, point de d\u00e9part de cette ligne 17, qui passera en Val d\u2019Oise et qui fait partie du&nbsp;projet du Grand Paris Express. Un \u00e9quipement impressionnant&nbsp;!<\/p>\n\n\n\n<figure class=\"wp-block-gallery has-nested-images columns-default is-cropped wp-block-gallery-7 is-layout-flex wp-block-gallery-is-layout-flex\">\n<figure class=\"wp-block-image size-large\"><img data-recalc-dims=\"1\" loading=\"lazy\" decoding=\"async\" width=\"1024\" height=\"768\" data-id=\"1991\" src=\"https:\/\/i0.wp.com\/pierrebarros.fr\/wp-content\/uploads\/2024\/11\/16802b86-6e43-4c9d-b5b9-9003a311aceb.jpg?resize=1024%2C768&#038;ssl=1\" alt=\"\" class=\"wp-image-1991\" srcset=\"https:\/\/i0.wp.com\/pierrebarros.fr\/wp-content\/uploads\/2024\/11\/16802b86-6e43-4c9d-b5b9-9003a311aceb.jpg?resize=1024%2C768&amp;ssl=1 1024w, https:\/\/i0.wp.com\/pierrebarros.fr\/wp-content\/uploads\/2024\/11\/16802b86-6e43-4c9d-b5b9-9003a311aceb.jpg?resize=300%2C225&amp;ssl=1 300w, https:\/\/i0.wp.com\/pierrebarros.fr\/wp-content\/uploads\/2024\/11\/16802b86-6e43-4c9d-b5b9-9003a311aceb.jpg?resize=768%2C576&amp;ssl=1 768w, https:\/\/i0.wp.com\/pierrebarros.fr\/wp-content\/uploads\/2024\/11\/16802b86-6e43-4c9d-b5b9-9003a311aceb.jpg?resize=1536%2C1152&amp;ssl=1 1536w, https:\/\/i0.wp.com\/pierrebarros.fr\/wp-content\/uploads\/2024\/11\/16802b86-6e43-4c9d-b5b9-9003a311aceb.jpg?w=1600&amp;ssl=1 1600w\" sizes=\"(max-width: 1000px) 100vw, 1000px\" \/><\/figure>\n\n\n\n<figure class=\"wp-block-image size-large\"><img data-recalc-dims=\"1\" loading=\"lazy\" decoding=\"async\" width=\"1024\" height=\"768\" data-id=\"1990\" src=\"https:\/\/i0.wp.com\/pierrebarros.fr\/wp-content\/uploads\/2024\/11\/821ee27d-57b2-466a-9afe-1aea5caa062e.jpg?resize=1024%2C768&#038;ssl=1\" alt=\"\" class=\"wp-image-1990\" srcset=\"https:\/\/i0.wp.com\/pierrebarros.fr\/wp-content\/uploads\/2024\/11\/821ee27d-57b2-466a-9afe-1aea5caa062e.jpg?resize=1024%2C768&amp;ssl=1 1024w, https:\/\/i0.wp.com\/pierrebarros.fr\/wp-content\/uploads\/2024\/11\/821ee27d-57b2-466a-9afe-1aea5caa062e.jpg?resize=300%2C225&amp;ssl=1 300w, https:\/\/i0.wp.com\/pierrebarros.fr\/wp-content\/uploads\/2024\/11\/821ee27d-57b2-466a-9afe-1aea5caa062e.jpg?resize=768%2C576&amp;ssl=1 768w, https:\/\/i0.wp.com\/pierrebarros.fr\/wp-content\/uploads\/2024\/11\/821ee27d-57b2-466a-9afe-1aea5caa062e.jpg?resize=1536%2C1152&amp;ssl=1 1536w, https:\/\/i0.wp.com\/pierrebarros.fr\/wp-content\/uploads\/2024\/11\/821ee27d-57b2-466a-9afe-1aea5caa062e.jpg?w=1600&amp;ssl=1 1600w\" sizes=\"(max-width: 1000px) 100vw, 1000px\" \/><\/figure>\n<\/figure>\n\n\n\n<p><strong>Goussainville &#8211; <\/strong>Je remercie Monsieur le Maire de Goussainville Abdelaziz Hamida pour son invitation \u00e0 l\u2019inauguration de la m\u00e9diath\u00e8que de Goussainville, situ\u00e9e aux Grandes Bornes le 15 octobre dernier. Cette m\u00e9diath\u00e8que Fran\u00e7ois Mauriac et sa nouvelle salle d&rsquo;\u00e9tude Dominique Bernard ont \u00e9t\u00e9 inaugur\u00e9es au c\u0153ur du quartier. Ce nouvel espace culturel est essentiel dans notre soci\u00e9t\u00e9 o\u00f9 le num\u00e9rique prend de plus en plus de place dans nos relations sociales. Se poser, lire un livre, discuter, d\u00e9couvrir soi-m\u00eame le monde culturel qui nous entoure : c\u2019est une chance pour les jeunes et moins jeunes d\u2019acc\u00e9der aux divers m\u00e9dias et \u00e0 la lecture au plus pr\u00e8s de leur habitat. Merci \u00e0 la la ville de Goussainville de donner \u00e0 la culture la place qu\u2019elle m\u00e9rite dans nos quartiers.<\/p>\n\n\n\n<figure class=\"wp-block-gallery has-nested-images columns-default is-cropped wp-block-gallery-8 is-layout-flex wp-block-gallery-is-layout-flex\">\n<figure class=\"wp-block-image size-large\"><img data-recalc-dims=\"1\" loading=\"lazy\" decoding=\"async\" width=\"1024\" height=\"768\" data-id=\"1964\" src=\"https:\/\/i0.wp.com\/pierrebarros.fr\/wp-content\/uploads\/2024\/11\/34.jpg?resize=1024%2C768&#038;ssl=1\" alt=\"\" class=\"wp-image-1964\" srcset=\"https:\/\/i0.wp.com\/pierrebarros.fr\/wp-content\/uploads\/2024\/11\/34.jpg?resize=1024%2C768&amp;ssl=1 1024w, https:\/\/i0.wp.com\/pierrebarros.fr\/wp-content\/uploads\/2024\/11\/34.jpg?resize=300%2C225&amp;ssl=1 300w, https:\/\/i0.wp.com\/pierrebarros.fr\/wp-content\/uploads\/2024\/11\/34.jpg?resize=768%2C576&amp;ssl=1 768w, https:\/\/i0.wp.com\/pierrebarros.fr\/wp-content\/uploads\/2024\/11\/34.jpg?resize=1536%2C1152&amp;ssl=1 1536w, https:\/\/i0.wp.com\/pierrebarros.fr\/wp-content\/uploads\/2024\/11\/34.jpg?w=1600&amp;ssl=1 1600w\" sizes=\"(max-width: 1000px) 100vw, 1000px\" \/><\/figure>\n\n\n\n<figure class=\"wp-block-image size-large\"><img data-recalc-dims=\"1\" loading=\"lazy\" decoding=\"async\" width=\"1024\" height=\"768\" data-id=\"1965\" src=\"https:\/\/i0.wp.com\/pierrebarros.fr\/wp-content\/uploads\/2024\/11\/35.jpg?resize=1024%2C768&#038;ssl=1\" alt=\"\" class=\"wp-image-1965\" srcset=\"https:\/\/i0.wp.com\/pierrebarros.fr\/wp-content\/uploads\/2024\/11\/35.jpg?resize=1024%2C768&amp;ssl=1 1024w, https:\/\/i0.wp.com\/pierrebarros.fr\/wp-content\/uploads\/2024\/11\/35.jpg?resize=300%2C225&amp;ssl=1 300w, https:\/\/i0.wp.com\/pierrebarros.fr\/wp-content\/uploads\/2024\/11\/35.jpg?resize=768%2C576&amp;ssl=1 768w, https:\/\/i0.wp.com\/pierrebarros.fr\/wp-content\/uploads\/2024\/11\/35.jpg?resize=1536%2C1152&amp;ssl=1 1536w, https:\/\/i0.wp.com\/pierrebarros.fr\/wp-content\/uploads\/2024\/11\/35.jpg?w=1600&amp;ssl=1 1600w\" sizes=\"(max-width: 1000px) 100vw, 1000px\" \/><\/figure>\n\n\n\n<figure class=\"wp-block-image size-large\"><img data-recalc-dims=\"1\" loading=\"lazy\" decoding=\"async\" width=\"1024\" height=\"768\" data-id=\"1966\" src=\"https:\/\/i0.wp.com\/pierrebarros.fr\/wp-content\/uploads\/2024\/11\/36.jpg?resize=1024%2C768&#038;ssl=1\" alt=\"\" class=\"wp-image-1966\" srcset=\"https:\/\/i0.wp.com\/pierrebarros.fr\/wp-content\/uploads\/2024\/11\/36.jpg?resize=1024%2C768&amp;ssl=1 1024w, https:\/\/i0.wp.com\/pierrebarros.fr\/wp-content\/uploads\/2024\/11\/36.jpg?resize=300%2C225&amp;ssl=1 300w, https:\/\/i0.wp.com\/pierrebarros.fr\/wp-content\/uploads\/2024\/11\/36.jpg?resize=768%2C576&amp;ssl=1 768w, https:\/\/i0.wp.com\/pierrebarros.fr\/wp-content\/uploads\/2024\/11\/36.jpg?resize=1536%2C1152&amp;ssl=1 1536w, https:\/\/i0.wp.com\/pierrebarros.fr\/wp-content\/uploads\/2024\/11\/36.jpg?w=1600&amp;ssl=1 1600w\" sizes=\"(max-width: 1000px) 100vw, 1000px\" \/><\/figure>\n<\/figure>\n\n\n\n<p><strong>Arnouville &#8211; <\/strong>Et c\u2019est \u00e0 Arnouville que le 21 octobre dernier fut \u00e9galement inaugur\u00e9e la nouvelle \u00e9cole. Je remercie Monsieur le Pr\u00e9sident pour son invitation \u00e0 ce bel \u00e9v\u00e8nement. Je remercie Monsieur le Pr\u00e9sident Pascal Doll, Maire d\u2019Arnouville pour son invitation \u00e0 ouvrir ce nouveau b\u00e2timent. Une partie de l\u2019ancienne \u00e9cole va pouvoir y \u00eatre transf\u00e9r\u00e9e et aura lieu ensuite l\u2019augmentation de la capacit\u00e9 d\u2019accueil de l\u2019\u00e9cole ou encore la cr\u00e9ation de nouveaux espaces pour une fin des travaux attendue en 2026. Le Val d\u2019Oise est, plus que jamais, un d\u00e9partement des plus dynamiques&nbsp;!<\/p>\n\n\n\n<figure class=\"wp-block-image size-full\"><img data-recalc-dims=\"1\" loading=\"lazy\" decoding=\"async\" width=\"770\" height=\"437\" src=\"https:\/\/i0.wp.com\/pierrebarros.fr\/wp-content\/uploads\/2024\/11\/198735_309_reconstruction-ecole-arnouville.jpg?resize=770%2C437&#038;ssl=1\" alt=\"\" class=\"wp-image-1995\" srcset=\"https:\/\/i0.wp.com\/pierrebarros.fr\/wp-content\/uploads\/2024\/11\/198735_309_reconstruction-ecole-arnouville.jpg?w=770&amp;ssl=1 770w, https:\/\/i0.wp.com\/pierrebarros.fr\/wp-content\/uploads\/2024\/11\/198735_309_reconstruction-ecole-arnouville.jpg?resize=300%2C170&amp;ssl=1 300w, https:\/\/i0.wp.com\/pierrebarros.fr\/wp-content\/uploads\/2024\/11\/198735_309_reconstruction-ecole-arnouville.jpg?resize=768%2C436&amp;ssl=1 768w\" sizes=\"(max-width: 770px) 100vw, 770px\" \/><\/figure>\n\n\n\n<p><strong>Garges-l\u00e8s-Gonesse &#8211; <\/strong>Et pour terminer ce mois d\u2019octobre 2024, j\u2019\u00e9tais pr\u00e9sent le jeudi 31 octobre \u00e0 Garges-l\u00e8s-Gonesse pour la visite de la maison de sant\u00e9 pluriprofessionnelle par Madame Genevi\u00e8ve Darrieussecq, ministre de la Sant\u00e9 et de l\u2019Acc\u00e8s aux soins. Ces maisons regroupent des professionnels de sant\u00e9 m\u00e9dicaux et param\u00e9dicaux, en statut lib\u00e9ral, qui b\u00e9n\u00e9ficient d\u2019un cadre de travail collectif ; cadre soutenu par l\u2019Agence R\u00e9gionale de Sant\u00e9. Dans nos villes et nos villages \u00e9loign\u00e9es des villes p\u00e9riph\u00e9riques, c\u2019est justement l\u2019attractivit\u00e9 de ces professionnels lib\u00e9raux qui fait d\u00e9faut. Alors ces villes et villages essayent d\u2019unir leurs forces et surtout leurs moyens, pour cr\u00e9er des centres communaux de sant\u00e9, o\u00f9 les m\u00e9decins sont recrut\u00e9s directement par les collectivit\u00e9s et deviennent des agents de service public dont nous avons fort besoin ! J\u2019ai donc d\u00e9fendu avec d\u00e9termination le soutien financier aux communes, et notamment aux plus petites, pour encourager le d\u00e9veloppement de ce mod\u00e8le et le faire fonctionner dans la dur\u00e9e. C\u2019est ensemble que nous pourrons lutter efficacement contre le d\u00e9sert m\u00e9dical.<\/p>\n\n\n\n<figure class=\"wp-block-gallery has-nested-images columns-default is-cropped wp-block-gallery-9 is-layout-flex wp-block-gallery-is-layout-flex\">\n<figure class=\"wp-block-image size-large\"><img data-recalc-dims=\"1\" loading=\"lazy\" decoding=\"async\" width=\"1024\" height=\"682\" data-id=\"1897\" src=\"https:\/\/i0.wp.com\/pierrebarros.fr\/wp-content\/uploads\/2024\/11\/7-1.jpg?resize=1024%2C682&#038;ssl=1\" alt=\"\" class=\"wp-image-1897\" srcset=\"https:\/\/i0.wp.com\/pierrebarros.fr\/wp-content\/uploads\/2024\/11\/7-1.jpg?resize=1024%2C682&amp;ssl=1 1024w, https:\/\/i0.wp.com\/pierrebarros.fr\/wp-content\/uploads\/2024\/11\/7-1.jpg?resize=300%2C200&amp;ssl=1 300w, https:\/\/i0.wp.com\/pierrebarros.fr\/wp-content\/uploads\/2024\/11\/7-1.jpg?resize=768%2C512&amp;ssl=1 768w, https:\/\/i0.wp.com\/pierrebarros.fr\/wp-content\/uploads\/2024\/11\/7-1.jpg?resize=1536%2C1023&amp;ssl=1 1536w, https:\/\/i0.wp.com\/pierrebarros.fr\/wp-content\/uploads\/2024\/11\/7-1.jpg?w=1600&amp;ssl=1 1600w\" sizes=\"(max-width: 1000px) 100vw, 1000px\" \/><\/figure>\n\n\n\n<figure class=\"wp-block-image size-large\"><img data-recalc-dims=\"1\" loading=\"lazy\" decoding=\"async\" width=\"1024\" height=\"682\" data-id=\"1899\" src=\"https:\/\/i0.wp.com\/pierrebarros.fr\/wp-content\/uploads\/2024\/11\/11.jpg?resize=1024%2C682&#038;ssl=1\" alt=\"\" class=\"wp-image-1899\" srcset=\"https:\/\/i0.wp.com\/pierrebarros.fr\/wp-content\/uploads\/2024\/11\/11.jpg?resize=1024%2C682&amp;ssl=1 1024w, https:\/\/i0.wp.com\/pierrebarros.fr\/wp-content\/uploads\/2024\/11\/11.jpg?resize=300%2C200&amp;ssl=1 300w, https:\/\/i0.wp.com\/pierrebarros.fr\/wp-content\/uploads\/2024\/11\/11.jpg?resize=768%2C512&amp;ssl=1 768w, https:\/\/i0.wp.com\/pierrebarros.fr\/wp-content\/uploads\/2024\/11\/11.jpg?resize=1536%2C1023&amp;ssl=1 1536w, https:\/\/i0.wp.com\/pierrebarros.fr\/wp-content\/uploads\/2024\/11\/11.jpg?w=1600&amp;ssl=1 1600w\" sizes=\"(max-width: 1000px) 100vw, 1000px\" \/><\/figure>\n\n\n\n<figure class=\"wp-block-image size-large\"><img data-recalc-dims=\"1\" loading=\"lazy\" decoding=\"async\" width=\"1024\" height=\"682\" data-id=\"1898\" src=\"https:\/\/i0.wp.com\/pierrebarros.fr\/wp-content\/uploads\/2024\/11\/9.jpg?resize=1024%2C682&#038;ssl=1\" alt=\"\" class=\"wp-image-1898\" srcset=\"https:\/\/i0.wp.com\/pierrebarros.fr\/wp-content\/uploads\/2024\/11\/9.jpg?resize=1024%2C682&amp;ssl=1 1024w, https:\/\/i0.wp.com\/pierrebarros.fr\/wp-content\/uploads\/2024\/11\/9.jpg?resize=300%2C200&amp;ssl=1 300w, https:\/\/i0.wp.com\/pierrebarros.fr\/wp-content\/uploads\/2024\/11\/9.jpg?resize=768%2C512&amp;ssl=1 768w, https:\/\/i0.wp.com\/pierrebarros.fr\/wp-content\/uploads\/2024\/11\/9.jpg?resize=1536%2C1023&amp;ssl=1 1536w, https:\/\/i0.wp.com\/pierrebarros.fr\/wp-content\/uploads\/2024\/11\/9.jpg?w=1600&amp;ssl=1 1600w\" sizes=\"(max-width: 1000px) 100vw, 1000px\" \/><\/figure>\n\n\n\n<figure class=\"wp-block-image size-large\"><img data-recalc-dims=\"1\" loading=\"lazy\" decoding=\"async\" width=\"1024\" height=\"768\" data-id=\"1894\" src=\"https:\/\/i0.wp.com\/pierrebarros.fr\/wp-content\/uploads\/2024\/11\/1-1.jpg?resize=1024%2C768&#038;ssl=1\" alt=\"\" class=\"wp-image-1894\" srcset=\"https:\/\/i0.wp.com\/pierrebarros.fr\/wp-content\/uploads\/2024\/11\/1-1.jpg?resize=1024%2C768&amp;ssl=1 1024w, https:\/\/i0.wp.com\/pierrebarros.fr\/wp-content\/uploads\/2024\/11\/1-1.jpg?resize=300%2C225&amp;ssl=1 300w, https:\/\/i0.wp.com\/pierrebarros.fr\/wp-content\/uploads\/2024\/11\/1-1.jpg?resize=768%2C576&amp;ssl=1 768w, https:\/\/i0.wp.com\/pierrebarros.fr\/wp-content\/uploads\/2024\/11\/1-1.jpg?resize=1536%2C1152&amp;ssl=1 1536w, https:\/\/i0.wp.com\/pierrebarros.fr\/wp-content\/uploads\/2024\/11\/1-1.jpg?w=1600&amp;ssl=1 1600w\" sizes=\"(max-width: 1000px) 100vw, 1000px\" \/><\/figure>\n\n\n\n<figure class=\"wp-block-image size-large\"><img data-recalc-dims=\"1\" loading=\"lazy\" decoding=\"async\" width=\"1024\" height=\"644\" data-id=\"1895\" src=\"https:\/\/i0.wp.com\/pierrebarros.fr\/wp-content\/uploads\/2024\/11\/2-2.jpg?resize=1024%2C644&#038;ssl=1\" alt=\"\" class=\"wp-image-1895\" srcset=\"https:\/\/i0.wp.com\/pierrebarros.fr\/wp-content\/uploads\/2024\/11\/2-2.jpg?resize=1024%2C644&amp;ssl=1 1024w, https:\/\/i0.wp.com\/pierrebarros.fr\/wp-content\/uploads\/2024\/11\/2-2.jpg?resize=300%2C189&amp;ssl=1 300w, https:\/\/i0.wp.com\/pierrebarros.fr\/wp-content\/uploads\/2024\/11\/2-2.jpg?resize=768%2C483&amp;ssl=1 768w, https:\/\/i0.wp.com\/pierrebarros.fr\/wp-content\/uploads\/2024\/11\/2-2.jpg?resize=1536%2C966&amp;ssl=1 1536w, https:\/\/i0.wp.com\/pierrebarros.fr\/wp-content\/uploads\/2024\/11\/2-2.jpg?w=1600&amp;ssl=1 1600w\" sizes=\"(max-width: 1000px) 100vw, 1000px\" \/><\/figure>\n\n\n\n<figure class=\"wp-block-image size-large\"><img data-recalc-dims=\"1\" loading=\"lazy\" decoding=\"async\" width=\"1024\" height=\"576\" data-id=\"1896\" src=\"https:\/\/i0.wp.com\/pierrebarros.fr\/wp-content\/uploads\/2024\/11\/3-1.jpg?resize=1024%2C576&#038;ssl=1\" alt=\"\" class=\"wp-image-1896\" srcset=\"https:\/\/i0.wp.com\/pierrebarros.fr\/wp-content\/uploads\/2024\/11\/3-1.jpg?resize=1024%2C576&amp;ssl=1 1024w, https:\/\/i0.wp.com\/pierrebarros.fr\/wp-content\/uploads\/2024\/11\/3-1.jpg?resize=300%2C169&amp;ssl=1 300w, https:\/\/i0.wp.com\/pierrebarros.fr\/wp-content\/uploads\/2024\/11\/3-1.jpg?resize=768%2C432&amp;ssl=1 768w, https:\/\/i0.wp.com\/pierrebarros.fr\/wp-content\/uploads\/2024\/11\/3-1.jpg?resize=1536%2C864&amp;ssl=1 1536w, https:\/\/i0.wp.com\/pierrebarros.fr\/wp-content\/uploads\/2024\/11\/3-1.jpg?w=1600&amp;ssl=1 1600w\" sizes=\"(max-width: 1000px) 100vw, 1000px\" \/><\/figure>\n<\/figure>\n\n\n\n<p><strong>Et partout dans le D\u00e9partement &#8211; Octobre Rose &#8211; <\/strong>Demain sonne la fin de ce mois d\u2019octobre, color\u00e9 de rose dans de nombreuses communes. \u00ab Octobre rose \u00bb, c\u2019est le mois de la sensibilisation pour la pr\u00e9vention et le d\u00e9pistage du cancer du sein. Le cancer du sein est le plus fr\u00e9quent et le plus mortel chez la femme. Mais plus le cancer du sein est d\u00e9tect\u00e9 t\u00f4t, mieux il se soigne et se gu\u00e9rit. Merci \u00e0 toutes les \u00e9lues &amp; \u00e9lus, toutes les communes, associations et citoyennes &amp; citoyens qui se sont engag\u00e9s dans cette lutte et ont organis\u00e9 partout des marches, courses, expositions, pour sensibiliser \u00e0 cette maladie&nbsp;: c\u2019est cela aussi le service public.  Parall\u00e8lement \u00e0 ce mois d\u2019Octobre, le groupe CRCE-K dont je fais partie, a propos\u00e9 une proposition de loi au S\u00e9nat visant \u00e0 prendre en charge la totalit\u00e9 des soins li\u00e9s au cancer du sein. Cette proposition a \u00e9t\u00e9 vot\u00e9e \u00e0 l\u2019unanimit\u00e9. Elle doit d\u00e9sormais continuer sa navette \u00e0 l\u2018Assembl\u00e9e nationale pour \u00eatre d\u00e9finitivement adopt\u00e9e.<\/p>\n\n\n\n<figure class=\"wp-block-gallery has-nested-images columns-default is-cropped wp-block-gallery-10 is-layout-flex wp-block-gallery-is-layout-flex\">\n<figure class=\"wp-block-image size-large\"><img data-recalc-dims=\"1\" loading=\"lazy\" decoding=\"async\" width=\"1024\" height=\"768\" data-id=\"1906\" src=\"https:\/\/i0.wp.com\/pierrebarros.fr\/wp-content\/uploads\/2024\/11\/10.jpg?resize=1024%2C768&#038;ssl=1\" alt=\"\" class=\"wp-image-1906\" srcset=\"https:\/\/i0.wp.com\/pierrebarros.fr\/wp-content\/uploads\/2024\/11\/10-scaled.jpg?resize=1024%2C768&amp;ssl=1 1024w, https:\/\/i0.wp.com\/pierrebarros.fr\/wp-content\/uploads\/2024\/11\/10-scaled.jpg?resize=300%2C225&amp;ssl=1 300w, https:\/\/i0.wp.com\/pierrebarros.fr\/wp-content\/uploads\/2024\/11\/10-scaled.jpg?resize=768%2C576&amp;ssl=1 768w, https:\/\/i0.wp.com\/pierrebarros.fr\/wp-content\/uploads\/2024\/11\/10-scaled.jpg?resize=1536%2C1152&amp;ssl=1 1536w, https:\/\/i0.wp.com\/pierrebarros.fr\/wp-content\/uploads\/2024\/11\/10-scaled.jpg?resize=2048%2C1536&amp;ssl=1 2048w\" sizes=\"(max-width: 1000px) 100vw, 1000px\" \/><\/figure>\n<\/figure>\n\n\n\n<h4 class=\"wp-block-heading\"><strong>A vos c\u00f4t\u00e9s, au plus pr\u00e8s, gr\u00e2ce \u00e0 l\u2019exercice de mon mandat local<\/strong><\/h4>\n\n\n\n<p>Conseiller municipal et communautaire de l\u2019agglom\u00e9ration de Roissy-Pays-de-France, j\u2019ai \u00e0 c\u0153ur d\u2019\u00eatre pr\u00e9sent le plus possible aux c\u00f4t\u00e9s des \u00e9lus, des habitants, des acteurs locaux et des services publics. Participer \u00e0 la vie locale est essentielle&nbsp;: cet aller-retour entre le Palais du Luxembourg et nos villes et nos villages en Val d\u2019Oise doit permettre d\u2019\u00eatre toujours en prises avec les r\u00e9alit\u00e9s locales et d\u00e9fendre avec pertinence nos services publics.<\/p>\n\n\n\n<p>C\u2019est ainsi que dans un d\u00e9cor lumineux des plus automnal, j\u2019ai particip\u00e9 le 2 octobre au Banquet des S\u00e9niors de la ville de Fosses. L&rsquo;occasion pour moi de passer un agr\u00e9able moment avec les anciens qui m&rsquo;ont vu grandir dans cette ville d\u2019o\u00f9 je suis originaire. Un vrai bol d&rsquo;air et de joie.<\/p>\n\n\n\n<p>C\u2019est aussi avec int\u00e9r\u00eat que j\u2019ai particip\u00e9 le 8 octobre dernier au comit\u00e9 de pilotage relatif \u00e0 la strat\u00e9gie communale en mati\u00e8re de s\u00e9curit\u00e9 et \u00e0 de pr\u00e9vention de la d\u00e9linquance de la ville de Fosses. Le maire est responsable de l&rsquo;animation, sur le territoire de sa commune, de la politique de pr\u00e9vention de la d\u00e9linquance et de la coordination de sa mise en \u0153uvre. Il dispose d&rsquo;une comp\u00e9tence propre en mati\u00e8re de pr\u00e9vention de la d\u00e9linquance li\u00e9e notamment \u00e0 ses pouvoirs de police. Celui de la ville de Fosses est donc pr\u00e9sid\u00e9 par Madame Jacqueline Haesinger, en lien avec Gildas Quiquempois et Jeanick Solitudes, adjoints aux Maires.<\/p>\n\n\n\n<figure class=\"wp-block-gallery has-nested-images columns-default is-cropped wp-block-gallery-11 is-layout-flex wp-block-gallery-is-layout-flex\">\n<figure class=\"wp-block-image size-large\"><img data-recalc-dims=\"1\" loading=\"lazy\" decoding=\"async\" width=\"768\" height=\"1024\" data-id=\"1955\" src=\"https:\/\/i0.wp.com\/pierrebarros.fr\/wp-content\/uploads\/2024\/11\/25.jpg?resize=768%2C1024&#038;ssl=1\" alt=\"\" class=\"wp-image-1955\" srcset=\"https:\/\/i0.wp.com\/pierrebarros.fr\/wp-content\/uploads\/2024\/11\/25.jpg?resize=768%2C1024&amp;ssl=1 768w, https:\/\/i0.wp.com\/pierrebarros.fr\/wp-content\/uploads\/2024\/11\/25.jpg?resize=225%2C300&amp;ssl=1 225w, https:\/\/i0.wp.com\/pierrebarros.fr\/wp-content\/uploads\/2024\/11\/25.jpg?resize=1152%2C1536&amp;ssl=1 1152w, https:\/\/i0.wp.com\/pierrebarros.fr\/wp-content\/uploads\/2024\/11\/25.jpg?w=1200&amp;ssl=1 1200w\" sizes=\"(max-width: 768px) 100vw, 768px\" \/><\/figure>\n\n\n\n<figure class=\"wp-block-image size-large\"><img data-recalc-dims=\"1\" loading=\"lazy\" decoding=\"async\" width=\"768\" height=\"1024\" data-id=\"1956\" src=\"https:\/\/i0.wp.com\/pierrebarros.fr\/wp-content\/uploads\/2024\/11\/26.jpg?resize=768%2C1024&#038;ssl=1\" alt=\"\" class=\"wp-image-1956\" srcset=\"https:\/\/i0.wp.com\/pierrebarros.fr\/wp-content\/uploads\/2024\/11\/26.jpg?resize=768%2C1024&amp;ssl=1 768w, https:\/\/i0.wp.com\/pierrebarros.fr\/wp-content\/uploads\/2024\/11\/26.jpg?resize=225%2C300&amp;ssl=1 225w, https:\/\/i0.wp.com\/pierrebarros.fr\/wp-content\/uploads\/2024\/11\/26.jpg?resize=1152%2C1536&amp;ssl=1 1152w, https:\/\/i0.wp.com\/pierrebarros.fr\/wp-content\/uploads\/2024\/11\/26.jpg?w=1200&amp;ssl=1 1200w\" sizes=\"(max-width: 768px) 100vw, 768px\" \/><\/figure>\n<\/figure>\n\n\n\n<p>Avec l\u2019ensemble des partenaires : gendarmerie, coll\u00e8ge, lyc\u00e9e, services communaux et intercommunaux, association IMAJ, etc\u2026, nous effectuons un diagnostic partag\u00e9 des difficult\u00e9s de la ville et de ses habitants en mati\u00e8re de s\u00e9curit\u00e9 et de pr\u00e9vention de la d\u00e9linquance et nous \u0153uvrons \u00e0 l\u2019effectivit\u00e9 d\u2019actions communes, cibl\u00e9es et concert\u00e9es pour agir au plus juste dans l\u2019espace public. Ces rencontres sont essentielles \u00e0 la vie de nos territoires. Les plans d\u2019actions engendrent un investissement permanent des \u00e9lus locaux et de l\u2019ensemble des partenaires, pour faire vivre la R\u00e9publique dans nos villes et nos villages. Je tiens \u00e0 les saluer tout particuli\u00e8rement.<a href=\"https:\/\/www.facebook.com\/photo\/?fbid=457669020661341&amp;set=pcb.457670063994570&amp;__cft__%5b0%5d=AZWKkjhfhNBxTNI5cNDoekJFU7ML3W_BIhI7PK8ShPZckDZcGS3ZqXXBp91m37i7Y4Jndshotf5gmTI9qdZCUTa0ppUlEEKrNKUUozCpDRlml1P2hiM4AsUT9WeRozO86qdnjDnKo5BRZy6jU4zZKNhX3ilcYvUTomotRBOrpLH7HKP_au-3nk_arx_VZqg1lso&amp;__tn__=*bH-R\"><\/a><\/p>\n\n\n\n<p>A l&rsquo;heure o\u00f9 d\u00e9butait au S\u00e9nat le d\u00e9bat demand\u00e9 par les s\u00e9nateurs communistes r\u00e9publicains citoyens et \u00e9cologistes sur la n\u00e9cessit\u00e9 de former davantage de m\u00e9decins et soignants en octobre, j\u2019\u00e9tais mobilis\u00e9 en Val d\u2019Oise en tant que membre d\u2019un syndicat intercommunal qui g\u00e8re un centre de sant\u00e9 intercommunal. Nous avons abord\u00e9 l\u2019activit\u00e9 2023 et 2024 du Centre Intercommunal de sant\u00e9 Francine Leca, financ\u00e9 par les communes de Fosses et de Marly-la-Ville : \u00e0 l\u2019ouverture du centre en 2019, pr\u00e8s de 10 000 consultations avaient \u00e9t\u00e9 effectu\u00e9es. Aujourd\u2019hui, ce sont pr\u00e8s de 20 000 consultations pour pr\u00e8s de 4 m\u00e9decins \u00e0 temps plein que nous comptabilisons. Chaque jour, le centre refuse tellement de patients faute de place ! Le d\u00e9sert m\u00e9dical est une r\u00e9alit\u00e9. Nous sommes nombreux \u00e0 pouvoir en t\u00e9moigner. Nous avons urgemment besoin de m\u00e9decins et de soignants dans nos villes et nos villages. C\u2019est une urgence nationale !<\/p>\n\n\n\n<p>Octobre, c\u2019est aussi le mois des r\u00e9unions de quartier pour Fosses. C\u2019est donc avec plaisir que je participe \u00e0 ces moments d\u2019\u00e9changes avec les habitants. Un temps important pour appr\u00e9hender au mieux les r\u00e9alit\u00e9s quotidiennes des habitants du Val d\u2019Oise.<\/p>\n\n\n\n<p>En ce mois d\u2019octobre 2024, j\u2019ai \u00e9galement assist\u00e9 au conseil communautaire de l\u2019agglom\u00e9ration Roissy Pays de France. Des \u00e9changes autour du Projet de loi de finances 2025 avec une communaut\u00e9 d\u2019agglom\u00e9ration particuli\u00e8rement impact\u00e9e avec une perte estim\u00e9e au jour du Conseil \u00e0 7 millions. Des inqui\u00e9tudes fortes pour l\u2019avenir du territoire.<\/p>\n\n\n\n<figure class=\"wp-block-gallery has-nested-images columns-default is-cropped wp-block-gallery-12 is-layout-flex wp-block-gallery-is-layout-flex\">\n<figure class=\"wp-block-image size-large\"><img data-recalc-dims=\"1\" loading=\"lazy\" decoding=\"async\" width=\"720\" height=\"540\" data-id=\"1962\" src=\"https:\/\/i0.wp.com\/pierrebarros.fr\/wp-content\/uploads\/2024\/11\/32.jpg?resize=720%2C540&#038;ssl=1\" alt=\"\" class=\"wp-image-1962\" srcset=\"https:\/\/i0.wp.com\/pierrebarros.fr\/wp-content\/uploads\/2024\/11\/32.jpg?w=720&amp;ssl=1 720w, https:\/\/i0.wp.com\/pierrebarros.fr\/wp-content\/uploads\/2024\/11\/32.jpg?resize=300%2C225&amp;ssl=1 300w\" sizes=\"(max-width: 720px) 100vw, 720px\" \/><\/figure>\n\n\n\n<figure class=\"wp-block-image size-large\"><img data-recalc-dims=\"1\" loading=\"lazy\" decoding=\"async\" width=\"958\" height=\"540\" data-id=\"1963\" src=\"https:\/\/i0.wp.com\/pierrebarros.fr\/wp-content\/uploads\/2024\/11\/33.jpg?resize=958%2C540&#038;ssl=1\" alt=\"\" class=\"wp-image-1963\" srcset=\"https:\/\/i0.wp.com\/pierrebarros.fr\/wp-content\/uploads\/2024\/11\/33.jpg?w=958&amp;ssl=1 958w, https:\/\/i0.wp.com\/pierrebarros.fr\/wp-content\/uploads\/2024\/11\/33.jpg?resize=300%2C169&amp;ssl=1 300w, https:\/\/i0.wp.com\/pierrebarros.fr\/wp-content\/uploads\/2024\/11\/33.jpg?resize=768%2C433&amp;ssl=1 768w\" sizes=\"(max-width: 958px) 100vw, 958px\" \/><\/figure>\n\n\n\n<figure class=\"wp-block-image size-large\"><img data-recalc-dims=\"1\" loading=\"lazy\" decoding=\"async\" width=\"1024\" height=\"769\" data-id=\"1957\" src=\"https:\/\/i0.wp.com\/pierrebarros.fr\/wp-content\/uploads\/2024\/11\/27.jpg?resize=1024%2C769&#038;ssl=1\" alt=\"\" class=\"wp-image-1957\" srcset=\"https:\/\/i0.wp.com\/pierrebarros.fr\/wp-content\/uploads\/2024\/11\/27.jpg?resize=1024%2C769&amp;ssl=1 1024w, https:\/\/i0.wp.com\/pierrebarros.fr\/wp-content\/uploads\/2024\/11\/27.jpg?resize=300%2C225&amp;ssl=1 300w, https:\/\/i0.wp.com\/pierrebarros.fr\/wp-content\/uploads\/2024\/11\/27.jpg?resize=768%2C577&amp;ssl=1 768w, https:\/\/i0.wp.com\/pierrebarros.fr\/wp-content\/uploads\/2024\/11\/27.jpg?w=1170&amp;ssl=1 1170w\" sizes=\"(max-width: 1000px) 100vw, 1000px\" \/><\/figure>\n<\/figure>\n\n\n\n<p><strong>Et, terminons ce retour en bref et en images d&rsquo;Octobre par un \u00ab&nbsp;Joyeux anniversaire&nbsp;\u00bb \u00e0 Pierre BARROS&nbsp;!<\/strong><\/p>\n\n\n\n<p>Pour terminer ce mois d\u2019Octobre, les collaborateurs de Pierre que nous sommes profitons de cette lettre pour souhaiter un \ud835\udc09o\ud835\udc32e\ud835\udc2ex a\ud835\udc27n\ud835\udc22v\ud835\udc1er\ud835\udc2ca\ud835\udc22r\ud835\udc1e \u00e0 Pierre&nbsp;!<\/p>\n\n\n\n<p>On lui souhaite tout le meilleur pour cette nouvelle ann\u00e9e et on vous offre une petite photo collector pour l\u2019occasion.<\/p>\n\n\n\n<figure class=\"wp-block-image size-full\"><img data-recalc-dims=\"1\" loading=\"lazy\" decoding=\"async\" width=\"526\" height=\"701\" src=\"https:\/\/i0.wp.com\/pierrebarros.fr\/wp-content\/uploads\/2024\/11\/31.jpg?resize=526%2C701&#038;ssl=1\" alt=\"\" class=\"wp-image-1961\" srcset=\"https:\/\/i0.wp.com\/pierrebarros.fr\/wp-content\/uploads\/2024\/11\/31.jpg?w=526&amp;ssl=1 526w, https:\/\/i0.wp.com\/pierrebarros.fr\/wp-content\/uploads\/2024\/11\/31.jpg?resize=225%2C300&amp;ssl=1 225w\" sizes=\"(max-width: 526px) 100vw, 526px\" \/><\/figure>\n","protected":false},"excerpt":{"rendered":"<p>Ce mois d&rsquo;Octobre 2024 fut particuli\u00e8rement constructif et riche en rencontres. J&rsquo;ai v\u00e9cu de beaux moments de partage avec vous, [&hellip;]<\/p>\n","protected":false},"author":4,"featured_media":1931,"comment_status":"closed","ping_status":"closed","sticky":false,"template":"","format":"standard","meta":{"site-sidebar-layout":"default","site-content-layout":"","ast-site-content-layout":"default","site-content-style":"default","site-sidebar-style":"default","ast-global-header-display":"","ast-banner-title-visibility":"","ast-main-header-display":"","ast-hfb-above-header-display":"","ast-hfb-below-header-display":"","ast-hfb-mobile-header-display":"","site-post-title":"","ast-breadcrumbs-content":"","ast-featured-img":"","footer-sml-layout":"","ast-disable-related-posts":"","theme-transparent-header-meta":"","adv-header-id-meta":"","stick-header-meta":"","header-above-stick-meta":"","header-main-stick-meta":"","header-below-stick-meta":"","astra-migrate-meta-layouts":"default","ast-page-background-enabled":"default","ast-page-background-meta":{"desktop":{"background-color":"var(--ast-global-color-4)","background-image":"","background-repeat":"repeat","background-position":"center center","background-size":"auto","background-attachment":"scroll","background-type":"","background-media":"","overlay-type":"","overlay-color":"","overlay-opacity":"","overlay-gradient":""},"tablet":{"background-color":"","background-image":"","background-repeat":"repeat","background-position":"center center","background-size":"auto","background-attachment":"scroll","background-type":"","background-media":"","overlay-type":"","overlay-color":"","overlay-opacity":"","overlay-gradient":""},"mobile":{"background-color":"","background-image":"","background-repeat":"repeat","background-position":"center center","background-size":"auto","background-attachment":"scroll","background-type":"","background-media":"","overlay-type":"","overlay-color":"","overlay-opacity":"","overlay-gradient":""}},"ast-content-background-meta":{"desktop":{"background-color":"var(--ast-global-color-5)","background-image":"","background-repeat":"repeat","background-position":"center center","background-size":"auto","background-attachment":"scroll","background-type":"","background-media":"","overlay-type":"","overlay-color":"","overlay-opacity":"","overlay-gradient":""},"tablet":{"background-color":"var(--ast-global-color-5)","background-image":"","background-repeat":"repeat","background-position":"center center","background-size":"auto","background-attachment":"scroll","background-type":"","background-media":"","overlay-type":"","overlay-color":"","overlay-opacity":"","overlay-gradient":""},"mobile":{"background-color":"var(--ast-global-color-5)","background-image":"","background-repeat":"repeat","background-position":"center center","background-size":"auto","background-attachment":"scroll","background-type":"","background-media":"","overlay-type":"","overlay-color":"","overlay-opacity":"","overlay-gradient":""}},"_jetpack_memberships_contains_paid_content":false,"footnotes":""},"categories":[24],"tags":[],"class_list":["post-1996","post","type-post","status-publish","format-standard","has-post-thumbnail","hentry","category-en-val-doise"],"yoast_head":"<!-- This site is optimized with the Yoast SEO plugin v27.5 - https:\/\/yoast.com\/product\/yoast-seo-wordpress\/ -->\n<title>A vos c\u00f4t\u00e9s - Retour en bref et en images - Octobre 2024 -<\/title>\n<meta name=\"robots\" content=\"index, follow, max-snippet:-1, max-image-preview:large, max-video-preview:-1\" \/>\n<link rel=\"canonical\" href=\"https:\/\/pierrebarros.fr\/index.php\/2024\/11\/15\/a-vos-cotes-retour-en-bref-et-en-images-octobre-2024\/\" \/>\n<meta property=\"og:locale\" content=\"fr_FR\" \/>\n<meta property=\"og:type\" content=\"article\" \/>\n<meta property=\"og:title\" content=\"A vos c\u00f4t\u00e9s - Retour en bref et en images - Octobre 2024 -\" \/>\n<meta property=\"og:description\" content=\"Ce mois d&rsquo;Octobre 2024 fut particuli\u00e8rement constructif et riche en rencontres. J&rsquo;ai v\u00e9cu de beaux moments de partage avec vous, [&hellip;]\" \/>\n<meta property=\"og:url\" content=\"https:\/\/pierrebarros.fr\/index.php\/2024\/11\/15\/a-vos-cotes-retour-en-bref-et-en-images-octobre-2024\/\" \/>\n<meta property=\"article:published_time\" content=\"2024-11-15T21:08:43+00:00\" \/>\n<meta property=\"article:modified_time\" content=\"2024-11-15T21:12:46+00:00\" \/>\n<meta property=\"og:image\" content=\"https:\/\/pierrebarros.fr\/wp-content\/uploads\/2024\/11\/1-3.jpg\" \/>\n\t<meta property=\"og:image:width\" content=\"1600\" \/>\n\t<meta property=\"og:image:height\" content=\"900\" \/>\n\t<meta property=\"og:image:type\" content=\"image\/jpeg\" \/>\n<meta name=\"author\" content=\"Stephanie\" \/>\n<meta name=\"twitter:card\" content=\"summary_large_image\" \/>\n<meta name=\"twitter:label1\" content=\"\u00c9crit par\" \/>\n\t<meta name=\"twitter:data1\" content=\"Stephanie\" \/>\n\t<meta name=\"twitter:label2\" content=\"Dur\u00e9e de lecture estim\u00e9e\" \/>\n\t<meta name=\"twitter:data2\" content=\"20 minutes\" \/>\n<script type=\"application\/ld+json\" class=\"yoast-schema-graph\">{\"@context\":\"https:\\\/\\\/schema.org\",\"@graph\":[{\"@type\":\"Article\",\"@id\":\"https:\\\/\\\/pierrebarros.fr\\\/index.php\\\/2024\\\/11\\\/15\\\/a-vos-cotes-retour-en-bref-et-en-images-octobre-2024\\\/#article\",\"isPartOf\":{\"@id\":\"https:\\\/\\\/pierrebarros.fr\\\/index.php\\\/2024\\\/11\\\/15\\\/a-vos-cotes-retour-en-bref-et-en-images-octobre-2024\\\/\"},\"author\":{\"name\":\"Stephanie\",\"@id\":\"https:\\\/\\\/pierrebarros.fr\\\/#\\\/schema\\\/person\\\/0669a80d309c762d2a40d3ae7accec5b\"},\"headline\":\"A vos c\u00f4t\u00e9s &#8211; Retour en bref et en images &#8211; Octobre 2024\",\"datePublished\":\"2024-11-15T21:08:43+00:00\",\"dateModified\":\"2024-11-15T21:12:46+00:00\",\"mainEntityOfPage\":{\"@id\":\"https:\\\/\\\/pierrebarros.fr\\\/index.php\\\/2024\\\/11\\\/15\\\/a-vos-cotes-retour-en-bref-et-en-images-octobre-2024\\\/\"},\"wordCount\":2657,\"image\":{\"@id\":\"https:\\\/\\\/pierrebarros.fr\\\/index.php\\\/2024\\\/11\\\/15\\\/a-vos-cotes-retour-en-bref-et-en-images-octobre-2024\\\/#primaryimage\"},\"thumbnailUrl\":\"https:\\\/\\\/i0.wp.com\\\/pierrebarros.fr\\\/wp-content\\\/uploads\\\/2024\\\/11\\\/1-3.jpg?fit=1600%2C900&ssl=1\",\"articleSection\":[\"En Val d'Oise\"],\"inLanguage\":\"fr-FR\"},{\"@type\":\"WebPage\",\"@id\":\"https:\\\/\\\/pierrebarros.fr\\\/index.php\\\/2024\\\/11\\\/15\\\/a-vos-cotes-retour-en-bref-et-en-images-octobre-2024\\\/\",\"url\":\"https:\\\/\\\/pierrebarros.fr\\\/index.php\\\/2024\\\/11\\\/15\\\/a-vos-cotes-retour-en-bref-et-en-images-octobre-2024\\\/\",\"name\":\"A vos c\u00f4t\u00e9s - Retour en bref et en images - Octobre 2024 -\",\"isPartOf\":{\"@id\":\"https:\\\/\\\/pierrebarros.fr\\\/#website\"},\"primaryImageOfPage\":{\"@id\":\"https:\\\/\\\/pierrebarros.fr\\\/index.php\\\/2024\\\/11\\\/15\\\/a-vos-cotes-retour-en-bref-et-en-images-octobre-2024\\\/#primaryimage\"},\"image\":{\"@id\":\"https:\\\/\\\/pierrebarros.fr\\\/index.php\\\/2024\\\/11\\\/15\\\/a-vos-cotes-retour-en-bref-et-en-images-octobre-2024\\\/#primaryimage\"},\"thumbnailUrl\":\"https:\\\/\\\/i0.wp.com\\\/pierrebarros.fr\\\/wp-content\\\/uploads\\\/2024\\\/11\\\/1-3.jpg?fit=1600%2C900&ssl=1\",\"datePublished\":\"2024-11-15T21:08:43+00:00\",\"dateModified\":\"2024-11-15T21:12:46+00:00\",\"author\":{\"@id\":\"https:\\\/\\\/pierrebarros.fr\\\/#\\\/schema\\\/person\\\/0669a80d309c762d2a40d3ae7accec5b\"},\"breadcrumb\":{\"@id\":\"https:\\\/\\\/pierrebarros.fr\\\/index.php\\\/2024\\\/11\\\/15\\\/a-vos-cotes-retour-en-bref-et-en-images-octobre-2024\\\/#breadcrumb\"},\"inLanguage\":\"fr-FR\",\"potentialAction\":[{\"@type\":\"ReadAction\",\"target\":[\"https:\\\/\\\/pierrebarros.fr\\\/index.php\\\/2024\\\/11\\\/15\\\/a-vos-cotes-retour-en-bref-et-en-images-octobre-2024\\\/\"]}]},{\"@type\":\"ImageObject\",\"inLanguage\":\"fr-FR\",\"@id\":\"https:\\\/\\\/pierrebarros.fr\\\/index.php\\\/2024\\\/11\\\/15\\\/a-vos-cotes-retour-en-bref-et-en-images-octobre-2024\\\/#primaryimage\",\"url\":\"https:\\\/\\\/i0.wp.com\\\/pierrebarros.fr\\\/wp-content\\\/uploads\\\/2024\\\/11\\\/1-3.jpg?fit=1600%2C900&ssl=1\",\"contentUrl\":\"https:\\\/\\\/i0.wp.com\\\/pierrebarros.fr\\\/wp-content\\\/uploads\\\/2024\\\/11\\\/1-3.jpg?fit=1600%2C900&ssl=1\",\"width\":1600,\"height\":900},{\"@type\":\"BreadcrumbList\",\"@id\":\"https:\\\/\\\/pierrebarros.fr\\\/index.php\\\/2024\\\/11\\\/15\\\/a-vos-cotes-retour-en-bref-et-en-images-octobre-2024\\\/#breadcrumb\",\"itemListElement\":[{\"@type\":\"ListItem\",\"position\":1,\"name\":\"Accueil\",\"item\":\"https:\\\/\\\/pierrebarros.fr\\\/\"},{\"@type\":\"ListItem\",\"position\":2,\"name\":\"A vos c\u00f4t\u00e9s &#8211; Retour en bref et en images &#8211; Octobre 2024\"}]},{\"@type\":\"WebSite\",\"@id\":\"https:\\\/\\\/pierrebarros.fr\\\/#website\",\"url\":\"https:\\\/\\\/pierrebarros.fr\\\/\",\"name\":\"\",\"description\":\"S\u00e9nateur du Val-d&#039;Oise\",\"potentialAction\":[{\"@type\":\"SearchAction\",\"target\":{\"@type\":\"EntryPoint\",\"urlTemplate\":\"https:\\\/\\\/pierrebarros.fr\\\/?s={search_term_string}\"},\"query-input\":{\"@type\":\"PropertyValueSpecification\",\"valueRequired\":true,\"valueName\":\"search_term_string\"}}],\"inLanguage\":\"fr-FR\"},{\"@type\":\"Person\",\"@id\":\"https:\\\/\\\/pierrebarros.fr\\\/#\\\/schema\\\/person\\\/0669a80d309c762d2a40d3ae7accec5b\",\"name\":\"Stephanie\",\"url\":\"https:\\\/\\\/pierrebarros.fr\\\/index.php\\\/author\\\/stephanie\\\/\"}]}<\/script>\n<!-- \/ Yoast SEO plugin. -->","yoast_head_json":{"title":"A vos c\u00f4t\u00e9s - Retour en bref et en images - Octobre 2024 -","robots":{"index":"index","follow":"follow","max-snippet":"max-snippet:-1","max-image-preview":"max-image-preview:large","max-video-preview":"max-video-preview:-1"},"canonical":"https:\/\/pierrebarros.fr\/index.php\/2024\/11\/15\/a-vos-cotes-retour-en-bref-et-en-images-octobre-2024\/","og_locale":"fr_FR","og_type":"article","og_title":"A vos c\u00f4t\u00e9s - Retour en bref et en images - Octobre 2024 -","og_description":"Ce mois d&rsquo;Octobre 2024 fut particuli\u00e8rement constructif et riche en rencontres. J&rsquo;ai v\u00e9cu de beaux moments de partage avec vous, [&hellip;]","og_url":"https:\/\/pierrebarros.fr\/index.php\/2024\/11\/15\/a-vos-cotes-retour-en-bref-et-en-images-octobre-2024\/","article_published_time":"2024-11-15T21:08:43+00:00","article_modified_time":"2024-11-15T21:12:46+00:00","og_image":[{"width":1600,"height":900,"url":"https:\/\/pierrebarros.fr\/wp-content\/uploads\/2024\/11\/1-3.jpg","type":"image\/jpeg"}],"author":"Stephanie","twitter_card":"summary_large_image","twitter_misc":{"\u00c9crit par":"Stephanie","Dur\u00e9e de lecture estim\u00e9e":"20 minutes"},"schema":{"@context":"https:\/\/schema.org","@graph":[{"@type":"Article","@id":"https:\/\/pierrebarros.fr\/index.php\/2024\/11\/15\/a-vos-cotes-retour-en-bref-et-en-images-octobre-2024\/#article","isPartOf":{"@id":"https:\/\/pierrebarros.fr\/index.php\/2024\/11\/15\/a-vos-cotes-retour-en-bref-et-en-images-octobre-2024\/"},"author":{"name":"Stephanie","@id":"https:\/\/pierrebarros.fr\/#\/schema\/person\/0669a80d309c762d2a40d3ae7accec5b"},"headline":"A vos c\u00f4t\u00e9s &#8211; Retour en bref et en images &#8211; Octobre 2024","datePublished":"2024-11-15T21:08:43+00:00","dateModified":"2024-11-15T21:12:46+00:00","mainEntityOfPage":{"@id":"https:\/\/pierrebarros.fr\/index.php\/2024\/11\/15\/a-vos-cotes-retour-en-bref-et-en-images-octobre-2024\/"},"wordCount":2657,"image":{"@id":"https:\/\/pierrebarros.fr\/index.php\/2024\/11\/15\/a-vos-cotes-retour-en-bref-et-en-images-octobre-2024\/#primaryimage"},"thumbnailUrl":"https:\/\/i0.wp.com\/pierrebarros.fr\/wp-content\/uploads\/2024\/11\/1-3.jpg?fit=1600%2C900&ssl=1","articleSection":["En Val d'Oise"],"inLanguage":"fr-FR"},{"@type":"WebPage","@id":"https:\/\/pierrebarros.fr\/index.php\/2024\/11\/15\/a-vos-cotes-retour-en-bref-et-en-images-octobre-2024\/","url":"https:\/\/pierrebarros.fr\/index.php\/2024\/11\/15\/a-vos-cotes-retour-en-bref-et-en-images-octobre-2024\/","name":"A vos c\u00f4t\u00e9s - Retour en bref et en images - Octobre 2024 -","isPartOf":{"@id":"https:\/\/pierrebarros.fr\/#website"},"primaryImageOfPage":{"@id":"https:\/\/pierrebarros.fr\/index.php\/2024\/11\/15\/a-vos-cotes-retour-en-bref-et-en-images-octobre-2024\/#primaryimage"},"image":{"@id":"https:\/\/pierrebarros.fr\/index.php\/2024\/11\/15\/a-vos-cotes-retour-en-bref-et-en-images-octobre-2024\/#primaryimage"},"thumbnailUrl":"https:\/\/i0.wp.com\/pierrebarros.fr\/wp-content\/uploads\/2024\/11\/1-3.jpg?fit=1600%2C900&ssl=1","datePublished":"2024-11-15T21:08:43+00:00","dateModified":"2024-11-15T21:12:46+00:00","author":{"@id":"https:\/\/pierrebarros.fr\/#\/schema\/person\/0669a80d309c762d2a40d3ae7accec5b"},"breadcrumb":{"@id":"https:\/\/pierrebarros.fr\/index.php\/2024\/11\/15\/a-vos-cotes-retour-en-bref-et-en-images-octobre-2024\/#breadcrumb"},"inLanguage":"fr-FR","potentialAction":[{"@type":"ReadAction","target":["https:\/\/pierrebarros.fr\/index.php\/2024\/11\/15\/a-vos-cotes-retour-en-bref-et-en-images-octobre-2024\/"]}]},{"@type":"ImageObject","inLanguage":"fr-FR","@id":"https:\/\/pierrebarros.fr\/index.php\/2024\/11\/15\/a-vos-cotes-retour-en-bref-et-en-images-octobre-2024\/#primaryimage","url":"https:\/\/i0.wp.com\/pierrebarros.fr\/wp-content\/uploads\/2024\/11\/1-3.jpg?fit=1600%2C900&ssl=1","contentUrl":"https:\/\/i0.wp.com\/pierrebarros.fr\/wp-content\/uploads\/2024\/11\/1-3.jpg?fit=1600%2C900&ssl=1","width":1600,"height":900},{"@type":"BreadcrumbList","@id":"https:\/\/pierrebarros.fr\/index.php\/2024\/11\/15\/a-vos-cotes-retour-en-bref-et-en-images-octobre-2024\/#breadcrumb","itemListElement":[{"@type":"ListItem","position":1,"name":"Accueil","item":"https:\/\/pierrebarros.fr\/"},{"@type":"ListItem","position":2,"name":"A vos c\u00f4t\u00e9s &#8211; Retour en bref et en images &#8211; Octobre 2024"}]},{"@type":"WebSite","@id":"https:\/\/pierrebarros.fr\/#website","url":"https:\/\/pierrebarros.fr\/","name":"","description":"S\u00e9nateur du Val-d&#039;Oise","potentialAction":[{"@type":"SearchAction","target":{"@type":"EntryPoint","urlTemplate":"https:\/\/pierrebarros.fr\/?s={search_term_string}"},"query-input":{"@type":"PropertyValueSpecification","valueRequired":true,"valueName":"search_term_string"}}],"inLanguage":"fr-FR"},{"@type":"Person","@id":"https:\/\/pierrebarros.fr\/#\/schema\/person\/0669a80d309c762d2a40d3ae7accec5b","name":"Stephanie","url":"https:\/\/pierrebarros.fr\/index.php\/author\/stephanie\/"}]}},"jetpack_featured_media_url":"https:\/\/i0.wp.com\/pierrebarros.fr\/wp-content\/uploads\/2024\/11\/1-3.jpg?fit=1600%2C900&ssl=1","jetpack-related-posts":[],"jetpack_sharing_enabled":true,"_links":{"self":[{"href":"https:\/\/pierrebarros.fr\/index.php\/wp-json\/wp\/v2\/posts\/1996","targetHints":{"allow":["GET"]}}],"collection":[{"href":"https:\/\/pierrebarros.fr\/index.php\/wp-json\/wp\/v2\/posts"}],"about":[{"href":"https:\/\/pierrebarros.fr\/index.php\/wp-json\/wp\/v2\/types\/post"}],"author":[{"embeddable":true,"href":"https:\/\/pierrebarros.fr\/index.php\/wp-json\/wp\/v2\/users\/4"}],"replies":[{"embeddable":true,"href":"https:\/\/pierrebarros.fr\/index.php\/wp-json\/wp\/v2\/comments?post=1996"}],"version-history":[{"count":0,"href":"https:\/\/pierrebarros.fr\/index.php\/wp-json\/wp\/v2\/posts\/1996\/revisions"}],"wp:featuredmedia":[{"embeddable":true,"href":"https:\/\/pierrebarros.fr\/index.php\/wp-json\/wp\/v2\/media\/1931"}],"wp:attachment":[{"href":"https:\/\/pierrebarros.fr\/index.php\/wp-json\/wp\/v2\/media?parent=1996"}],"wp:term":[{"taxonomy":"category","embeddable":true,"href":"https:\/\/pierrebarros.fr\/index.php\/wp-json\/wp\/v2\/categories?post=1996"},{"taxonomy":"post_tag","embeddable":true,"href":"https:\/\/pierrebarros.fr\/index.php\/wp-json\/wp\/v2\/tags?post=1996"}],"curies":[{"name":"wp","href":"https:\/\/api.w.org\/{rel}","templated":true}]}}