{"id":1922,"date":"2024-11-14T16:49:24","date_gmt":"2024-11-14T15:49:24","guid":{"rendered":"https:\/\/pierrebarros.fr\/?p=1922"},"modified":"2024-11-17T12:26:02","modified_gmt":"2024-11-17T11:26:02","slug":"depuis-un-an-nos-consciences-sont-ebranlees-tribune-de-soutien-aux-peuples-palestiniens-et-libanais","status":"publish","type":"post","link":"https:\/\/pierrebarros.fr\/index.php\/2024\/11\/14\/depuis-un-an-nos-consciences-sont-ebranlees-tribune-de-soutien-aux-peuples-palestiniens-et-libanais\/","title":{"rendered":"\u00ab\u00a0Depuis un an, nos consciences sont \u00e9branl\u00e9es\u00a0\u00bb : tribune de soutien aux peuples palestinien et libanais"},"content":{"rendered":"\n<figure class=\"wp-block-pullquote\"><blockquote><p>\u00ab\u00a0Nous r\u00e9affirmons notre soutien inalt\u00e9rable \u00e0 l\u2019UNRWA, notre soutien aux peuples palestinien et libanais. Nous portons haut et fort leur voix pour que nos pays, la France et l\u2019Europe, exercent leur pouvoir pour d\u00e9ployer toutes les sanctions possibles contre l\u2019\u00c9tat isra\u00e9lien, inverser le rapport de force pour permettre \u00e0 la justice et au droit international de s\u2019appliquer\u00a0\u00bb<\/p><\/blockquote><\/figure>\n\n\n\n<p>Avec 260 \u00e9lus et personnalit\u00e9s associatives, nous appelons \u00e0 un cessez-le-feu \u00e0 Gaza, apr\u00e8s plus d&rsquo;une ann\u00e9e de guerre qui a d\u00e9j\u00e0 fait plus de 43.000 morts. <\/p>\n\n\n\n<p>Retrouvez le texte de la tribune sur le site internet du journal l&rsquo;Humanit\u00e9 : <\/p>\n\n\n\n<p><a href=\"https:\/\/www.humanite.fr\/en-debat\/israel-palestine\/260-personnalites-pour-un-cessez-le-feu-a-gaza-depuis-un-an-nos-consciences-sont-ebranlees?fbclid=IwY2xjawGi-chleHRuA2FlbQIxMQABHcV3GzCFv02xJFt-8tKcE2CKPlYw3URB1gWbCMC15K5FYLQTqI1gvKDMzw_aem_KT3sPA6PQPahbPYbyuFDZg\">https:\/\/www.humanite.fr\/en-debat\/israel-palestine\/260-personnalites-pour-un-cessez-le-feu-a-gaza-depuis-un-an-nos-consciences-sont-ebranlees?fbclid=IwY2xjawGi-chleHRuA2FlbQIxMQABHcV3GzCFv02xJFt-8tKcE2CKPlYw3URB1gWbCMC15K5FYLQTqI1gvKDMzw_aem_KT3sPA6PQPahbPYbyuFDZg<\/a><\/p>\n","protected":false},"excerpt":{"rendered":"<p>\u00ab\u00a0Nous r\u00e9affirmons notre soutien inalt\u00e9rable \u00e0 l\u2019UNRWA, notre soutien aux peuples palestinien et libanais. Nous portons haut et fort leur [&hellip;]<\/p>\n","protected":false},"author":4,"featured_media":1923,"comment_status":"closed","ping_status":"closed","sticky":false,"template":"","format":"standard","meta":{"site-sidebar-layout":"default","site-content-layout":"","ast-site-content-layout":"default","site-content-style":"default","site-sidebar-style":"default","ast-global-header-display":"","ast-banner-title-visibility":"","ast-main-header-display":"","ast-hfb-above-header-display":"","ast-hfb-below-header-display":"","ast-hfb-mobile-header-display":"","site-post-title":"","ast-breadcrumbs-content":"","ast-featured-img":"","footer-sml-layout":"","ast-disable-related-posts":"","theme-transparent-header-meta":"","adv-header-id-meta":"","stick-header-meta":"","header-above-stick-meta":"","header-main-stick-meta":"","header-below-stick-meta":"","astra-migrate-meta-layouts":"default","ast-page-background-enabled":"default","ast-page-background-meta":{"desktop":{"background-color":"var(--ast-global-color-4)","background-image":"","background-repeat":"repeat","background-position":"center center","background-size":"auto","background-attachment":"scroll","background-type":"","background-media":"","overlay-type":"","overlay-color":"","overlay-opacity":"","overlay-gradient":""},"tablet":{"background-color":"","background-image":"","background-repeat":"repeat","background-position":"center center","background-size":"auto","background-attachment":"scroll","background-type":"","background-media":"","overlay-type":"","overlay-color":"","overlay-opacity":"","overlay-gradient":""},"mobile":{"background-color":"","background-image":"","background-repeat":"repeat","background-position":"center center","background-size":"auto","background-attachment":"scroll","background-type":"","background-media":"","overlay-type":"","overlay-color":"","overlay-opacity":"","overlay-gradient":""}},"ast-content-background-meta":{"desktop":{"background-color":"var(--ast-global-color-5)","background-image":"","background-repeat":"repeat","background-position":"center center","background-size":"auto","background-attachment":"scroll","background-type":"","background-media":"","overlay-type":"","overlay-color":"","overlay-opacity":"","overlay-gradient":""},"tablet":{"background-color":"var(--ast-global-color-5)","background-image":"","background-repeat":"repeat","background-position":"center center","background-size":"auto","background-attachment":"scroll","background-type":"","background-media":"","overlay-type":"","overlay-color":"","overlay-opacity":"","overlay-gradient":""},"mobile":{"background-color":"var(--ast-global-color-5)","background-image":"","background-repeat":"repeat","background-position":"center center","background-size":"auto","background-attachment":"scroll","background-type":"","background-media":"","overlay-type":"","overlay-color":"","overlay-opacity":"","overlay-gradient":""}},"_jetpack_memberships_contains_paid_content":false,"footnotes":""},"categories":[6,17],"tags":[],"class_list":["post-1922","post","type-post","status-publish","format-standard","has-post-thumbnail","hentry","category-au-senat","category-relations-internationales"],"yoast_head":"<!-- This site is optimized with the Yoast SEO plugin v27.5 - https:\/\/yoast.com\/product\/yoast-seo-wordpress\/ -->\n<title>\u00ab\u00a0Depuis un an, nos consciences sont \u00e9branl\u00e9es\u00a0\u00bb : tribune de soutien aux peuples palestinien et libanais -<\/title>\n<meta name=\"robots\" content=\"index, follow, max-snippet:-1, max-image-preview:large, max-video-preview:-1\" \/>\n<link rel=\"canonical\" href=\"https:\/\/pierrebarros.fr\/index.php\/2024\/11\/14\/depuis-un-an-nos-consciences-sont-ebranlees-tribune-de-soutien-aux-peuples-palestiniens-et-libanais\/\" \/>\n<meta property=\"og:locale\" content=\"fr_FR\" \/>\n<meta property=\"og:type\" content=\"article\" \/>\n<meta property=\"og:title\" content=\"\u00ab\u00a0Depuis un an, nos consciences sont \u00e9branl\u00e9es\u00a0\u00bb : tribune de soutien aux peuples palestinien et libanais -\" \/>\n<meta property=\"og:description\" content=\"\u00ab\u00a0Nous r\u00e9affirmons notre soutien inalt\u00e9rable \u00e0 l\u2019UNRWA, notre soutien aux peuples palestinien et libanais. Nous portons haut et fort leur [&hellip;]\" \/>\n<meta property=\"og:url\" content=\"https:\/\/pierrebarros.fr\/index.php\/2024\/11\/14\/depuis-un-an-nos-consciences-sont-ebranlees-tribune-de-soutien-aux-peuples-palestiniens-et-libanais\/\" \/>\n<meta property=\"article:published_time\" content=\"2024-11-14T15:49:24+00:00\" \/>\n<meta property=\"article:modified_time\" content=\"2024-11-17T11:26:02+00:00\" \/>\n<meta property=\"og:image\" content=\"https:\/\/pierrebarros.fr\/wp-content\/uploads\/2024\/11\/Vignette_2024_tribune_97bbf4_ea87c8.webp\" \/>\n\t<meta property=\"og:image:width\" content=\"1023\" \/>\n\t<meta property=\"og:image:height\" content=\"564\" \/>\n\t<meta property=\"og:image:type\" content=\"image\/webp\" \/>\n<meta name=\"author\" content=\"Stephanie\" \/>\n<meta name=\"twitter:card\" content=\"summary_large_image\" \/>\n<meta name=\"twitter:label1\" content=\"\u00c9crit par\" \/>\n\t<meta name=\"twitter:data1\" content=\"Stephanie\" \/>\n\t<meta name=\"twitter:label2\" content=\"Dur\u00e9e de lecture estim\u00e9e\" \/>\n\t<meta name=\"twitter:data2\" content=\"1 minute\" \/>\n<script type=\"application\/ld+json\" class=\"yoast-schema-graph\">{\"@context\":\"https:\\\/\\\/schema.org\",\"@graph\":[{\"@type\":\"Article\",\"@id\":\"https:\\\/\\\/pierrebarros.fr\\\/index.php\\\/2024\\\/11\\\/14\\\/depuis-un-an-nos-consciences-sont-ebranlees-tribune-de-soutien-aux-peuples-palestiniens-et-libanais\\\/#article\",\"isPartOf\":{\"@id\":\"https:\\\/\\\/pierrebarros.fr\\\/index.php\\\/2024\\\/11\\\/14\\\/depuis-un-an-nos-consciences-sont-ebranlees-tribune-de-soutien-aux-peuples-palestiniens-et-libanais\\\/\"},\"author\":{\"name\":\"Stephanie\",\"@id\":\"https:\\\/\\\/pierrebarros.fr\\\/#\\\/schema\\\/person\\\/0669a80d309c762d2a40d3ae7accec5b\"},\"headline\":\"\u00ab\u00a0Depuis un an, nos consciences sont \u00e9branl\u00e9es\u00a0\u00bb : tribune de soutien aux peuples palestinien et libanais\",\"datePublished\":\"2024-11-14T15:49:24+00:00\",\"dateModified\":\"2024-11-17T11:26:02+00:00\",\"mainEntityOfPage\":{\"@id\":\"https:\\\/\\\/pierrebarros.fr\\\/index.php\\\/2024\\\/11\\\/14\\\/depuis-un-an-nos-consciences-sont-ebranlees-tribune-de-soutien-aux-peuples-palestiniens-et-libanais\\\/\"},\"wordCount\":145,\"image\":{\"@id\":\"https:\\\/\\\/pierrebarros.fr\\\/index.php\\\/2024\\\/11\\\/14\\\/depuis-un-an-nos-consciences-sont-ebranlees-tribune-de-soutien-aux-peuples-palestiniens-et-libanais\\\/#primaryimage\"},\"thumbnailUrl\":\"https:\\\/\\\/i0.wp.com\\\/pierrebarros.fr\\\/wp-content\\\/uploads\\\/2024\\\/11\\\/Vignette_2024_tribune_97bbf4_ea87c8.webp?fit=1023%2C564&ssl=1\",\"articleSection\":[\"Au S\u00e9nat\",\"Relations internationales\"],\"inLanguage\":\"fr-FR\"},{\"@type\":\"WebPage\",\"@id\":\"https:\\\/\\\/pierrebarros.fr\\\/index.php\\\/2024\\\/11\\\/14\\\/depuis-un-an-nos-consciences-sont-ebranlees-tribune-de-soutien-aux-peuples-palestiniens-et-libanais\\\/\",\"url\":\"https:\\\/\\\/pierrebarros.fr\\\/index.php\\\/2024\\\/11\\\/14\\\/depuis-un-an-nos-consciences-sont-ebranlees-tribune-de-soutien-aux-peuples-palestiniens-et-libanais\\\/\",\"name\":\"\u00ab\u00a0Depuis un an, nos consciences sont \u00e9branl\u00e9es\u00a0\u00bb : tribune de soutien aux peuples palestinien et libanais -\",\"isPartOf\":{\"@id\":\"https:\\\/\\\/pierrebarros.fr\\\/#website\"},\"primaryImageOfPage\":{\"@id\":\"https:\\\/\\\/pierrebarros.fr\\\/index.php\\\/2024\\\/11\\\/14\\\/depuis-un-an-nos-consciences-sont-ebranlees-tribune-de-soutien-aux-peuples-palestiniens-et-libanais\\\/#primaryimage\"},\"image\":{\"@id\":\"https:\\\/\\\/pierrebarros.fr\\\/index.php\\\/2024\\\/11\\\/14\\\/depuis-un-an-nos-consciences-sont-ebranlees-tribune-de-soutien-aux-peuples-palestiniens-et-libanais\\\/#primaryimage\"},\"thumbnailUrl\":\"https:\\\/\\\/i0.wp.com\\\/pierrebarros.fr\\\/wp-content\\\/uploads\\\/2024\\\/11\\\/Vignette_2024_tribune_97bbf4_ea87c8.webp?fit=1023%2C564&ssl=1\",\"datePublished\":\"2024-11-14T15:49:24+00:00\",\"dateModified\":\"2024-11-17T11:26:02+00:00\",\"author\":{\"@id\":\"https:\\\/\\\/pierrebarros.fr\\\/#\\\/schema\\\/person\\\/0669a80d309c762d2a40d3ae7accec5b\"},\"breadcrumb\":{\"@id\":\"https:\\\/\\\/pierrebarros.fr\\\/index.php\\\/2024\\\/11\\\/14\\\/depuis-un-an-nos-consciences-sont-ebranlees-tribune-de-soutien-aux-peuples-palestiniens-et-libanais\\\/#breadcrumb\"},\"inLanguage\":\"fr-FR\",\"potentialAction\":[{\"@type\":\"ReadAction\",\"target\":[\"https:\\\/\\\/pierrebarros.fr\\\/index.php\\\/2024\\\/11\\\/14\\\/depuis-un-an-nos-consciences-sont-ebranlees-tribune-de-soutien-aux-peuples-palestiniens-et-libanais\\\/\"]}]},{\"@type\":\"ImageObject\",\"inLanguage\":\"fr-FR\",\"@id\":\"https:\\\/\\\/pierrebarros.fr\\\/index.php\\\/2024\\\/11\\\/14\\\/depuis-un-an-nos-consciences-sont-ebranlees-tribune-de-soutien-aux-peuples-palestiniens-et-libanais\\\/#primaryimage\",\"url\":\"https:\\\/\\\/i0.wp.com\\\/pierrebarros.fr\\\/wp-content\\\/uploads\\\/2024\\\/11\\\/Vignette_2024_tribune_97bbf4_ea87c8.webp?fit=1023%2C564&ssl=1\",\"contentUrl\":\"https:\\\/\\\/i0.wp.com\\\/pierrebarros.fr\\\/wp-content\\\/uploads\\\/2024\\\/11\\\/Vignette_2024_tribune_97bbf4_ea87c8.webp?fit=1023%2C564&ssl=1\",\"width\":1023,\"height\":564},{\"@type\":\"BreadcrumbList\",\"@id\":\"https:\\\/\\\/pierrebarros.fr\\\/index.php\\\/2024\\\/11\\\/14\\\/depuis-un-an-nos-consciences-sont-ebranlees-tribune-de-soutien-aux-peuples-palestiniens-et-libanais\\\/#breadcrumb\",\"itemListElement\":[{\"@type\":\"ListItem\",\"position\":1,\"name\":\"Accueil\",\"item\":\"https:\\\/\\\/pierrebarros.fr\\\/\"},{\"@type\":\"ListItem\",\"position\":2,\"name\":\"\u00ab\u00a0Depuis un an, nos consciences sont \u00e9branl\u00e9es\u00a0\u00bb : tribune de soutien aux peuples palestinien et libanais\"}]},{\"@type\":\"WebSite\",\"@id\":\"https:\\\/\\\/pierrebarros.fr\\\/#website\",\"url\":\"https:\\\/\\\/pierrebarros.fr\\\/\",\"name\":\"\",\"description\":\"S\u00e9nateur du Val-d&#039;Oise\",\"potentialAction\":[{\"@type\":\"SearchAction\",\"target\":{\"@type\":\"EntryPoint\",\"urlTemplate\":\"https:\\\/\\\/pierrebarros.fr\\\/?s={search_term_string}\"},\"query-input\":{\"@type\":\"PropertyValueSpecification\",\"valueRequired\":true,\"valueName\":\"search_term_string\"}}],\"inLanguage\":\"fr-FR\"},{\"@type\":\"Person\",\"@id\":\"https:\\\/\\\/pierrebarros.fr\\\/#\\\/schema\\\/person\\\/0669a80d309c762d2a40d3ae7accec5b\",\"name\":\"Stephanie\",\"url\":\"https:\\\/\\\/pierrebarros.fr\\\/index.php\\\/author\\\/stephanie\\\/\"}]}<\/script>\n<!-- \/ Yoast SEO plugin. -->","yoast_head_json":{"title":"\u00ab\u00a0Depuis un an, nos consciences sont \u00e9branl\u00e9es\u00a0\u00bb : tribune de soutien aux peuples palestinien et libanais -","robots":{"index":"index","follow":"follow","max-snippet":"max-snippet:-1","max-image-preview":"max-image-preview:large","max-video-preview":"max-video-preview:-1"},"canonical":"https:\/\/pierrebarros.fr\/index.php\/2024\/11\/14\/depuis-un-an-nos-consciences-sont-ebranlees-tribune-de-soutien-aux-peuples-palestiniens-et-libanais\/","og_locale":"fr_FR","og_type":"article","og_title":"\u00ab\u00a0Depuis un an, nos consciences sont \u00e9branl\u00e9es\u00a0\u00bb : tribune de soutien aux peuples palestinien et libanais -","og_description":"\u00ab\u00a0Nous r\u00e9affirmons notre soutien inalt\u00e9rable \u00e0 l\u2019UNRWA, notre soutien aux peuples palestinien et libanais. Nous portons haut et fort leur [&hellip;]","og_url":"https:\/\/pierrebarros.fr\/index.php\/2024\/11\/14\/depuis-un-an-nos-consciences-sont-ebranlees-tribune-de-soutien-aux-peuples-palestiniens-et-libanais\/","article_published_time":"2024-11-14T15:49:24+00:00","article_modified_time":"2024-11-17T11:26:02+00:00","og_image":[{"width":1023,"height":564,"url":"https:\/\/pierrebarros.fr\/wp-content\/uploads\/2024\/11\/Vignette_2024_tribune_97bbf4_ea87c8.webp","type":"image\/webp"}],"author":"Stephanie","twitter_card":"summary_large_image","twitter_misc":{"\u00c9crit par":"Stephanie","Dur\u00e9e de lecture estim\u00e9e":"1 minute"},"schema":{"@context":"https:\/\/schema.org","@graph":[{"@type":"Article","@id":"https:\/\/pierrebarros.fr\/index.php\/2024\/11\/14\/depuis-un-an-nos-consciences-sont-ebranlees-tribune-de-soutien-aux-peuples-palestiniens-et-libanais\/#article","isPartOf":{"@id":"https:\/\/pierrebarros.fr\/index.php\/2024\/11\/14\/depuis-un-an-nos-consciences-sont-ebranlees-tribune-de-soutien-aux-peuples-palestiniens-et-libanais\/"},"author":{"name":"Stephanie","@id":"https:\/\/pierrebarros.fr\/#\/schema\/person\/0669a80d309c762d2a40d3ae7accec5b"},"headline":"\u00ab\u00a0Depuis un an, nos consciences sont \u00e9branl\u00e9es\u00a0\u00bb : tribune de soutien aux peuples palestinien et libanais","datePublished":"2024-11-14T15:49:24+00:00","dateModified":"2024-11-17T11:26:02+00:00","mainEntityOfPage":{"@id":"https:\/\/pierrebarros.fr\/index.php\/2024\/11\/14\/depuis-un-an-nos-consciences-sont-ebranlees-tribune-de-soutien-aux-peuples-palestiniens-et-libanais\/"},"wordCount":145,"image":{"@id":"https:\/\/pierrebarros.fr\/index.php\/2024\/11\/14\/depuis-un-an-nos-consciences-sont-ebranlees-tribune-de-soutien-aux-peuples-palestiniens-et-libanais\/#primaryimage"},"thumbnailUrl":"https:\/\/i0.wp.com\/pierrebarros.fr\/wp-content\/uploads\/2024\/11\/Vignette_2024_tribune_97bbf4_ea87c8.webp?fit=1023%2C564&ssl=1","articleSection":["Au S\u00e9nat","Relations internationales"],"inLanguage":"fr-FR"},{"@type":"WebPage","@id":"https:\/\/pierrebarros.fr\/index.php\/2024\/11\/14\/depuis-un-an-nos-consciences-sont-ebranlees-tribune-de-soutien-aux-peuples-palestiniens-et-libanais\/","url":"https:\/\/pierrebarros.fr\/index.php\/2024\/11\/14\/depuis-un-an-nos-consciences-sont-ebranlees-tribune-de-soutien-aux-peuples-palestiniens-et-libanais\/","name":"\u00ab\u00a0Depuis un an, nos consciences sont \u00e9branl\u00e9es\u00a0\u00bb : tribune de soutien aux peuples palestinien et libanais -","isPartOf":{"@id":"https:\/\/pierrebarros.fr\/#website"},"primaryImageOfPage":{"@id":"https:\/\/pierrebarros.fr\/index.php\/2024\/11\/14\/depuis-un-an-nos-consciences-sont-ebranlees-tribune-de-soutien-aux-peuples-palestiniens-et-libanais\/#primaryimage"},"image":{"@id":"https:\/\/pierrebarros.fr\/index.php\/2024\/11\/14\/depuis-un-an-nos-consciences-sont-ebranlees-tribune-de-soutien-aux-peuples-palestiniens-et-libanais\/#primaryimage"},"thumbnailUrl":"https:\/\/i0.wp.com\/pierrebarros.fr\/wp-content\/uploads\/2024\/11\/Vignette_2024_tribune_97bbf4_ea87c8.webp?fit=1023%2C564&ssl=1","datePublished":"2024-11-14T15:49:24+00:00","dateModified":"2024-11-17T11:26:02+00:00","author":{"@id":"https:\/\/pierrebarros.fr\/#\/schema\/person\/0669a80d309c762d2a40d3ae7accec5b"},"breadcrumb":{"@id":"https:\/\/pierrebarros.fr\/index.php\/2024\/11\/14\/depuis-un-an-nos-consciences-sont-ebranlees-tribune-de-soutien-aux-peuples-palestiniens-et-libanais\/#breadcrumb"},"inLanguage":"fr-FR","potentialAction":[{"@type":"ReadAction","target":["https:\/\/pierrebarros.fr\/index.php\/2024\/11\/14\/depuis-un-an-nos-consciences-sont-ebranlees-tribune-de-soutien-aux-peuples-palestiniens-et-libanais\/"]}]},{"@type":"ImageObject","inLanguage":"fr-FR","@id":"https:\/\/pierrebarros.fr\/index.php\/2024\/11\/14\/depuis-un-an-nos-consciences-sont-ebranlees-tribune-de-soutien-aux-peuples-palestiniens-et-libanais\/#primaryimage","url":"https:\/\/i0.wp.com\/pierrebarros.fr\/wp-content\/uploads\/2024\/11\/Vignette_2024_tribune_97bbf4_ea87c8.webp?fit=1023%2C564&ssl=1","contentUrl":"https:\/\/i0.wp.com\/pierrebarros.fr\/wp-content\/uploads\/2024\/11\/Vignette_2024_tribune_97bbf4_ea87c8.webp?fit=1023%2C564&ssl=1","width":1023,"height":564},{"@type":"BreadcrumbList","@id":"https:\/\/pierrebarros.fr\/index.php\/2024\/11\/14\/depuis-un-an-nos-consciences-sont-ebranlees-tribune-de-soutien-aux-peuples-palestiniens-et-libanais\/#breadcrumb","itemListElement":[{"@type":"ListItem","position":1,"name":"Accueil","item":"https:\/\/pierrebarros.fr\/"},{"@type":"ListItem","position":2,"name":"\u00ab\u00a0Depuis un an, nos consciences sont \u00e9branl\u00e9es\u00a0\u00bb : tribune de soutien aux peuples palestinien et libanais"}]},{"@type":"WebSite","@id":"https:\/\/pierrebarros.fr\/#website","url":"https:\/\/pierrebarros.fr\/","name":"","description":"S\u00e9nateur du Val-d&#039;Oise","potentialAction":[{"@type":"SearchAction","target":{"@type":"EntryPoint","urlTemplate":"https:\/\/pierrebarros.fr\/?s={search_term_string}"},"query-input":{"@type":"PropertyValueSpecification","valueRequired":true,"valueName":"search_term_string"}}],"inLanguage":"fr-FR"},{"@type":"Person","@id":"https:\/\/pierrebarros.fr\/#\/schema\/person\/0669a80d309c762d2a40d3ae7accec5b","name":"Stephanie","url":"https:\/\/pierrebarros.fr\/index.php\/author\/stephanie\/"}]}},"jetpack_featured_media_url":"https:\/\/i0.wp.com\/pierrebarros.fr\/wp-content\/uploads\/2024\/11\/Vignette_2024_tribune_97bbf4_ea87c8.webp?fit=1023%2C564&ssl=1","jetpack-related-posts":[],"jetpack_sharing_enabled":true,"_links":{"self":[{"href":"https:\/\/pierrebarros.fr\/index.php\/wp-json\/wp\/v2\/posts\/1922","targetHints":{"allow":["GET"]}}],"collection":[{"href":"https:\/\/pierrebarros.fr\/index.php\/wp-json\/wp\/v2\/posts"}],"about":[{"href":"https:\/\/pierrebarros.fr\/index.php\/wp-json\/wp\/v2\/types\/post"}],"author":[{"embeddable":true,"href":"https:\/\/pierrebarros.fr\/index.php\/wp-json\/wp\/v2\/users\/4"}],"replies":[{"embeddable":true,"href":"https:\/\/pierrebarros.fr\/index.php\/wp-json\/wp\/v2\/comments?post=1922"}],"version-history":[{"count":0,"href":"https:\/\/pierrebarros.fr\/index.php\/wp-json\/wp\/v2\/posts\/1922\/revisions"}],"wp:featuredmedia":[{"embeddable":true,"href":"https:\/\/pierrebarros.fr\/index.php\/wp-json\/wp\/v2\/media\/1923"}],"wp:attachment":[{"href":"https:\/\/pierrebarros.fr\/index.php\/wp-json\/wp\/v2\/media?parent=1922"}],"wp:term":[{"taxonomy":"category","embeddable":true,"href":"https:\/\/pierrebarros.fr\/index.php\/wp-json\/wp\/v2\/categories?post=1922"},{"taxonomy":"post_tag","embeddable":true,"href":"https:\/\/pierrebarros.fr\/index.php\/wp-json\/wp\/v2\/tags?post=1922"}],"curies":[{"name":"wp","href":"https:\/\/api.w.org\/{rel}","templated":true}]}}