{"id":1544,"date":"2024-06-21T10:45:38","date_gmt":"2024-06-21T08:45:38","guid":{"rendered":"https:\/\/pierrebarros.fr\/?p=1544"},"modified":"2024-07-11T11:02:11","modified_gmt":"2024-07-11T09:02:11","slug":"un-consensus-parlementaire-large-pour-mieux-encadrer-les-activites-de-totalenergies","status":"publish","type":"post","link":"https:\/\/pierrebarros.fr\/index.php\/2024\/06\/21\/un-consensus-parlementaire-large-pour-mieux-encadrer-les-activites-de-totalenergies\/","title":{"rendered":"Un consensus parlementaire pour encadrer les activit\u00e9s de Total\u00c9nergies\u00a0!"},"content":{"rendered":"\n<p>Apr\u00e8s 6 mois d\u2019auditions, je me r\u00e9jouis que le rapport de la commission d\u2019enqu\u00eate sur TotalEnergies ait \u00e9t\u00e9 vot\u00e9 \u00e0 l&rsquo;unanimit\u00e9. Ce travail de qualit\u00e9, fruit d\u2019un compromis, a permis de faire \u00e9merger 33 propositions, que vous pouvez retrouver ici (<a href=\"https:\/\/www.senat.fr\/fileadmin\/Presse\/Documents_pdf\/20240619_Essentiel_CETE.pdf\">https:\/\/www.senat.fr\/fileadmin\/Presse\/Documents_pdf\/20240619_Essentiel_CETE.pdf<\/a>). <\/p>\n\n\n\n<p>Deux mesures sont particuli\u00e8rement importantes :<\/p>\n\n\n\n<ul class=\"wp-block-list\">\n<li>Le recours \u00e0 un actionnariat sp\u00e9cifique au capital du groupe. <\/li>\n<\/ul>\n\n\n\n<figure class=\"wp-block-image size-full\"><img data-recalc-dims=\"1\" fetchpriority=\"high\" decoding=\"async\" width=\"940\" height=\"788\" src=\"https:\/\/i0.wp.com\/pierrebarros.fr\/wp-content\/uploads\/2024\/07\/2.png?resize=940%2C788&#038;ssl=1\" alt=\"\" class=\"wp-image-1545\" srcset=\"https:\/\/i0.wp.com\/pierrebarros.fr\/wp-content\/uploads\/2024\/07\/2.png?w=940&amp;ssl=1 940w, https:\/\/i0.wp.com\/pierrebarros.fr\/wp-content\/uploads\/2024\/07\/2.png?resize=300%2C251&amp;ssl=1 300w, https:\/\/i0.wp.com\/pierrebarros.fr\/wp-content\/uploads\/2024\/07\/2.png?resize=768%2C644&amp;ssl=1 768w\" sizes=\"(max-width: 940px) 100vw, 940px\" \/><\/figure>\n\n\n\n<ul class=\"wp-block-list\">\n<li>La fin de l\u2019importation de gaz naturel liqu\u00e9fi\u00e9 (GNL) en provenance de Russie.<\/li>\n<\/ul>\n\n\n\n<figure class=\"wp-block-image size-full\"><img data-recalc-dims=\"1\" decoding=\"async\" width=\"940\" height=\"788\" src=\"https:\/\/i0.wp.com\/pierrebarros.fr\/wp-content\/uploads\/2024\/07\/3.png?resize=940%2C788&#038;ssl=1\" alt=\"\" class=\"wp-image-1546\" srcset=\"https:\/\/i0.wp.com\/pierrebarros.fr\/wp-content\/uploads\/2024\/07\/3.png?w=940&amp;ssl=1 940w, https:\/\/i0.wp.com\/pierrebarros.fr\/wp-content\/uploads\/2024\/07\/3.png?resize=300%2C251&amp;ssl=1 300w, https:\/\/i0.wp.com\/pierrebarros.fr\/wp-content\/uploads\/2024\/07\/3.png?resize=768%2C644&amp;ssl=1 768w\" sizes=\"(max-width: 940px) 100vw, 940px\" \/><\/figure>\n\n\n\n<p>Au nom de mon groupe, j\u2019ai \u00e9galement souhait\u00e9 d\u00e9poser une contribution \u00e0 ce rapport d\u2019enqu\u00eate. Faute de temps disponible, les organisations syndicales repr\u00e9sentatives au sein de l\u2019entreprise n\u2019ont pas \u00e9t\u00e9 auditionn\u00e9es. Pourtant, ces derni\u00e8res disposent d\u2019une expertise indispensable pour en comprendre les choix et pour les \u00e9clairer.<\/p>\n\n\n\n<p>Gr\u00e2ce \u00e0 ces \u00e9changes, j\u2019ai souhait\u00e9 mettre en lumi\u00e8re que le groupe Total\u00c9nergies avait une vision avant tout financi\u00e8re de son activit\u00e9, incompatible avec l\u2019urgence du financement de la transition \u00e9cologique. Par ailleurs, le groupe d\u00e9fend une strat\u00e9gie de d\u00e9localisation de ses activit\u00e9s les plus polluantes, oppos\u00e9e aux enjeux climatiques et aux besoins de souverainet\u00e9 \u00e9cologique de notre pays. Enfin, cela nous a amen\u00e9 \u00e0 d\u00e9fendre un revirement de la strat\u00e9gie du groupe, soutenu par une ambition publique et r\u00e9orient\u00e9 vers une politique tourn\u00e9e vers l\u2019int\u00e9r\u00eat g\u00e9n\u00e9ral. Pour mettre fin \u00e0 la logique de profits actuelle de Total\u00c9nergies, nous pensons avec mes coll\u00e8gues du groupe CRCE-K que l\u2019\u00c9tat doit \u0153uvrer pour construire un grand p\u00f4le public de l\u2019\u00e9nergie, seul moyen efficace pour y parvenir.<\/p>\n\n\n\n<div data-wp-interactive=\"core\/file\" class=\"wp-block-file\"><object data-wp-bind--hidden=\"!state.hasPdfPreview\" hidden class=\"wp-block-file__embed\" data=\"https:\/\/pierrebarros.fr\/wp-content\/uploads\/2024\/07\/Pierre-Barros-Contribution-Commission-denquete-TotalEnergies-.pdf\" type=\"application\/pdf\" style=\"width:100%;height:600px\" aria-label=\"Contenu embarqu\u00e9 Pierre-Barros-Contribution-Commission-denquete-TotalEnergies-.\"><\/object><a id=\"wp-block-file--media-5f01906b-edf9-4f0a-9693-66c4a2b3fee0\" href=\"https:\/\/pierrebarros.fr\/wp-content\/uploads\/2024\/07\/Pierre-Barros-Contribution-Commission-denquete-TotalEnergies-.pdf\">Pierre-Barros-Contribution-Commission-denquete-TotalEnergies-<\/a><a href=\"https:\/\/pierrebarros.fr\/wp-content\/uploads\/2024\/07\/Pierre-Barros-Contribution-Commission-denquete-TotalEnergies-.pdf\" class=\"wp-block-file__button wp-element-button\" download aria-describedby=\"wp-block-file--media-5f01906b-edf9-4f0a-9693-66c4a2b3fee0\">T\u00e9l\u00e9charger<\/a><\/div>\n","protected":false},"excerpt":{"rendered":"<p>Apr\u00e8s 6 mois d\u2019auditions, je me r\u00e9jouis que le rapport de la commission d\u2019enqu\u00eate sur TotalEnergies ait \u00e9t\u00e9 vot\u00e9 \u00e0 [&hellip;]<\/p>\n","protected":false},"author":4,"featured_media":1551,"comment_status":"closed","ping_status":"closed","sticky":false,"template":"","format":"standard","meta":{"site-sidebar-layout":"default","site-content-layout":"","ast-site-content-layout":"default","site-content-style":"default","site-sidebar-style":"default","ast-global-header-display":"","ast-banner-title-visibility":"","ast-main-header-display":"","ast-hfb-above-header-display":"","ast-hfb-below-header-display":"","ast-hfb-mobile-header-display":"","site-post-title":"","ast-breadcrumbs-content":"","ast-featured-img":"","footer-sml-layout":"","ast-disable-related-posts":"","theme-transparent-header-meta":"","adv-header-id-meta":"","stick-header-meta":"","header-above-stick-meta":"","header-main-stick-meta":"","header-below-stick-meta":"","astra-migrate-meta-layouts":"default","ast-page-background-enabled":"default","ast-page-background-meta":{"desktop":{"background-color":"var(--ast-global-color-4)","background-image":"","background-repeat":"repeat","background-position":"center center","background-size":"auto","background-attachment":"scroll","background-type":"","background-media":"","overlay-type":"","overlay-color":"","overlay-opacity":"","overlay-gradient":""},"tablet":{"background-color":"","background-image":"","background-repeat":"repeat","background-position":"center center","background-size":"auto","background-attachment":"scroll","background-type":"","background-media":"","overlay-type":"","overlay-color":"","overlay-opacity":"","overlay-gradient":""},"mobile":{"background-color":"","background-image":"","background-repeat":"repeat","background-position":"center center","background-size":"auto","background-attachment":"scroll","background-type":"","background-media":"","overlay-type":"","overlay-color":"","overlay-opacity":"","overlay-gradient":""}},"ast-content-background-meta":{"desktop":{"background-color":"var(--ast-global-color-5)","background-image":"","background-repeat":"repeat","background-position":"center center","background-size":"auto","background-attachment":"scroll","background-type":"","background-media":"","overlay-type":"","overlay-color":"","overlay-opacity":"","overlay-gradient":""},"tablet":{"background-color":"var(--ast-global-color-5)","background-image":"","background-repeat":"repeat","background-position":"center center","background-size":"auto","background-attachment":"scroll","background-type":"","background-media":"","overlay-type":"","overlay-color":"","overlay-opacity":"","overlay-gradient":""},"mobile":{"background-color":"var(--ast-global-color-5)","background-image":"","background-repeat":"repeat","background-position":"center center","background-size":"auto","background-attachment":"scroll","background-type":"","background-media":"","overlay-type":"","overlay-color":"","overlay-opacity":"","overlay-gradient":""}},"_jetpack_memberships_contains_paid_content":false,"footnotes":""},"categories":[1],"tags":[],"class_list":["post-1544","post","type-post","status-publish","format-standard","has-post-thumbnail","hentry","category-non-classe"],"yoast_head":"<!-- This site is optimized with the Yoast SEO plugin v27.4 - https:\/\/yoast.com\/product\/yoast-seo-wordpress\/ -->\n<title>Un consensus parlementaire pour encadrer les activit\u00e9s de Total\u00c9nergies\u00a0! -<\/title>\n<meta name=\"robots\" content=\"index, follow, max-snippet:-1, max-image-preview:large, max-video-preview:-1\" \/>\n<link rel=\"canonical\" href=\"https:\/\/pierrebarros.fr\/index.php\/2024\/06\/21\/un-consensus-parlementaire-large-pour-mieux-encadrer-les-activites-de-totalenergies\/\" \/>\n<meta property=\"og:locale\" content=\"fr_FR\" \/>\n<meta property=\"og:type\" content=\"article\" \/>\n<meta property=\"og:title\" content=\"Un consensus parlementaire pour encadrer les activit\u00e9s de Total\u00c9nergies\u00a0! -\" \/>\n<meta property=\"og:description\" content=\"Apr\u00e8s 6 mois d\u2019auditions, je me r\u00e9jouis que le rapport de la commission d\u2019enqu\u00eate sur TotalEnergies ait \u00e9t\u00e9 vot\u00e9 \u00e0 [&hellip;]\" \/>\n<meta property=\"og:url\" content=\"https:\/\/pierrebarros.fr\/index.php\/2024\/06\/21\/un-consensus-parlementaire-large-pour-mieux-encadrer-les-activites-de-totalenergies\/\" \/>\n<meta property=\"article:published_time\" content=\"2024-06-21T08:45:38+00:00\" \/>\n<meta property=\"article:modified_time\" content=\"2024-07-11T09:02:11+00:00\" \/>\n<meta property=\"og:image\" content=\"https:\/\/pierrebarros.fr\/wp-content\/uploads\/2024\/06\/1.png\" \/>\n\t<meta property=\"og:image:width\" content=\"940\" \/>\n\t<meta property=\"og:image:height\" content=\"788\" \/>\n\t<meta property=\"og:image:type\" content=\"image\/png\" \/>\n<meta name=\"author\" content=\"Stephanie\" \/>\n<meta name=\"twitter:card\" content=\"summary_large_image\" \/>\n<meta name=\"twitter:label1\" content=\"\u00c9crit par\" \/>\n\t<meta name=\"twitter:data1\" content=\"Stephanie\" \/>\n\t<meta name=\"twitter:label2\" content=\"Dur\u00e9e de lecture estim\u00e9e\" \/>\n\t<meta name=\"twitter:data2\" content=\"2 minutes\" \/>\n<script type=\"application\/ld+json\" class=\"yoast-schema-graph\">{\"@context\":\"https:\\\/\\\/schema.org\",\"@graph\":[{\"@type\":\"Article\",\"@id\":\"https:\\\/\\\/pierrebarros.fr\\\/index.php\\\/2024\\\/06\\\/21\\\/un-consensus-parlementaire-large-pour-mieux-encadrer-les-activites-de-totalenergies\\\/#article\",\"isPartOf\":{\"@id\":\"https:\\\/\\\/pierrebarros.fr\\\/index.php\\\/2024\\\/06\\\/21\\\/un-consensus-parlementaire-large-pour-mieux-encadrer-les-activites-de-totalenergies\\\/\"},\"author\":{\"name\":\"Stephanie\",\"@id\":\"https:\\\/\\\/pierrebarros.fr\\\/#\\\/schema\\\/person\\\/0669a80d309c762d2a40d3ae7accec5b\"},\"headline\":\"Un consensus parlementaire pour encadrer les activit\u00e9s de Total\u00c9nergies\u00a0!\",\"datePublished\":\"2024-06-21T08:45:38+00:00\",\"dateModified\":\"2024-07-11T09:02:11+00:00\",\"mainEntityOfPage\":{\"@id\":\"https:\\\/\\\/pierrebarros.fr\\\/index.php\\\/2024\\\/06\\\/21\\\/un-consensus-parlementaire-large-pour-mieux-encadrer-les-activites-de-totalenergies\\\/\"},\"wordCount\":303,\"image\":{\"@id\":\"https:\\\/\\\/pierrebarros.fr\\\/index.php\\\/2024\\\/06\\\/21\\\/un-consensus-parlementaire-large-pour-mieux-encadrer-les-activites-de-totalenergies\\\/#primaryimage\"},\"thumbnailUrl\":\"https:\\\/\\\/i0.wp.com\\\/pierrebarros.fr\\\/wp-content\\\/uploads\\\/2024\\\/06\\\/1.png?fit=940%2C788&ssl=1\",\"inLanguage\":\"fr-FR\"},{\"@type\":\"WebPage\",\"@id\":\"https:\\\/\\\/pierrebarros.fr\\\/index.php\\\/2024\\\/06\\\/21\\\/un-consensus-parlementaire-large-pour-mieux-encadrer-les-activites-de-totalenergies\\\/\",\"url\":\"https:\\\/\\\/pierrebarros.fr\\\/index.php\\\/2024\\\/06\\\/21\\\/un-consensus-parlementaire-large-pour-mieux-encadrer-les-activites-de-totalenergies\\\/\",\"name\":\"Un consensus parlementaire pour encadrer les activit\u00e9s de Total\u00c9nergies\u00a0! -\",\"isPartOf\":{\"@id\":\"https:\\\/\\\/pierrebarros.fr\\\/#website\"},\"primaryImageOfPage\":{\"@id\":\"https:\\\/\\\/pierrebarros.fr\\\/index.php\\\/2024\\\/06\\\/21\\\/un-consensus-parlementaire-large-pour-mieux-encadrer-les-activites-de-totalenergies\\\/#primaryimage\"},\"image\":{\"@id\":\"https:\\\/\\\/pierrebarros.fr\\\/index.php\\\/2024\\\/06\\\/21\\\/un-consensus-parlementaire-large-pour-mieux-encadrer-les-activites-de-totalenergies\\\/#primaryimage\"},\"thumbnailUrl\":\"https:\\\/\\\/i0.wp.com\\\/pierrebarros.fr\\\/wp-content\\\/uploads\\\/2024\\\/06\\\/1.png?fit=940%2C788&ssl=1\",\"datePublished\":\"2024-06-21T08:45:38+00:00\",\"dateModified\":\"2024-07-11T09:02:11+00:00\",\"author\":{\"@id\":\"https:\\\/\\\/pierrebarros.fr\\\/#\\\/schema\\\/person\\\/0669a80d309c762d2a40d3ae7accec5b\"},\"breadcrumb\":{\"@id\":\"https:\\\/\\\/pierrebarros.fr\\\/index.php\\\/2024\\\/06\\\/21\\\/un-consensus-parlementaire-large-pour-mieux-encadrer-les-activites-de-totalenergies\\\/#breadcrumb\"},\"inLanguage\":\"fr-FR\",\"potentialAction\":[{\"@type\":\"ReadAction\",\"target\":[\"https:\\\/\\\/pierrebarros.fr\\\/index.php\\\/2024\\\/06\\\/21\\\/un-consensus-parlementaire-large-pour-mieux-encadrer-les-activites-de-totalenergies\\\/\"]}]},{\"@type\":\"ImageObject\",\"inLanguage\":\"fr-FR\",\"@id\":\"https:\\\/\\\/pierrebarros.fr\\\/index.php\\\/2024\\\/06\\\/21\\\/un-consensus-parlementaire-large-pour-mieux-encadrer-les-activites-de-totalenergies\\\/#primaryimage\",\"url\":\"https:\\\/\\\/i0.wp.com\\\/pierrebarros.fr\\\/wp-content\\\/uploads\\\/2024\\\/06\\\/1.png?fit=940%2C788&ssl=1\",\"contentUrl\":\"https:\\\/\\\/i0.wp.com\\\/pierrebarros.fr\\\/wp-content\\\/uploads\\\/2024\\\/06\\\/1.png?fit=940%2C788&ssl=1\",\"width\":940,\"height\":788},{\"@type\":\"BreadcrumbList\",\"@id\":\"https:\\\/\\\/pierrebarros.fr\\\/index.php\\\/2024\\\/06\\\/21\\\/un-consensus-parlementaire-large-pour-mieux-encadrer-les-activites-de-totalenergies\\\/#breadcrumb\",\"itemListElement\":[{\"@type\":\"ListItem\",\"position\":1,\"name\":\"Accueil\",\"item\":\"https:\\\/\\\/pierrebarros.fr\\\/\"},{\"@type\":\"ListItem\",\"position\":2,\"name\":\"Un consensus parlementaire pour encadrer les activit\u00e9s de Total\u00c9nergies\u00a0!\"}]},{\"@type\":\"WebSite\",\"@id\":\"https:\\\/\\\/pierrebarros.fr\\\/#website\",\"url\":\"https:\\\/\\\/pierrebarros.fr\\\/\",\"name\":\"\",\"description\":\"S\u00e9nateur du Val-d&#039;Oise\",\"potentialAction\":[{\"@type\":\"SearchAction\",\"target\":{\"@type\":\"EntryPoint\",\"urlTemplate\":\"https:\\\/\\\/pierrebarros.fr\\\/?s={search_term_string}\"},\"query-input\":{\"@type\":\"PropertyValueSpecification\",\"valueRequired\":true,\"valueName\":\"search_term_string\"}}],\"inLanguage\":\"fr-FR\"},{\"@type\":\"Person\",\"@id\":\"https:\\\/\\\/pierrebarros.fr\\\/#\\\/schema\\\/person\\\/0669a80d309c762d2a40d3ae7accec5b\",\"name\":\"Stephanie\",\"url\":\"https:\\\/\\\/pierrebarros.fr\\\/index.php\\\/author\\\/stephanie\\\/\"}]}<\/script>\n<!-- \/ Yoast SEO plugin. -->","yoast_head_json":{"title":"Un consensus parlementaire pour encadrer les activit\u00e9s de Total\u00c9nergies\u00a0! -","robots":{"index":"index","follow":"follow","max-snippet":"max-snippet:-1","max-image-preview":"max-image-preview:large","max-video-preview":"max-video-preview:-1"},"canonical":"https:\/\/pierrebarros.fr\/index.php\/2024\/06\/21\/un-consensus-parlementaire-large-pour-mieux-encadrer-les-activites-de-totalenergies\/","og_locale":"fr_FR","og_type":"article","og_title":"Un consensus parlementaire pour encadrer les activit\u00e9s de Total\u00c9nergies\u00a0! -","og_description":"Apr\u00e8s 6 mois d\u2019auditions, je me r\u00e9jouis que le rapport de la commission d\u2019enqu\u00eate sur TotalEnergies ait \u00e9t\u00e9 vot\u00e9 \u00e0 [&hellip;]","og_url":"https:\/\/pierrebarros.fr\/index.php\/2024\/06\/21\/un-consensus-parlementaire-large-pour-mieux-encadrer-les-activites-de-totalenergies\/","article_published_time":"2024-06-21T08:45:38+00:00","article_modified_time":"2024-07-11T09:02:11+00:00","og_image":[{"width":940,"height":788,"url":"https:\/\/pierrebarros.fr\/wp-content\/uploads\/2024\/06\/1.png","type":"image\/png"}],"author":"Stephanie","twitter_card":"summary_large_image","twitter_misc":{"\u00c9crit par":"Stephanie","Dur\u00e9e de lecture estim\u00e9e":"2 minutes"},"schema":{"@context":"https:\/\/schema.org","@graph":[{"@type":"Article","@id":"https:\/\/pierrebarros.fr\/index.php\/2024\/06\/21\/un-consensus-parlementaire-large-pour-mieux-encadrer-les-activites-de-totalenergies\/#article","isPartOf":{"@id":"https:\/\/pierrebarros.fr\/index.php\/2024\/06\/21\/un-consensus-parlementaire-large-pour-mieux-encadrer-les-activites-de-totalenergies\/"},"author":{"name":"Stephanie","@id":"https:\/\/pierrebarros.fr\/#\/schema\/person\/0669a80d309c762d2a40d3ae7accec5b"},"headline":"Un consensus parlementaire pour encadrer les activit\u00e9s de Total\u00c9nergies\u00a0!","datePublished":"2024-06-21T08:45:38+00:00","dateModified":"2024-07-11T09:02:11+00:00","mainEntityOfPage":{"@id":"https:\/\/pierrebarros.fr\/index.php\/2024\/06\/21\/un-consensus-parlementaire-large-pour-mieux-encadrer-les-activites-de-totalenergies\/"},"wordCount":303,"image":{"@id":"https:\/\/pierrebarros.fr\/index.php\/2024\/06\/21\/un-consensus-parlementaire-large-pour-mieux-encadrer-les-activites-de-totalenergies\/#primaryimage"},"thumbnailUrl":"https:\/\/i0.wp.com\/pierrebarros.fr\/wp-content\/uploads\/2024\/06\/1.png?fit=940%2C788&ssl=1","inLanguage":"fr-FR"},{"@type":"WebPage","@id":"https:\/\/pierrebarros.fr\/index.php\/2024\/06\/21\/un-consensus-parlementaire-large-pour-mieux-encadrer-les-activites-de-totalenergies\/","url":"https:\/\/pierrebarros.fr\/index.php\/2024\/06\/21\/un-consensus-parlementaire-large-pour-mieux-encadrer-les-activites-de-totalenergies\/","name":"Un consensus parlementaire pour encadrer les activit\u00e9s de Total\u00c9nergies\u00a0! -","isPartOf":{"@id":"https:\/\/pierrebarros.fr\/#website"},"primaryImageOfPage":{"@id":"https:\/\/pierrebarros.fr\/index.php\/2024\/06\/21\/un-consensus-parlementaire-large-pour-mieux-encadrer-les-activites-de-totalenergies\/#primaryimage"},"image":{"@id":"https:\/\/pierrebarros.fr\/index.php\/2024\/06\/21\/un-consensus-parlementaire-large-pour-mieux-encadrer-les-activites-de-totalenergies\/#primaryimage"},"thumbnailUrl":"https:\/\/i0.wp.com\/pierrebarros.fr\/wp-content\/uploads\/2024\/06\/1.png?fit=940%2C788&ssl=1","datePublished":"2024-06-21T08:45:38+00:00","dateModified":"2024-07-11T09:02:11+00:00","author":{"@id":"https:\/\/pierrebarros.fr\/#\/schema\/person\/0669a80d309c762d2a40d3ae7accec5b"},"breadcrumb":{"@id":"https:\/\/pierrebarros.fr\/index.php\/2024\/06\/21\/un-consensus-parlementaire-large-pour-mieux-encadrer-les-activites-de-totalenergies\/#breadcrumb"},"inLanguage":"fr-FR","potentialAction":[{"@type":"ReadAction","target":["https:\/\/pierrebarros.fr\/index.php\/2024\/06\/21\/un-consensus-parlementaire-large-pour-mieux-encadrer-les-activites-de-totalenergies\/"]}]},{"@type":"ImageObject","inLanguage":"fr-FR","@id":"https:\/\/pierrebarros.fr\/index.php\/2024\/06\/21\/un-consensus-parlementaire-large-pour-mieux-encadrer-les-activites-de-totalenergies\/#primaryimage","url":"https:\/\/i0.wp.com\/pierrebarros.fr\/wp-content\/uploads\/2024\/06\/1.png?fit=940%2C788&ssl=1","contentUrl":"https:\/\/i0.wp.com\/pierrebarros.fr\/wp-content\/uploads\/2024\/06\/1.png?fit=940%2C788&ssl=1","width":940,"height":788},{"@type":"BreadcrumbList","@id":"https:\/\/pierrebarros.fr\/index.php\/2024\/06\/21\/un-consensus-parlementaire-large-pour-mieux-encadrer-les-activites-de-totalenergies\/#breadcrumb","itemListElement":[{"@type":"ListItem","position":1,"name":"Accueil","item":"https:\/\/pierrebarros.fr\/"},{"@type":"ListItem","position":2,"name":"Un consensus parlementaire pour encadrer les activit\u00e9s de Total\u00c9nergies\u00a0!"}]},{"@type":"WebSite","@id":"https:\/\/pierrebarros.fr\/#website","url":"https:\/\/pierrebarros.fr\/","name":"","description":"S\u00e9nateur du Val-d&#039;Oise","potentialAction":[{"@type":"SearchAction","target":{"@type":"EntryPoint","urlTemplate":"https:\/\/pierrebarros.fr\/?s={search_term_string}"},"query-input":{"@type":"PropertyValueSpecification","valueRequired":true,"valueName":"search_term_string"}}],"inLanguage":"fr-FR"},{"@type":"Person","@id":"https:\/\/pierrebarros.fr\/#\/schema\/person\/0669a80d309c762d2a40d3ae7accec5b","name":"Stephanie","url":"https:\/\/pierrebarros.fr\/index.php\/author\/stephanie\/"}]}},"jetpack_featured_media_url":"https:\/\/i0.wp.com\/pierrebarros.fr\/wp-content\/uploads\/2024\/06\/1.png?fit=940%2C788&ssl=1","jetpack-related-posts":[],"jetpack_sharing_enabled":true,"_links":{"self":[{"href":"https:\/\/pierrebarros.fr\/index.php\/wp-json\/wp\/v2\/posts\/1544","targetHints":{"allow":["GET"]}}],"collection":[{"href":"https:\/\/pierrebarros.fr\/index.php\/wp-json\/wp\/v2\/posts"}],"about":[{"href":"https:\/\/pierrebarros.fr\/index.php\/wp-json\/wp\/v2\/types\/post"}],"author":[{"embeddable":true,"href":"https:\/\/pierrebarros.fr\/index.php\/wp-json\/wp\/v2\/users\/4"}],"replies":[{"embeddable":true,"href":"https:\/\/pierrebarros.fr\/index.php\/wp-json\/wp\/v2\/comments?post=1544"}],"version-history":[{"count":0,"href":"https:\/\/pierrebarros.fr\/index.php\/wp-json\/wp\/v2\/posts\/1544\/revisions"}],"wp:featuredmedia":[{"embeddable":true,"href":"https:\/\/pierrebarros.fr\/index.php\/wp-json\/wp\/v2\/media\/1551"}],"wp:attachment":[{"href":"https:\/\/pierrebarros.fr\/index.php\/wp-json\/wp\/v2\/media?parent=1544"}],"wp:term":[{"taxonomy":"category","embeddable":true,"href":"https:\/\/pierrebarros.fr\/index.php\/wp-json\/wp\/v2\/categories?post=1544"},{"taxonomy":"post_tag","embeddable":true,"href":"https:\/\/pierrebarros.fr\/index.php\/wp-json\/wp\/v2\/tags?post=1544"}],"curies":[{"name":"wp","href":"https:\/\/api.w.org\/{rel}","templated":true}]}}