{"id":1413,"date":"2024-06-14T16:18:10","date_gmt":"2024-06-14T14:18:10","guid":{"rendered":"https:\/\/pierrebarros.fr\/?p=1413"},"modified":"2024-06-14T16:18:13","modified_gmt":"2024-06-14T14:18:13","slug":"a-vos-cotes-retour-en-bref-et-en-images-2","status":"publish","type":"post","link":"https:\/\/pierrebarros.fr\/index.php\/2024\/06\/14\/a-vos-cotes-retour-en-bref-et-en-images-2\/","title":{"rendered":"A vos c\u00f4t\u00e9s \u2013 Retour en bref et en images"},"content":{"rendered":"\n<h4 class=\"wp-block-heading\">Je me suis engag\u00e9 \u00e0 \u00eatre pr\u00e9sent \u00e0 vos c\u00f4t\u00e9s et \u00e0 arpenter le territoire pour \u00eatre \u00e0 votre \u00e9coute. Je vous propose un retour en bref et en images sur les derni\u00e8res semaines \u00e0 votre rencontre sur le territoire. &nbsp;<\/h4>\n\n\n\n<p><strong>Des r\u00e9unions \u00e0 enjeux en Val d\u2019Oise\u00a0: l\u2019\u00e9cole en milieu rural<\/strong><\/p>\n\n\n\n<p>En mai 2024, \u00e0 Chaussy pour l\u2019assembl\u00e9e de la Communaut\u00e9 de Communes Vexin Val de Seine, o\u00f9 divers sujets \u00e9taient \u00e0 l\u2019ordre du jour : s\u00e9curit\u00e9 et accessibilit\u00e9 des \u00e9tablissements recevant du public, suivi du projet du Lyc\u00e9e de Magny-en-Vexin mais aussi l\u2019\u00e9cole en milieu rural, qu\u2019il nous faut pr\u00e9server au b\u00e9n\u00e9fice de l\u2019attractivit\u00e9 de nos territoires ruraux.<\/p>\n\n\n\n<figure class=\"wp-block-image size-full\"><img data-recalc-dims=\"1\" fetchpriority=\"high\" decoding=\"async\" width=\"600\" height=\"450\" src=\"https:\/\/i0.wp.com\/pierrebarros.fr\/wp-content\/uploads\/2024\/06\/202405-CHaussy-assemblee.jpg?resize=600%2C450&#038;ssl=1\" alt=\"\" class=\"wp-image-1414\" srcset=\"https:\/\/i0.wp.com\/pierrebarros.fr\/wp-content\/uploads\/2024\/06\/202405-CHaussy-assemblee.jpg?w=600&amp;ssl=1 600w, https:\/\/i0.wp.com\/pierrebarros.fr\/wp-content\/uploads\/2024\/06\/202405-CHaussy-assemblee.jpg?resize=300%2C225&amp;ssl=1 300w\" sizes=\"(max-width: 600px) 100vw, 600px\" \/><\/figure>\n\n\n\n<p>D\u00e9but juin 2024, premi\u00e8re s\u00e9ance de l\u2019observatoire des dynamiques en milieu rural \u00e0 la direction acad\u00e9mique \u00e0 Cergy avec un objectif : avoir une visibilit\u00e9 \u00e0 3 ans pour envisager les fermetures de classes en milieu rural. Ceci \u00e9vite \u00ab l\u2019effet yo-yo \u00bb \u00e0 chaque rentr\u00e9e scolaire des ouvertures &#8211; fermetures de classe. Le directeur acad\u00e9mique s\u2019est engag\u00e9 \u00e0 ne pas fermer des classes \u00e0 partir de 20 \u00e9l\u00e8ves par classe et \u00e0 construire un dialogue social avec les \u00e9lus pour les classes qui devraient accueillir moins de 20 \u00e9l\u00e8ves \/ classe. Il est cependant important de tenir compte des dynamiques p\u00e9dagogiques positives dans les \u00e9coles rurales et les maintenir. Des crit\u00e8res doivent \u00eatre envisag\u00e9s pour conforter les \u00e9coles lorsqu\u2019elles disposent de 3 classes ou moins et \u00e9viter de supprimer des classes et, dans ce cas, des \u00e9coles.<\/p>\n\n\n\n<figure class=\"wp-block-gallery has-nested-images columns-default is-cropped wp-block-gallery-1 is-layout-flex wp-block-gallery-is-layout-flex\">\n<figure class=\"wp-block-image size-large\"><img data-recalc-dims=\"1\" decoding=\"async\" width=\"1024\" height=\"768\" data-id=\"1415\" src=\"https:\/\/i0.wp.com\/pierrebarros.fr\/wp-content\/uploads\/2024\/06\/1.jpg?resize=1024%2C768&#038;ssl=1\" alt=\"\" class=\"wp-image-1415\" srcset=\"https:\/\/i0.wp.com\/pierrebarros.fr\/wp-content\/uploads\/2024\/06\/1.jpg?resize=1024%2C768&amp;ssl=1 1024w, https:\/\/i0.wp.com\/pierrebarros.fr\/wp-content\/uploads\/2024\/06\/1.jpg?resize=300%2C225&amp;ssl=1 300w, https:\/\/i0.wp.com\/pierrebarros.fr\/wp-content\/uploads\/2024\/06\/1.jpg?resize=768%2C576&amp;ssl=1 768w, https:\/\/i0.wp.com\/pierrebarros.fr\/wp-content\/uploads\/2024\/06\/1.jpg?resize=1536%2C1152&amp;ssl=1 1536w, https:\/\/i0.wp.com\/pierrebarros.fr\/wp-content\/uploads\/2024\/06\/1.jpg?w=2048&amp;ssl=1 2048w\" sizes=\"(max-width: 1000px) 100vw, 1000px\" \/><\/figure>\n\n\n\n<figure class=\"wp-block-image size-large\"><img data-recalc-dims=\"1\" decoding=\"async\" width=\"1024\" height=\"768\" data-id=\"1416\" src=\"https:\/\/i0.wp.com\/pierrebarros.fr\/wp-content\/uploads\/2024\/06\/2.jpg?resize=1024%2C768&#038;ssl=1\" alt=\"\" class=\"wp-image-1416\" srcset=\"https:\/\/i0.wp.com\/pierrebarros.fr\/wp-content\/uploads\/2024\/06\/2.jpg?resize=1024%2C768&amp;ssl=1 1024w, https:\/\/i0.wp.com\/pierrebarros.fr\/wp-content\/uploads\/2024\/06\/2.jpg?resize=300%2C225&amp;ssl=1 300w, https:\/\/i0.wp.com\/pierrebarros.fr\/wp-content\/uploads\/2024\/06\/2.jpg?resize=768%2C576&amp;ssl=1 768w, https:\/\/i0.wp.com\/pierrebarros.fr\/wp-content\/uploads\/2024\/06\/2.jpg?resize=1536%2C1152&amp;ssl=1 1536w, https:\/\/i0.wp.com\/pierrebarros.fr\/wp-content\/uploads\/2024\/06\/2.jpg?w=2048&amp;ssl=1 2048w\" sizes=\"(max-width: 1000px) 100vw, 1000px\" \/><\/figure>\n<\/figure>\n\n\n\n<p><strong>Des comm\u00e9morations pour transmettre et se souvenir<\/strong><\/p>\n\n\n\n<p>A Sarcelles, par exemple, en mai, pour la comm\u00e9moration en hommage aux victimes de l\u2019esclavage colonial. Un moment marqu\u00e9 par le souvenir et le partage, et un discours de Monsieur Patrick Haddad, Maire de Sarcelles, juste et \u00e9mouvant.<\/p>\n\n\n\n<figure class=\"wp-block-gallery has-nested-images columns-default is-cropped wp-block-gallery-2 is-layout-flex wp-block-gallery-is-layout-flex\">\n<figure class=\"wp-block-image size-large\"><img data-recalc-dims=\"1\" loading=\"lazy\" decoding=\"async\" width=\"1024\" height=\"772\" data-id=\"1417\" src=\"https:\/\/i0.wp.com\/pierrebarros.fr\/wp-content\/uploads\/2024\/06\/Sarcelles.jpg?resize=1024%2C772&#038;ssl=1\" alt=\"\" class=\"wp-image-1417\" srcset=\"https:\/\/i0.wp.com\/pierrebarros.fr\/wp-content\/uploads\/2024\/06\/Sarcelles.jpg?resize=1024%2C772&amp;ssl=1 1024w, https:\/\/i0.wp.com\/pierrebarros.fr\/wp-content\/uploads\/2024\/06\/Sarcelles.jpg?resize=300%2C226&amp;ssl=1 300w, https:\/\/i0.wp.com\/pierrebarros.fr\/wp-content\/uploads\/2024\/06\/Sarcelles.jpg?resize=768%2C579&amp;ssl=1 768w, https:\/\/i0.wp.com\/pierrebarros.fr\/wp-content\/uploads\/2024\/06\/Sarcelles.jpg?w=1440&amp;ssl=1 1440w\" sizes=\"(max-width: 1000px) 100vw, 1000px\" \/><\/figure>\n\n\n\n<figure class=\"wp-block-image size-large\"><img data-recalc-dims=\"1\" loading=\"lazy\" decoding=\"async\" width=\"1024\" height=\"771\" data-id=\"1418\" src=\"https:\/\/i0.wp.com\/pierrebarros.fr\/wp-content\/uploads\/2024\/06\/SArcelles2.jpg?resize=1024%2C771&#038;ssl=1\" alt=\"\" class=\"wp-image-1418\" srcset=\"https:\/\/i0.wp.com\/pierrebarros.fr\/wp-content\/uploads\/2024\/06\/SArcelles2.jpg?resize=1024%2C771&amp;ssl=1 1024w, https:\/\/i0.wp.com\/pierrebarros.fr\/wp-content\/uploads\/2024\/06\/SArcelles2.jpg?resize=300%2C226&amp;ssl=1 300w, https:\/\/i0.wp.com\/pierrebarros.fr\/wp-content\/uploads\/2024\/06\/SArcelles2.jpg?resize=768%2C578&amp;ssl=1 768w, https:\/\/i0.wp.com\/pierrebarros.fr\/wp-content\/uploads\/2024\/06\/SArcelles2.jpg?w=1440&amp;ssl=1 1440w\" sizes=\"(max-width: 1000px) 100vw, 1000px\" \/><\/figure>\n<\/figure>\n\n\n\n<p>A Sarcelles et \u00e0 Fosses, en cette journ\u00e9e du 27 mai 2024 pour rendre hommage aux r\u00e9sistants qui se sont lev\u00e9s contre l\u2019occupant nazi et le r\u00e9gime collaborationniste de Vichy. Cette comm\u00e9moration permet de rappeler \u00e0 toutes les g\u00e9n\u00e9rations l\u2019engagement des femmes et des hommes qui ont men\u00e9 ce combat, avec courage, respect et avec un seul but : d\u00e9fendre les valeurs de la R\u00e9publique.<\/p>\n\n\n\n<figure class=\"wp-block-gallery has-nested-images columns-default is-cropped wp-block-gallery-3 is-layout-flex wp-block-gallery-is-layout-flex\">\n<figure class=\"wp-block-image size-large\"><img data-recalc-dims=\"1\" loading=\"lazy\" decoding=\"async\" width=\"1022\" height=\"858\" data-id=\"1420\" src=\"https:\/\/i0.wp.com\/pierrebarros.fr\/wp-content\/uploads\/2024\/06\/6.jpg?resize=1022%2C858&#038;ssl=1\" alt=\"\" class=\"wp-image-1420\" srcset=\"https:\/\/i0.wp.com\/pierrebarros.fr\/wp-content\/uploads\/2024\/06\/6.jpg?w=1022&amp;ssl=1 1022w, https:\/\/i0.wp.com\/pierrebarros.fr\/wp-content\/uploads\/2024\/06\/6.jpg?resize=300%2C252&amp;ssl=1 300w, https:\/\/i0.wp.com\/pierrebarros.fr\/wp-content\/uploads\/2024\/06\/6.jpg?resize=768%2C645&amp;ssl=1 768w\" sizes=\"(max-width: 1000px) 100vw, 1000px\" \/><\/figure>\n\n\n\n<figure class=\"wp-block-image size-large\"><img data-recalc-dims=\"1\" loading=\"lazy\" decoding=\"async\" width=\"768\" height=\"1024\" data-id=\"1419\" src=\"https:\/\/i0.wp.com\/pierrebarros.fr\/wp-content\/uploads\/2024\/06\/7.jpg?resize=768%2C1024&#038;ssl=1\" alt=\"\" class=\"wp-image-1419\" srcset=\"https:\/\/i0.wp.com\/pierrebarros.fr\/wp-content\/uploads\/2024\/06\/7.jpg?resize=768%2C1024&amp;ssl=1 768w, https:\/\/i0.wp.com\/pierrebarros.fr\/wp-content\/uploads\/2024\/06\/7.jpg?resize=225%2C300&amp;ssl=1 225w, https:\/\/i0.wp.com\/pierrebarros.fr\/wp-content\/uploads\/2024\/06\/7.jpg?resize=1152%2C1536&amp;ssl=1 1152w, https:\/\/i0.wp.com\/pierrebarros.fr\/wp-content\/uploads\/2024\/06\/7.jpg?w=1200&amp;ssl=1 1200w\" sizes=\"(max-width: 768px) 100vw, 768px\" \/><\/figure>\n\n\n\n<figure class=\"wp-block-image size-large\"><img data-recalc-dims=\"1\" loading=\"lazy\" decoding=\"async\" width=\"1600\" height=\"1200\" data-id=\"1421\" src=\"https:\/\/i0.wp.com\/pierrebarros.fr\/wp-content\/uploads\/2024\/06\/8.jpg?resize=1600%2C1200&#038;ssl=1\" alt=\"\" class=\"wp-image-1421\" srcset=\"https:\/\/i0.wp.com\/pierrebarros.fr\/wp-content\/uploads\/2024\/06\/8.jpg?resize=1024%2C768&amp;ssl=1 1024w, https:\/\/i0.wp.com\/pierrebarros.fr\/wp-content\/uploads\/2024\/06\/8.jpg?resize=300%2C225&amp;ssl=1 300w, https:\/\/i0.wp.com\/pierrebarros.fr\/wp-content\/uploads\/2024\/06\/8.jpg?resize=768%2C576&amp;ssl=1 768w, https:\/\/i0.wp.com\/pierrebarros.fr\/wp-content\/uploads\/2024\/06\/8.jpg?resize=1536%2C1152&amp;ssl=1 1536w, https:\/\/i0.wp.com\/pierrebarros.fr\/wp-content\/uploads\/2024\/06\/8.jpg?w=1600&amp;ssl=1 1600w\" sizes=\"(max-width: 1000px) 100vw, 1000px\" \/><\/figure>\n<\/figure>\n\n\n\n<p>A Fosses, d\u00e9but juin, pour l\u2019inauguration de la plaque \u00ab M\u00e9lin\u00e9e et Missak Manouchian \u00bb apr\u00e8s une marche dans la ville pour se rem\u00e9morer l\u2019histoire des r\u00e9sistantes et r\u00e9sistants qui jalonnent nos rues : Gabriel P\u00e9ri, Jean Moulien, Lucie Aubrac, ou encore Pierre S\u00e9mard.<\/p>\n\n\n\n<p><strong>Une pr\u00e9sence pour encourager la pr\u00e9servation de notre patrimoine en Val d\u2019Oise<\/strong><\/p>\n\n\n\n<p>A Pontoise pour assister \u00e0 la signature de l\u2019engagement de tous les partenaires pour la restauration de la Cath\u00e9drale Saint-Maclou.<\/p>\n\n\n\n<figure class=\"wp-block-gallery has-nested-images columns-default is-cropped wp-block-gallery-4 is-layout-flex wp-block-gallery-is-layout-flex\">\n<figure class=\"wp-block-image size-large\"><img data-recalc-dims=\"1\" loading=\"lazy\" decoding=\"async\" width=\"1024\" height=\"768\" data-id=\"1423\" src=\"https:\/\/i0.wp.com\/pierrebarros.fr\/wp-content\/uploads\/2024\/06\/202405-POntoise.jpg?resize=1024%2C768&#038;ssl=1\" alt=\"\" class=\"wp-image-1423\" srcset=\"https:\/\/i0.wp.com\/pierrebarros.fr\/wp-content\/uploads\/2024\/06\/202405-POntoise.jpg?resize=1024%2C768&amp;ssl=1 1024w, https:\/\/i0.wp.com\/pierrebarros.fr\/wp-content\/uploads\/2024\/06\/202405-POntoise.jpg?resize=300%2C225&amp;ssl=1 300w, https:\/\/i0.wp.com\/pierrebarros.fr\/wp-content\/uploads\/2024\/06\/202405-POntoise.jpg?resize=768%2C576&amp;ssl=1 768w, https:\/\/i0.wp.com\/pierrebarros.fr\/wp-content\/uploads\/2024\/06\/202405-POntoise.jpg?resize=1536%2C1152&amp;ssl=1 1536w, https:\/\/i0.wp.com\/pierrebarros.fr\/wp-content\/uploads\/2024\/06\/202405-POntoise.jpg?w=1600&amp;ssl=1 1600w\" sizes=\"(max-width: 1000px) 100vw, 1000px\" \/><\/figure>\n\n\n\n<figure class=\"wp-block-image size-large\"><img data-recalc-dims=\"1\" loading=\"lazy\" decoding=\"async\" width=\"768\" height=\"1024\" data-id=\"1422\" src=\"https:\/\/i0.wp.com\/pierrebarros.fr\/wp-content\/uploads\/2024\/06\/202405-POntoise1.jpg?resize=768%2C1024&#038;ssl=1\" alt=\"\" class=\"wp-image-1422\" srcset=\"https:\/\/i0.wp.com\/pierrebarros.fr\/wp-content\/uploads\/2024\/06\/202405-POntoise1.jpg?resize=768%2C1024&amp;ssl=1 768w, https:\/\/i0.wp.com\/pierrebarros.fr\/wp-content\/uploads\/2024\/06\/202405-POntoise1.jpg?resize=225%2C300&amp;ssl=1 225w, https:\/\/i0.wp.com\/pierrebarros.fr\/wp-content\/uploads\/2024\/06\/202405-POntoise1.jpg?resize=1152%2C1536&amp;ssl=1 1152w, https:\/\/i0.wp.com\/pierrebarros.fr\/wp-content\/uploads\/2024\/06\/202405-POntoise1.jpg?w=1200&amp;ssl=1 1200w\" sizes=\"(max-width: 768px) 100vw, 768px\" \/><\/figure>\n\n\n\n<figure class=\"wp-block-image size-large\"><img data-recalc-dims=\"1\" loading=\"lazy\" decoding=\"async\" width=\"1024\" height=\"768\" data-id=\"1424\" src=\"https:\/\/i0.wp.com\/pierrebarros.fr\/wp-content\/uploads\/2024\/06\/202405-POntoise2.jpg?resize=1024%2C768&#038;ssl=1\" alt=\"\" class=\"wp-image-1424\" srcset=\"https:\/\/i0.wp.com\/pierrebarros.fr\/wp-content\/uploads\/2024\/06\/202405-POntoise2.jpg?resize=1024%2C768&amp;ssl=1 1024w, https:\/\/i0.wp.com\/pierrebarros.fr\/wp-content\/uploads\/2024\/06\/202405-POntoise2.jpg?resize=300%2C225&amp;ssl=1 300w, https:\/\/i0.wp.com\/pierrebarros.fr\/wp-content\/uploads\/2024\/06\/202405-POntoise2.jpg?resize=768%2C576&amp;ssl=1 768w, https:\/\/i0.wp.com\/pierrebarros.fr\/wp-content\/uploads\/2024\/06\/202405-POntoise2.jpg?resize=1536%2C1152&amp;ssl=1 1536w, https:\/\/i0.wp.com\/pierrebarros.fr\/wp-content\/uploads\/2024\/06\/202405-POntoise2.jpg?w=1600&amp;ssl=1 1600w\" sizes=\"(max-width: 1000px) 100vw, 1000px\" \/><\/figure>\n<\/figure>\n\n\n\n<p><strong>Un soutien face \u00e0 des r\u00e9formes incoh\u00e9rentes<\/strong><\/p>\n\n\n\n<p>A Domont pour la journ\u00e9e \u00ab coll\u00e8ge mort \u00bb, afin de s\u2019opposer \u00e0 la r\u00e9forme du \u00ab choc des savoirs \u00bb, en pr\u00e9sence de nombreux acteurs et de Monsieur le Maire de la ville de Domont Fr\u00e9d\u00e9ric Bourdin, avant la grande manifestation pr\u00e9vue dans la suite sur Paris. Les parents d\u2019\u00e9l\u00e8ves et les enseignants refusent notamment la question des groupes de niveau et que leurs enfants soient victimes de ce tri social inadmissible. Ils ont tout mon soutien.<\/p>\n\n\n\n<figure class=\"wp-block-gallery has-nested-images columns-default is-cropped wp-block-gallery-5 is-layout-flex wp-block-gallery-is-layout-flex\">\n<figure class=\"wp-block-image size-large\"><img data-recalc-dims=\"1\" loading=\"lazy\" decoding=\"async\" width=\"576\" height=\"1024\" data-id=\"1425\" src=\"https:\/\/i0.wp.com\/pierrebarros.fr\/wp-content\/uploads\/2024\/06\/202405-college-mort-domont1.jpg?resize=576%2C1024&#038;ssl=1\" alt=\"\" class=\"wp-image-1425\" srcset=\"https:\/\/i0.wp.com\/pierrebarros.fr\/wp-content\/uploads\/2024\/06\/202405-college-mort-domont1.jpg?resize=576%2C1024&amp;ssl=1 576w, https:\/\/i0.wp.com\/pierrebarros.fr\/wp-content\/uploads\/2024\/06\/202405-college-mort-domont1.jpg?resize=169%2C300&amp;ssl=1 169w, https:\/\/i0.wp.com\/pierrebarros.fr\/wp-content\/uploads\/2024\/06\/202405-college-mort-domont1.jpg?resize=768%2C1365&amp;ssl=1 768w, https:\/\/i0.wp.com\/pierrebarros.fr\/wp-content\/uploads\/2024\/06\/202405-college-mort-domont1.jpg?resize=864%2C1536&amp;ssl=1 864w, https:\/\/i0.wp.com\/pierrebarros.fr\/wp-content\/uploads\/2024\/06\/202405-college-mort-domont1.jpg?w=900&amp;ssl=1 900w\" sizes=\"(max-width: 576px) 100vw, 576px\" \/><\/figure>\n\n\n\n<figure class=\"wp-block-image size-large\"><img data-recalc-dims=\"1\" loading=\"lazy\" decoding=\"async\" width=\"768\" height=\"1024\" data-id=\"1426\" src=\"https:\/\/i0.wp.com\/pierrebarros.fr\/wp-content\/uploads\/2024\/06\/202405-domont-choc-des-savoirs.jpg?resize=768%2C1024&#038;ssl=1\" alt=\"\" class=\"wp-image-1426\" srcset=\"https:\/\/i0.wp.com\/pierrebarros.fr\/wp-content\/uploads\/2024\/06\/202405-domont-choc-des-savoirs.jpg?resize=768%2C1024&amp;ssl=1 768w, https:\/\/i0.wp.com\/pierrebarros.fr\/wp-content\/uploads\/2024\/06\/202405-domont-choc-des-savoirs.jpg?resize=225%2C300&amp;ssl=1 225w, https:\/\/i0.wp.com\/pierrebarros.fr\/wp-content\/uploads\/2024\/06\/202405-domont-choc-des-savoirs.jpg?resize=1152%2C1536&amp;ssl=1 1152w, https:\/\/i0.wp.com\/pierrebarros.fr\/wp-content\/uploads\/2024\/06\/202405-domont-choc-des-savoirs.jpg?w=1200&amp;ssl=1 1200w\" sizes=\"(max-width: 768px) 100vw, 768px\" \/><\/figure>\n<\/figure>\n\n\n\n<p><strong>Et des moments festifs partag\u00e9s en Val d\u2019Oise<\/strong><\/p>\n\n\n\n<p>A Ecouen, par exemple, pour un d\u00e9bat li\u00e9 aux \u00e9lections europ\u00e9ennes. En pr\u00e9sence de H\u00e9l\u00e8ne Bidard, Emmanuel Maurel, Madame la Maire d&rsquo;Ecouen Catherine Delprat, C\u00e9cile Dumas, Manuel Alvarez,  pour une Europe de paix, de justice sociale et de respect \u00e9cologique.<\/p>\n\n\n\n<figure class=\"wp-block-gallery has-nested-images columns-default is-cropped wp-block-gallery-6 is-layout-flex wp-block-gallery-is-layout-flex\">\n<figure class=\"wp-block-image size-large\"><img data-recalc-dims=\"1\" loading=\"lazy\" decoding=\"async\" width=\"1024\" height=\"768\" data-id=\"1427\" src=\"https:\/\/i0.wp.com\/pierrebarros.fr\/wp-content\/uploads\/2024\/06\/Ecouen-campagne-europeenne-1024x768.jpg?resize=1024%2C768&#038;ssl=1\" alt=\"\" class=\"wp-image-1427\" srcset=\"https:\/\/i0.wp.com\/pierrebarros.fr\/wp-content\/uploads\/2024\/06\/Ecouen-campagne-europeenne.jpg?resize=1024%2C768&amp;ssl=1 1024w, https:\/\/i0.wp.com\/pierrebarros.fr\/wp-content\/uploads\/2024\/06\/Ecouen-campagne-europeenne.jpg?resize=300%2C225&amp;ssl=1 300w, https:\/\/i0.wp.com\/pierrebarros.fr\/wp-content\/uploads\/2024\/06\/Ecouen-campagne-europeenne.jpg?resize=768%2C576&amp;ssl=1 768w, https:\/\/i0.wp.com\/pierrebarros.fr\/wp-content\/uploads\/2024\/06\/Ecouen-campagne-europeenne.jpg?resize=1536%2C1152&amp;ssl=1 1536w, https:\/\/i0.wp.com\/pierrebarros.fr\/wp-content\/uploads\/2024\/06\/Ecouen-campagne-europeenne.jpg?w=1600&amp;ssl=1 1600w\" sizes=\"(max-width: 1000px) 100vw, 1000px\" \/><\/figure>\n\n\n\n<figure class=\"wp-block-image size-large\"><img data-recalc-dims=\"1\" loading=\"lazy\" decoding=\"async\" width=\"1024\" height=\"768\" data-id=\"1429\" src=\"https:\/\/i0.wp.com\/pierrebarros.fr\/wp-content\/uploads\/2024\/06\/Ecouen-campagne-europeenne2-1024x768.jpg?resize=1024%2C768&#038;ssl=1\" alt=\"\" class=\"wp-image-1429\" srcset=\"https:\/\/i0.wp.com\/pierrebarros.fr\/wp-content\/uploads\/2024\/06\/Ecouen-campagne-europeenne2.jpg?resize=1024%2C768&amp;ssl=1 1024w, https:\/\/i0.wp.com\/pierrebarros.fr\/wp-content\/uploads\/2024\/06\/Ecouen-campagne-europeenne2.jpg?resize=300%2C225&amp;ssl=1 300w, https:\/\/i0.wp.com\/pierrebarros.fr\/wp-content\/uploads\/2024\/06\/Ecouen-campagne-europeenne2.jpg?resize=768%2C576&amp;ssl=1 768w, https:\/\/i0.wp.com\/pierrebarros.fr\/wp-content\/uploads\/2024\/06\/Ecouen-campagne-europeenne2.jpg?resize=1536%2C1152&amp;ssl=1 1536w, https:\/\/i0.wp.com\/pierrebarros.fr\/wp-content\/uploads\/2024\/06\/Ecouen-campagne-europeenne2.jpg?w=1600&amp;ssl=1 1600w\" sizes=\"(max-width: 1000px) 100vw, 1000px\" \/><\/figure>\n\n\n\n<figure class=\"wp-block-image size-large\"><img data-recalc-dims=\"1\" loading=\"lazy\" decoding=\"async\" width=\"768\" height=\"1024\" data-id=\"1428\" src=\"https:\/\/i0.wp.com\/pierrebarros.fr\/wp-content\/uploads\/2024\/06\/Ecouen.jpg?resize=768%2C1024&#038;ssl=1\" alt=\"\" class=\"wp-image-1428\" srcset=\"https:\/\/i0.wp.com\/pierrebarros.fr\/wp-content\/uploads\/2024\/06\/Ecouen.jpg?resize=768%2C1024&amp;ssl=1 768w, https:\/\/i0.wp.com\/pierrebarros.fr\/wp-content\/uploads\/2024\/06\/Ecouen.jpg?resize=225%2C300&amp;ssl=1 225w, https:\/\/i0.wp.com\/pierrebarros.fr\/wp-content\/uploads\/2024\/06\/Ecouen.jpg?resize=1152%2C1536&amp;ssl=1 1152w, https:\/\/i0.wp.com\/pierrebarros.fr\/wp-content\/uploads\/2024\/06\/Ecouen.jpg?w=1200&amp;ssl=1 1200w\" sizes=\"(max-width: 768px) 100vw, 768px\" \/><\/figure>\n<\/figure>\n\n\n\n<p>Et pour terminer \u00e0 Butry-sur-Oise, un dimanche de juin pas comme les autres, pour inaugurer la f\u00eate de la ville et passer de chaleureux moments avec les \u00e9lus locaux\u00a0!<\/p>\n\n\n\n<figure class=\"wp-block-gallery has-nested-images columns-default is-cropped wp-block-gallery-7 is-layout-flex wp-block-gallery-is-layout-flex\">\n<figure class=\"wp-block-image size-large\"><img data-recalc-dims=\"1\" loading=\"lazy\" decoding=\"async\" width=\"1024\" height=\"771\" data-id=\"1430\" src=\"https:\/\/i0.wp.com\/pierrebarros.fr\/wp-content\/uploads\/2024\/06\/1-1.jpg?resize=1024%2C771&#038;ssl=1\" alt=\"\" class=\"wp-image-1430\" srcset=\"https:\/\/i0.wp.com\/pierrebarros.fr\/wp-content\/uploads\/2024\/06\/1-1.jpg?resize=1024%2C771&amp;ssl=1 1024w, https:\/\/i0.wp.com\/pierrebarros.fr\/wp-content\/uploads\/2024\/06\/1-1.jpg?resize=300%2C226&amp;ssl=1 300w, https:\/\/i0.wp.com\/pierrebarros.fr\/wp-content\/uploads\/2024\/06\/1-1.jpg?resize=768%2C578&amp;ssl=1 768w, https:\/\/i0.wp.com\/pierrebarros.fr\/wp-content\/uploads\/2024\/06\/1-1.jpg?resize=1536%2C1157&amp;ssl=1 1536w, https:\/\/i0.wp.com\/pierrebarros.fr\/wp-content\/uploads\/2024\/06\/1-1.jpg?w=2040&amp;ssl=1 2040w\" sizes=\"(max-width: 1000px) 100vw, 1000px\" \/><\/figure>\n<\/figure>\n","protected":false},"excerpt":{"rendered":"<p>Je me suis engag\u00e9 \u00e0 \u00eatre pr\u00e9sent \u00e0 vos c\u00f4t\u00e9s et \u00e0 arpenter le territoire pour \u00eatre \u00e0 votre \u00e9coute. [&hellip;]<\/p>\n","protected":false},"author":4,"featured_media":1431,"comment_status":"closed","ping_status":"closed","sticky":false,"template":"","format":"standard","meta":{"site-sidebar-layout":"default","site-content-layout":"","ast-site-content-layout":"default","site-content-style":"default","site-sidebar-style":"default","ast-global-header-display":"","ast-banner-title-visibility":"","ast-main-header-display":"","ast-hfb-above-header-display":"","ast-hfb-below-header-display":"","ast-hfb-mobile-header-display":"","site-post-title":"","ast-breadcrumbs-content":"","ast-featured-img":"","footer-sml-layout":"","ast-disable-related-posts":"","theme-transparent-header-meta":"","adv-header-id-meta":"","stick-header-meta":"","header-above-stick-meta":"","header-main-stick-meta":"","header-below-stick-meta":"","astra-migrate-meta-layouts":"default","ast-page-background-enabled":"default","ast-page-background-meta":{"desktop":{"background-color":"var(--ast-global-color-4)","background-image":"","background-repeat":"repeat","background-position":"center center","background-size":"auto","background-attachment":"scroll","background-type":"","background-media":"","overlay-type":"","overlay-color":"","overlay-opacity":"","overlay-gradient":""},"tablet":{"background-color":"","background-image":"","background-repeat":"repeat","background-position":"center center","background-size":"auto","background-attachment":"scroll","background-type":"","background-media":"","overlay-type":"","overlay-color":"","overlay-opacity":"","overlay-gradient":""},"mobile":{"background-color":"","background-image":"","background-repeat":"repeat","background-position":"center center","background-size":"auto","background-attachment":"scroll","background-type":"","background-media":"","overlay-type":"","overlay-color":"","overlay-opacity":"","overlay-gradient":""}},"ast-content-background-meta":{"desktop":{"background-color":"var(--ast-global-color-5)","background-image":"","background-repeat":"repeat","background-position":"center center","background-size":"auto","background-attachment":"scroll","background-type":"","background-media":"","overlay-type":"","overlay-color":"","overlay-opacity":"","overlay-gradient":""},"tablet":{"background-color":"var(--ast-global-color-5)","background-image":"","background-repeat":"repeat","background-position":"center center","background-size":"auto","background-attachment":"scroll","background-type":"","background-media":"","overlay-type":"","overlay-color":"","overlay-opacity":"","overlay-gradient":""},"mobile":{"background-color":"var(--ast-global-color-5)","background-image":"","background-repeat":"repeat","background-position":"center center","background-size":"auto","background-attachment":"scroll","background-type":"","background-media":"","overlay-type":"","overlay-color":"","overlay-opacity":"","overlay-gradient":""}},"_jetpack_memberships_contains_paid_content":false,"footnotes":""},"categories":[24],"tags":[],"class_list":["post-1413","post","type-post","status-publish","format-standard","has-post-thumbnail","hentry","category-en-val-doise"],"yoast_head":"<!-- This site is optimized with the Yoast SEO plugin v27.4 - https:\/\/yoast.com\/product\/yoast-seo-wordpress\/ -->\n<title>A vos c\u00f4t\u00e9s \u2013 Retour en bref et en images -<\/title>\n<meta name=\"robots\" content=\"index, follow, max-snippet:-1, max-image-preview:large, max-video-preview:-1\" \/>\n<link rel=\"canonical\" href=\"https:\/\/pierrebarros.fr\/index.php\/2024\/06\/14\/a-vos-cotes-retour-en-bref-et-en-images-2\/\" \/>\n<meta property=\"og:locale\" content=\"fr_FR\" \/>\n<meta property=\"og:type\" content=\"article\" \/>\n<meta property=\"og:title\" content=\"A vos c\u00f4t\u00e9s \u2013 Retour en bref et en images -\" \/>\n<meta property=\"og:description\" content=\"Je me suis engag\u00e9 \u00e0 \u00eatre pr\u00e9sent \u00e0 vos c\u00f4t\u00e9s et \u00e0 arpenter le territoire pour \u00eatre \u00e0 votre \u00e9coute. [&hellip;]\" \/>\n<meta property=\"og:url\" content=\"https:\/\/pierrebarros.fr\/index.php\/2024\/06\/14\/a-vos-cotes-retour-en-bref-et-en-images-2\/\" \/>\n<meta property=\"article:published_time\" content=\"2024-06-14T14:18:10+00:00\" \/>\n<meta property=\"article:modified_time\" content=\"2024-06-14T14:18:13+00:00\" \/>\n<meta property=\"og:image\" content=\"https:\/\/pierrebarros.fr\/wp-content\/uploads\/2024\/06\/202405-college-mort-domont.jpg\" \/>\n\t<meta property=\"og:image:width\" content=\"1600\" \/>\n\t<meta property=\"og:image:height\" content=\"1200\" \/>\n\t<meta property=\"og:image:type\" content=\"image\/jpeg\" \/>\n<meta name=\"author\" content=\"Stephanie\" \/>\n<meta name=\"twitter:card\" content=\"summary_large_image\" \/>\n<meta name=\"twitter:label1\" content=\"\u00c9crit par\" \/>\n\t<meta name=\"twitter:data1\" content=\"Stephanie\" \/>\n\t<meta name=\"twitter:label2\" content=\"Dur\u00e9e de lecture estim\u00e9e\" \/>\n\t<meta name=\"twitter:data2\" content=\"7 minutes\" \/>\n<script type=\"application\/ld+json\" class=\"yoast-schema-graph\">{\"@context\":\"https:\\\/\\\/schema.org\",\"@graph\":[{\"@type\":\"Article\",\"@id\":\"https:\\\/\\\/pierrebarros.fr\\\/index.php\\\/2024\\\/06\\\/14\\\/a-vos-cotes-retour-en-bref-et-en-images-2\\\/#article\",\"isPartOf\":{\"@id\":\"https:\\\/\\\/pierrebarros.fr\\\/index.php\\\/2024\\\/06\\\/14\\\/a-vos-cotes-retour-en-bref-et-en-images-2\\\/\"},\"author\":{\"name\":\"Stephanie\",\"@id\":\"https:\\\/\\\/pierrebarros.fr\\\/#\\\/schema\\\/person\\\/0669a80d309c762d2a40d3ae7accec5b\"},\"headline\":\"A vos c\u00f4t\u00e9s \u2013 Retour en bref et en images\",\"datePublished\":\"2024-06-14T14:18:10+00:00\",\"dateModified\":\"2024-06-14T14:18:13+00:00\",\"mainEntityOfPage\":{\"@id\":\"https:\\\/\\\/pierrebarros.fr\\\/index.php\\\/2024\\\/06\\\/14\\\/a-vos-cotes-retour-en-bref-et-en-images-2\\\/\"},\"wordCount\":650,\"image\":{\"@id\":\"https:\\\/\\\/pierrebarros.fr\\\/index.php\\\/2024\\\/06\\\/14\\\/a-vos-cotes-retour-en-bref-et-en-images-2\\\/#primaryimage\"},\"thumbnailUrl\":\"https:\\\/\\\/i0.wp.com\\\/pierrebarros.fr\\\/wp-content\\\/uploads\\\/2024\\\/06\\\/202405-college-mort-domont.jpg?fit=1600%2C1200&ssl=1\",\"articleSection\":[\"En Val d'Oise\"],\"inLanguage\":\"fr-FR\"},{\"@type\":\"WebPage\",\"@id\":\"https:\\\/\\\/pierrebarros.fr\\\/index.php\\\/2024\\\/06\\\/14\\\/a-vos-cotes-retour-en-bref-et-en-images-2\\\/\",\"url\":\"https:\\\/\\\/pierrebarros.fr\\\/index.php\\\/2024\\\/06\\\/14\\\/a-vos-cotes-retour-en-bref-et-en-images-2\\\/\",\"name\":\"A vos c\u00f4t\u00e9s \u2013 Retour en bref et en images -\",\"isPartOf\":{\"@id\":\"https:\\\/\\\/pierrebarros.fr\\\/#website\"},\"primaryImageOfPage\":{\"@id\":\"https:\\\/\\\/pierrebarros.fr\\\/index.php\\\/2024\\\/06\\\/14\\\/a-vos-cotes-retour-en-bref-et-en-images-2\\\/#primaryimage\"},\"image\":{\"@id\":\"https:\\\/\\\/pierrebarros.fr\\\/index.php\\\/2024\\\/06\\\/14\\\/a-vos-cotes-retour-en-bref-et-en-images-2\\\/#primaryimage\"},\"thumbnailUrl\":\"https:\\\/\\\/i0.wp.com\\\/pierrebarros.fr\\\/wp-content\\\/uploads\\\/2024\\\/06\\\/202405-college-mort-domont.jpg?fit=1600%2C1200&ssl=1\",\"datePublished\":\"2024-06-14T14:18:10+00:00\",\"dateModified\":\"2024-06-14T14:18:13+00:00\",\"author\":{\"@id\":\"https:\\\/\\\/pierrebarros.fr\\\/#\\\/schema\\\/person\\\/0669a80d309c762d2a40d3ae7accec5b\"},\"breadcrumb\":{\"@id\":\"https:\\\/\\\/pierrebarros.fr\\\/index.php\\\/2024\\\/06\\\/14\\\/a-vos-cotes-retour-en-bref-et-en-images-2\\\/#breadcrumb\"},\"inLanguage\":\"fr-FR\",\"potentialAction\":[{\"@type\":\"ReadAction\",\"target\":[\"https:\\\/\\\/pierrebarros.fr\\\/index.php\\\/2024\\\/06\\\/14\\\/a-vos-cotes-retour-en-bref-et-en-images-2\\\/\"]}]},{\"@type\":\"ImageObject\",\"inLanguage\":\"fr-FR\",\"@id\":\"https:\\\/\\\/pierrebarros.fr\\\/index.php\\\/2024\\\/06\\\/14\\\/a-vos-cotes-retour-en-bref-et-en-images-2\\\/#primaryimage\",\"url\":\"https:\\\/\\\/i0.wp.com\\\/pierrebarros.fr\\\/wp-content\\\/uploads\\\/2024\\\/06\\\/202405-college-mort-domont.jpg?fit=1600%2C1200&ssl=1\",\"contentUrl\":\"https:\\\/\\\/i0.wp.com\\\/pierrebarros.fr\\\/wp-content\\\/uploads\\\/2024\\\/06\\\/202405-college-mort-domont.jpg?fit=1600%2C1200&ssl=1\",\"width\":1600,\"height\":1200},{\"@type\":\"BreadcrumbList\",\"@id\":\"https:\\\/\\\/pierrebarros.fr\\\/index.php\\\/2024\\\/06\\\/14\\\/a-vos-cotes-retour-en-bref-et-en-images-2\\\/#breadcrumb\",\"itemListElement\":[{\"@type\":\"ListItem\",\"position\":1,\"name\":\"Accueil\",\"item\":\"https:\\\/\\\/pierrebarros.fr\\\/\"},{\"@type\":\"ListItem\",\"position\":2,\"name\":\"A vos c\u00f4t\u00e9s \u2013 Retour en bref et en images\"}]},{\"@type\":\"WebSite\",\"@id\":\"https:\\\/\\\/pierrebarros.fr\\\/#website\",\"url\":\"https:\\\/\\\/pierrebarros.fr\\\/\",\"name\":\"\",\"description\":\"S\u00e9nateur du Val-d&#039;Oise\",\"potentialAction\":[{\"@type\":\"SearchAction\",\"target\":{\"@type\":\"EntryPoint\",\"urlTemplate\":\"https:\\\/\\\/pierrebarros.fr\\\/?s={search_term_string}\"},\"query-input\":{\"@type\":\"PropertyValueSpecification\",\"valueRequired\":true,\"valueName\":\"search_term_string\"}}],\"inLanguage\":\"fr-FR\"},{\"@type\":\"Person\",\"@id\":\"https:\\\/\\\/pierrebarros.fr\\\/#\\\/schema\\\/person\\\/0669a80d309c762d2a40d3ae7accec5b\",\"name\":\"Stephanie\",\"url\":\"https:\\\/\\\/pierrebarros.fr\\\/index.php\\\/author\\\/stephanie\\\/\"}]}<\/script>\n<!-- \/ Yoast SEO plugin. -->","yoast_head_json":{"title":"A vos c\u00f4t\u00e9s \u2013 Retour en bref et en images -","robots":{"index":"index","follow":"follow","max-snippet":"max-snippet:-1","max-image-preview":"max-image-preview:large","max-video-preview":"max-video-preview:-1"},"canonical":"https:\/\/pierrebarros.fr\/index.php\/2024\/06\/14\/a-vos-cotes-retour-en-bref-et-en-images-2\/","og_locale":"fr_FR","og_type":"article","og_title":"A vos c\u00f4t\u00e9s \u2013 Retour en bref et en images -","og_description":"Je me suis engag\u00e9 \u00e0 \u00eatre pr\u00e9sent \u00e0 vos c\u00f4t\u00e9s et \u00e0 arpenter le territoire pour \u00eatre \u00e0 votre \u00e9coute. [&hellip;]","og_url":"https:\/\/pierrebarros.fr\/index.php\/2024\/06\/14\/a-vos-cotes-retour-en-bref-et-en-images-2\/","article_published_time":"2024-06-14T14:18:10+00:00","article_modified_time":"2024-06-14T14:18:13+00:00","og_image":[{"width":1600,"height":1200,"url":"https:\/\/pierrebarros.fr\/wp-content\/uploads\/2024\/06\/202405-college-mort-domont.jpg","type":"image\/jpeg"}],"author":"Stephanie","twitter_card":"summary_large_image","twitter_misc":{"\u00c9crit par":"Stephanie","Dur\u00e9e de lecture estim\u00e9e":"7 minutes"},"schema":{"@context":"https:\/\/schema.org","@graph":[{"@type":"Article","@id":"https:\/\/pierrebarros.fr\/index.php\/2024\/06\/14\/a-vos-cotes-retour-en-bref-et-en-images-2\/#article","isPartOf":{"@id":"https:\/\/pierrebarros.fr\/index.php\/2024\/06\/14\/a-vos-cotes-retour-en-bref-et-en-images-2\/"},"author":{"name":"Stephanie","@id":"https:\/\/pierrebarros.fr\/#\/schema\/person\/0669a80d309c762d2a40d3ae7accec5b"},"headline":"A vos c\u00f4t\u00e9s \u2013 Retour en bref et en images","datePublished":"2024-06-14T14:18:10+00:00","dateModified":"2024-06-14T14:18:13+00:00","mainEntityOfPage":{"@id":"https:\/\/pierrebarros.fr\/index.php\/2024\/06\/14\/a-vos-cotes-retour-en-bref-et-en-images-2\/"},"wordCount":650,"image":{"@id":"https:\/\/pierrebarros.fr\/index.php\/2024\/06\/14\/a-vos-cotes-retour-en-bref-et-en-images-2\/#primaryimage"},"thumbnailUrl":"https:\/\/i0.wp.com\/pierrebarros.fr\/wp-content\/uploads\/2024\/06\/202405-college-mort-domont.jpg?fit=1600%2C1200&ssl=1","articleSection":["En Val d'Oise"],"inLanguage":"fr-FR"},{"@type":"WebPage","@id":"https:\/\/pierrebarros.fr\/index.php\/2024\/06\/14\/a-vos-cotes-retour-en-bref-et-en-images-2\/","url":"https:\/\/pierrebarros.fr\/index.php\/2024\/06\/14\/a-vos-cotes-retour-en-bref-et-en-images-2\/","name":"A vos c\u00f4t\u00e9s \u2013 Retour en bref et en images -","isPartOf":{"@id":"https:\/\/pierrebarros.fr\/#website"},"primaryImageOfPage":{"@id":"https:\/\/pierrebarros.fr\/index.php\/2024\/06\/14\/a-vos-cotes-retour-en-bref-et-en-images-2\/#primaryimage"},"image":{"@id":"https:\/\/pierrebarros.fr\/index.php\/2024\/06\/14\/a-vos-cotes-retour-en-bref-et-en-images-2\/#primaryimage"},"thumbnailUrl":"https:\/\/i0.wp.com\/pierrebarros.fr\/wp-content\/uploads\/2024\/06\/202405-college-mort-domont.jpg?fit=1600%2C1200&ssl=1","datePublished":"2024-06-14T14:18:10+00:00","dateModified":"2024-06-14T14:18:13+00:00","author":{"@id":"https:\/\/pierrebarros.fr\/#\/schema\/person\/0669a80d309c762d2a40d3ae7accec5b"},"breadcrumb":{"@id":"https:\/\/pierrebarros.fr\/index.php\/2024\/06\/14\/a-vos-cotes-retour-en-bref-et-en-images-2\/#breadcrumb"},"inLanguage":"fr-FR","potentialAction":[{"@type":"ReadAction","target":["https:\/\/pierrebarros.fr\/index.php\/2024\/06\/14\/a-vos-cotes-retour-en-bref-et-en-images-2\/"]}]},{"@type":"ImageObject","inLanguage":"fr-FR","@id":"https:\/\/pierrebarros.fr\/index.php\/2024\/06\/14\/a-vos-cotes-retour-en-bref-et-en-images-2\/#primaryimage","url":"https:\/\/i0.wp.com\/pierrebarros.fr\/wp-content\/uploads\/2024\/06\/202405-college-mort-domont.jpg?fit=1600%2C1200&ssl=1","contentUrl":"https:\/\/i0.wp.com\/pierrebarros.fr\/wp-content\/uploads\/2024\/06\/202405-college-mort-domont.jpg?fit=1600%2C1200&ssl=1","width":1600,"height":1200},{"@type":"BreadcrumbList","@id":"https:\/\/pierrebarros.fr\/index.php\/2024\/06\/14\/a-vos-cotes-retour-en-bref-et-en-images-2\/#breadcrumb","itemListElement":[{"@type":"ListItem","position":1,"name":"Accueil","item":"https:\/\/pierrebarros.fr\/"},{"@type":"ListItem","position":2,"name":"A vos c\u00f4t\u00e9s \u2013 Retour en bref et en images"}]},{"@type":"WebSite","@id":"https:\/\/pierrebarros.fr\/#website","url":"https:\/\/pierrebarros.fr\/","name":"","description":"S\u00e9nateur du Val-d&#039;Oise","potentialAction":[{"@type":"SearchAction","target":{"@type":"EntryPoint","urlTemplate":"https:\/\/pierrebarros.fr\/?s={search_term_string}"},"query-input":{"@type":"PropertyValueSpecification","valueRequired":true,"valueName":"search_term_string"}}],"inLanguage":"fr-FR"},{"@type":"Person","@id":"https:\/\/pierrebarros.fr\/#\/schema\/person\/0669a80d309c762d2a40d3ae7accec5b","name":"Stephanie","url":"https:\/\/pierrebarros.fr\/index.php\/author\/stephanie\/"}]}},"jetpack_featured_media_url":"https:\/\/i0.wp.com\/pierrebarros.fr\/wp-content\/uploads\/2024\/06\/202405-college-mort-domont.jpg?fit=1600%2C1200&ssl=1","jetpack-related-posts":[],"jetpack_sharing_enabled":true,"_links":{"self":[{"href":"https:\/\/pierrebarros.fr\/index.php\/wp-json\/wp\/v2\/posts\/1413","targetHints":{"allow":["GET"]}}],"collection":[{"href":"https:\/\/pierrebarros.fr\/index.php\/wp-json\/wp\/v2\/posts"}],"about":[{"href":"https:\/\/pierrebarros.fr\/index.php\/wp-json\/wp\/v2\/types\/post"}],"author":[{"embeddable":true,"href":"https:\/\/pierrebarros.fr\/index.php\/wp-json\/wp\/v2\/users\/4"}],"replies":[{"embeddable":true,"href":"https:\/\/pierrebarros.fr\/index.php\/wp-json\/wp\/v2\/comments?post=1413"}],"version-history":[{"count":0,"href":"https:\/\/pierrebarros.fr\/index.php\/wp-json\/wp\/v2\/posts\/1413\/revisions"}],"wp:featuredmedia":[{"embeddable":true,"href":"https:\/\/pierrebarros.fr\/index.php\/wp-json\/wp\/v2\/media\/1431"}],"wp:attachment":[{"href":"https:\/\/pierrebarros.fr\/index.php\/wp-json\/wp\/v2\/media?parent=1413"}],"wp:term":[{"taxonomy":"category","embeddable":true,"href":"https:\/\/pierrebarros.fr\/index.php\/wp-json\/wp\/v2\/categories?post=1413"},{"taxonomy":"post_tag","embeddable":true,"href":"https:\/\/pierrebarros.fr\/index.php\/wp-json\/wp\/v2\/tags?post=1413"}],"curies":[{"name":"wp","href":"https:\/\/api.w.org\/{rel}","templated":true}]}}