{"id":1404,"date":"2024-06-14T15:32:24","date_gmt":"2024-06-14T13:32:24","guid":{"rendered":"https:\/\/pierrebarros.fr\/?p=1404"},"modified":"2024-06-14T15:40:25","modified_gmt":"2024-06-14T13:40:25","slug":"les-finances-publiques-locales-a-la-loupe","status":"publish","type":"post","link":"https:\/\/pierrebarros.fr\/index.php\/2024\/06\/14\/les-finances-publiques-locales-a-la-loupe\/","title":{"rendered":"Les finances publiques locales \u00e0 la loupe"},"content":{"rendered":"\n<h4 class=\"wp-block-heading\"><em>Mon regard sur le pr\u00e9-rapport de l\u2019Observatoire des finances et de la gestion publique locales<\/em><\/h4>\n\n\n\n<h4 class=\"wp-block-heading\"><strong>Le pr\u00e9 rapport de l\u2019Observatoire des finances et de la gestion publiques locales vient de para\u00eetre. La fragilisation financi\u00e8re des territoires est toujours \u00e0 l\u2019\u0153uvre. Ce qui ressort de ce rapport pour l\u2019ann\u00e9e 2023, c\u2019est surtout un \u00e9cart qui se creuse entre la situation financi\u00e8re des communes, des r\u00e9gions et des d\u00e9partements. Qu\u2019en est-il pour nos villes et nos villages&nbsp;?<\/strong> <\/h4>\n\n\n\n<h4 class=\"wp-block-heading\">Je vous propose ici en quelques mots mon regard sur ce rapport.<\/h4>\n\n\n\n<p><strong>I. L\u2019impact de l\u2019inflation confirm\u00e9 pour toutes les collectivit\u00e9s locales en 2023<\/strong><\/p>\n\n\n\n<p>En 2023, les d\u00e9penses de fonctionnement des collectivit\u00e9s locales ont augment\u00e9 de + 5,8 %. Ce sont les EPCI qui sont les plus touch\u00e9s, avec une augmentation \u00e0 hauteur de +7,7 % quand les communes atteignent une \u00e9volution en moyenne de + 4,9 %. Au chapitre 12 de nos maquettes budg\u00e9taires, la masse salariale subit une \u00e9volution sensible&nbsp;: en moyenne, les frais de personnel repr\u00e9sentent 37 % des d\u00e9penses de fonctionnement avec une \u00e9volution \u00e0 + 4,7 % entre 2022 et 2023, sachant que le rapport pr\u00e9cise que l\u2019\u00e9volution en 2022 se situait \u00e0 + 5,1%. Cette augmentation semble donc limit\u00e9e mais nous pouvons craindre un effet \u00e9volutif plus important en 2024, au regard du co\u00fbt des mesures gouvernementales (point d\u2019indice).<\/p>\n\n\n\n<p>Ce sont toutefois les achats et charges externes qui ont nettement progress\u00e9&nbsp;: + 9,6% en 2023, ce que nous observons tous dans nos communes. L\u2019\u00e9volution des d\u00e9penses en mati\u00e8re d\u2019\u00e9nergie et d\u2019\u00e9lectricit\u00e9 est forte avec une \u00e9volution constat\u00e9e \u00e0 + 29,3 %, malgr\u00e9 le bouclier tarifaire et l\u2019amortisseur \u00e9lectricit\u00e9 de l\u2019Etat. Les charges financi\u00e8res, dans le contexte des hausses des taux d\u2019int\u00e9r\u00eat, ont contribu\u00e9 aussi \u00e0 une \u00e9volution forte des d\u00e9penses de fonctionnement, puisqu\u2019en moyenne, elles ont augment\u00e9 de +29,4 % en 2023 alors que les collectivit\u00e9s profitaient financi\u00e8rement de la baisse depuis quelques ann\u00e9es.<\/p>\n\n\n\n<p>En 2023, le taux d\u2019\u00e9pargne brute, qui rapporte l\u2019\u00e9pargne brute aux recettes de fonctionnement est en retrait pour toutes les collectivit\u00e9s, except\u00e9 \u2013 \u00e0 priori \u2013 pour les communes, o\u00f9 il atteint + 15,6 % en moyenne, en \u00e9volution positive par rapport \u00e0 2022.<\/p>\n\n\n\n<figure class=\"wp-block-image size-full\"><img data-recalc-dims=\"1\" fetchpriority=\"high\" decoding=\"async\" width=\"757\" height=\"474\" src=\"https:\/\/i0.wp.com\/pierrebarros.fr\/wp-content\/uploads\/2024\/06\/Image1finances.jpg?resize=757%2C474&#038;ssl=1\" alt=\"\" class=\"wp-image-1406\" srcset=\"https:\/\/i0.wp.com\/pierrebarros.fr\/wp-content\/uploads\/2024\/06\/Image1finances.jpg?w=757&amp;ssl=1 757w, https:\/\/i0.wp.com\/pierrebarros.fr\/wp-content\/uploads\/2024\/06\/Image1finances.jpg?resize=300%2C188&amp;ssl=1 300w\" sizes=\"(max-width: 757px) 100vw, 757px\" \/><\/figure>\n\n\n\n<p>On pourrait ainsi conclure que le sort des communes est largement plus favorable que les autres collectivit\u00e9s en cette ann\u00e9e 2023, contrairement aux d\u00e9partements, qui perdent une part importante de leur \u00e9pargne et dont les d\u00e9penses s\u2019av\u00e8rent sup\u00e9rieures aux recettes.<\/p>\n\n\n\n<p>Cela est vrai, mais c\u2019est faire fi, tout de m\u00eame, de disparit\u00e9s locales tr\u00e8s importantes li\u00e9es aux diverses strates de collectivit\u00e9s, comme le montre le r\u00e9sultat d\u2019\u00e9pargne brute et nette en 2022 et 2023 (page 24 du rapport)&nbsp;:<\/p>\n\n\n\n<figure class=\"wp-block-image size-full\"><img data-recalc-dims=\"1\" decoding=\"async\" width=\"468\" height=\"327\" src=\"https:\/\/i0.wp.com\/pierrebarros.fr\/wp-content\/uploads\/2024\/06\/image2finances.jpg?resize=468%2C327&#038;ssl=1\" alt=\"\" class=\"wp-image-1407\" srcset=\"https:\/\/i0.wp.com\/pierrebarros.fr\/wp-content\/uploads\/2024\/06\/image2finances.jpg?w=468&amp;ssl=1 468w, https:\/\/i0.wp.com\/pierrebarros.fr\/wp-content\/uploads\/2024\/06\/image2finances.jpg?resize=300%2C210&amp;ssl=1 300w\" sizes=\"(max-width: 468px) 100vw, 468px\" \/><\/figure>\n\n\n\n<p>On observe in fine que cette \u00e9volution est particuli\u00e8rement vraie pour les communes ayant + 10 000 habitants que pour les communes de strate moins importante ayant une \u00e9volution plus mesur\u00e9e.<\/p>\n\n\n\n<p><strong>II. L\u2019\u00e9cart se creuse entre les communes, les d\u00e9partements et les r\u00e9gions&nbsp;: les communes sont \u00e9pargn\u00e9es, les r\u00e9gions et les d\u00e9partements en alerte.<\/strong><\/p>\n\n\n\n<p>En tenant compte des flux nets de dette, soit la diff\u00e9rence entre les emprunts et les remboursements de dette, la variation du fonds de roulement de l\u2019ensemble des collectivit\u00e9s devient n\u00e9gative (-2,7 Md\u20ac) pour la premi\u00e8re depuis 2019, ann\u00e9e pour laquelle, cet agr\u00e9gat est toutefois moins sensiblement n\u00e9gatif (- 0,6 Md\u20ac). De plus, l\u2019augmentation du stock de dette, et la baisse d\u2019\u00e9pargne des collectivit\u00e9s engendre une hausse du d\u00e9lai de d\u00e9sendettement.<\/p>\n\n\n\n<p><strong>Ces deux tendances sonnent telle une alerte sur les capacit\u00e9s financi\u00e8res des collectivit\u00e9s<\/strong>&nbsp;: la tr\u00e9sorerie des collectivit\u00e9s s\u2019affaiblit, les recettes augmentent moins vite que les d\u00e9penses et les collectivit\u00e9s empruntent pour faire face \u00e0 leurs investissements. Les collectivit\u00e9s s\u2019endettent davantage, sans perspective positive d\u2019un remboursement rapide.<\/p>\n\n\n\n<p><strong>Mais cette alerte ne concerne pas, \u00e0 ce jour, la majorit\u00e9 des communes<\/strong>. En effet, en 2023, la dette des communes de toutes les strates de moins de 5 000 habitants est en baisse et leur \u00e9pargne brute augmente. Aussi, cela engendre un d\u00e9lai de d\u00e9sendettement qui s\u2019am\u00e9liore, au contraire des autres collectivit\u00e9s. Le d\u00e9lai de d\u00e9sendettement se raccourcit, plus particuli\u00e8rement pour les collectivit\u00e9s de + 20 000 habitants.<\/p>\n\n\n\n<p>Voici ci-dessous l\u2019\u00e9volution du d\u00e9lai de d\u00e9sendettement des collectivit\u00e9s, telle que pr\u00e9sent\u00e9e dans le rapport&nbsp;:<\/p>\n\n\n\n<figure class=\"wp-block-image size-full\"><img data-recalc-dims=\"1\" decoding=\"async\" width=\"597\" height=\"372\" src=\"https:\/\/i0.wp.com\/pierrebarros.fr\/wp-content\/uploads\/2024\/06\/Image3finances.jpg?resize=597%2C372&#038;ssl=1\" alt=\"\" class=\"wp-image-1408\" srcset=\"https:\/\/i0.wp.com\/pierrebarros.fr\/wp-content\/uploads\/2024\/06\/Image3finances.jpg?w=597&amp;ssl=1 597w, https:\/\/i0.wp.com\/pierrebarros.fr\/wp-content\/uploads\/2024\/06\/Image3finances.jpg?resize=300%2C187&amp;ssl=1 300w\" sizes=\"(max-width: 597px) 100vw, 597px\" \/><\/figure>\n\n\n\n<p><strong>L\u2019\u00e9cart commence toutefois \u00e0 se creuser entre les petites communes et les plus grandes, les communes de &#8211; 20 000 habitants \u00e9tant plus impact\u00e9es par le contexte financier difficile que les autres. Ce qui peut augurer d\u2019une autre fracture en 2024, cette fois entre les collectivit\u00e9s de petite taille et les autres.<\/strong><\/p>\n\n\n\n<p>Notons ici \u00e9galement que l\u2019encours de dette est tr\u00e8s contrast\u00e9 pour les communes&nbsp;: plus d\u2019une commune sur dix n\u2019a pas d\u2019encours de dette. En 2023, 12% des communes n\u2019ont aucune dette et n\u2019ont pas recours \u00e0 l\u2019endettement et ce pourcentage est assez stable depuis 2017, m\u00eame s\u2019il progresse l\u00e9g\u00e8rement pour les communes de moins de 3 500 habitants. Le niveau de la dette s\u2019accroit avec la population des communes, ce qui semble une \u00e9vidence. Ce qui est cependant int\u00e9ressant, c\u2019est de constater que plus une ville se situe en \u00ab&nbsp;centralit\u00e9&nbsp;\u00bb, plus le recours \u00e0 l\u2019emprunt est important, et ce pour un m\u00eame niveau de population.<\/p>\n\n\n\n<p><strong>III. Des investissements en hausse pour les communes, \u00e0 nuancer au regard de l\u2019inflation des prix<\/strong><\/p>\n\n\n\n<p>Les d\u00e9penses d\u2019investissement ont, quant \u00e0 elles, augment\u00e9 en 2023 de +9,4 % apr\u00e8s +10,7 % en 2022. Cependant, cette \u00e9volution doit imp\u00e9rativement tenir compte des co\u00fbts inflationnistes, et il ne s\u2019agit sans doute pas d\u2019une croissance dans la mise en \u0153uvre de projets. Cette \u00e9volution est \u00e0 prendre avec beaucoup de prudence et semble difficilement comparable aux anciens cycles \u00e9lectoraux qui mettaient en exergue une hausse des investissements uniquement en ann\u00e9e N+3, N+4 et N+5 en tenant compte d\u2019une ann\u00e9e N en r\u00e9f\u00e9rence aux \u00e9lections municipales. Ici, d\u00e8s l\u2019ann\u00e9e N+1 on observe une importante hausse des investissements, sans doute, comme \u00e9nonc\u00e9, \u00e0 mettre en lien avec l\u2019inflation. Il est donc difficile aujourd\u2019hui d\u2019analyser les chiffres li\u00e9s \u00e0 l\u2019investissement pour les communes.<\/p>\n\n\n\n<p><strong>En conclusion, l\u2019alerte est forte concernant la situation budg\u00e9taire des d\u00e9partements et des r\u00e9gions en cette ann\u00e9e 2023. Elle n\u2019est pas perceptible aujourd\u2019hui concernant les communes. N\u00e9anmoins, quelques donn\u00e9es laissent pr\u00e9sager une fracture possible, d\u00e8s 2024, entre les communes de petites strates et les communes les plus importantes. De quoi s\u2019inqui\u00e9ter pour l\u2019avenir et pour la construction du budget 2025 de nos collectivit\u00e9s.<\/strong><\/p>\n\n\n\n<p>Le lien vers le rapport complet : <\/p>\n\n\n\n<p><a href=\"https:\/\/www.collectivites-locales.gouv.fr\/files\/Accueil\/Etudes%20et%20statistiques\/OFGL\/2024\/Pr%C3%A9-Rapport%20OFGL%202024%20V4.pdf\">https:\/\/www.collectivites-locales.gouv.fr\/files\/Accueil\/Etudes%20et%20statistiques\/OFGL\/2024\/Pr%C3%A9-Rapport%20OFGL%202024%20V4.pdf<\/a><\/p>\n","protected":false},"excerpt":{"rendered":"<p>Mon regard sur le pr\u00e9-rapport de l\u2019Observatoire des finances et de la gestion publique locales Le pr\u00e9 rapport de l\u2019Observatoire [&hellip;]<\/p>\n","protected":false},"author":4,"featured_media":1410,"comment_status":"closed","ping_status":"closed","sticky":false,"template":"","format":"standard","meta":{"site-sidebar-layout":"default","site-content-layout":"","ast-site-content-layout":"default","site-content-style":"default","site-sidebar-style":"default","ast-global-header-display":"","ast-banner-title-visibility":"","ast-main-header-display":"","ast-hfb-above-header-display":"","ast-hfb-below-header-display":"","ast-hfb-mobile-header-display":"","site-post-title":"","ast-breadcrumbs-content":"","ast-featured-img":"","footer-sml-layout":"","ast-disable-related-posts":"","theme-transparent-header-meta":"","adv-header-id-meta":"","stick-header-meta":"","header-above-stick-meta":"","header-main-stick-meta":"","header-below-stick-meta":"","astra-migrate-meta-layouts":"default","ast-page-background-enabled":"default","ast-page-background-meta":{"desktop":{"background-color":"var(--ast-global-color-4)","background-image":"","background-repeat":"repeat","background-position":"center center","background-size":"auto","background-attachment":"scroll","background-type":"","background-media":"","overlay-type":"","overlay-color":"","overlay-opacity":"","overlay-gradient":""},"tablet":{"background-color":"","background-image":"","background-repeat":"repeat","background-position":"center center","background-size":"auto","background-attachment":"scroll","background-type":"","background-media":"","overlay-type":"","overlay-color":"","overlay-opacity":"","overlay-gradient":""},"mobile":{"background-color":"","background-image":"","background-repeat":"repeat","background-position":"center center","background-size":"auto","background-attachment":"scroll","background-type":"","background-media":"","overlay-type":"","overlay-color":"","overlay-opacity":"","overlay-gradient":""}},"ast-content-background-meta":{"desktop":{"background-color":"var(--ast-global-color-5)","background-image":"","background-repeat":"repeat","background-position":"center center","background-size":"auto","background-attachment":"scroll","background-type":"","background-media":"","overlay-type":"","overlay-color":"","overlay-opacity":"","overlay-gradient":""},"tablet":{"background-color":"var(--ast-global-color-5)","background-image":"","background-repeat":"repeat","background-position":"center center","background-size":"auto","background-attachment":"scroll","background-type":"","background-media":"","overlay-type":"","overlay-color":"","overlay-opacity":"","overlay-gradient":""},"mobile":{"background-color":"var(--ast-global-color-5)","background-image":"","background-repeat":"repeat","background-position":"center center","background-size":"auto","background-attachment":"scroll","background-type":"","background-media":"","overlay-type":"","overlay-color":"","overlay-opacity":"","overlay-gradient":""}},"_jetpack_memberships_contains_paid_content":false,"footnotes":""},"categories":[16,10],"tags":[],"class_list":["post-1404","post","type-post","status-publish","format-standard","has-post-thumbnail","hentry","category-budget-et-finances","category-elus-et-collectivites-territoriales"],"yoast_head":"<!-- This site is optimized with the Yoast SEO plugin v27.5 - https:\/\/yoast.com\/product\/yoast-seo-wordpress\/ -->\n<title>Les finances publiques locales \u00e0 la loupe -<\/title>\n<meta name=\"robots\" content=\"index, follow, max-snippet:-1, max-image-preview:large, max-video-preview:-1\" \/>\n<link rel=\"canonical\" href=\"https:\/\/pierrebarros.fr\/index.php\/2024\/06\/14\/les-finances-publiques-locales-a-la-loupe\/\" \/>\n<meta property=\"og:locale\" content=\"fr_FR\" \/>\n<meta property=\"og:type\" content=\"article\" \/>\n<meta property=\"og:title\" content=\"Les finances publiques locales \u00e0 la loupe -\" \/>\n<meta property=\"og:description\" content=\"Mon regard sur le pr\u00e9-rapport de l\u2019Observatoire des finances et de la gestion publique locales Le pr\u00e9 rapport de l\u2019Observatoire [&hellip;]\" \/>\n<meta property=\"og:url\" content=\"https:\/\/pierrebarros.fr\/index.php\/2024\/06\/14\/les-finances-publiques-locales-a-la-loupe\/\" \/>\n<meta property=\"article:published_time\" content=\"2024-06-14T13:32:24+00:00\" \/>\n<meta property=\"article:modified_time\" content=\"2024-06-14T13:40:25+00:00\" \/>\n<meta property=\"og:image\" content=\"https:\/\/pierrebarros.fr\/wp-content\/uploads\/2024\/06\/loupe1.png\" \/>\n\t<meta property=\"og:image:width\" content=\"1080\" \/>\n\t<meta property=\"og:image:height\" content=\"681\" \/>\n\t<meta property=\"og:image:type\" content=\"image\/png\" \/>\n<meta name=\"author\" content=\"Stephanie\" \/>\n<meta name=\"twitter:card\" content=\"summary_large_image\" \/>\n<meta name=\"twitter:label1\" content=\"\u00c9crit par\" \/>\n\t<meta name=\"twitter:data1\" content=\"Stephanie\" \/>\n\t<meta name=\"twitter:label2\" content=\"Dur\u00e9e de lecture estim\u00e9e\" \/>\n\t<meta name=\"twitter:data2\" content=\"7 minutes\" \/>\n<script type=\"application\/ld+json\" class=\"yoast-schema-graph\">{\"@context\":\"https:\\\/\\\/schema.org\",\"@graph\":[{\"@type\":\"Article\",\"@id\":\"https:\\\/\\\/pierrebarros.fr\\\/index.php\\\/2024\\\/06\\\/14\\\/les-finances-publiques-locales-a-la-loupe\\\/#article\",\"isPartOf\":{\"@id\":\"https:\\\/\\\/pierrebarros.fr\\\/index.php\\\/2024\\\/06\\\/14\\\/les-finances-publiques-locales-a-la-loupe\\\/\"},\"author\":{\"name\":\"Stephanie\",\"@id\":\"https:\\\/\\\/pierrebarros.fr\\\/#\\\/schema\\\/person\\\/0669a80d309c762d2a40d3ae7accec5b\"},\"headline\":\"Les finances publiques locales \u00e0 la loupe\",\"datePublished\":\"2024-06-14T13:32:24+00:00\",\"dateModified\":\"2024-06-14T13:40:25+00:00\",\"mainEntityOfPage\":{\"@id\":\"https:\\\/\\\/pierrebarros.fr\\\/index.php\\\/2024\\\/06\\\/14\\\/les-finances-publiques-locales-a-la-loupe\\\/\"},\"wordCount\":1167,\"image\":{\"@id\":\"https:\\\/\\\/pierrebarros.fr\\\/index.php\\\/2024\\\/06\\\/14\\\/les-finances-publiques-locales-a-la-loupe\\\/#primaryimage\"},\"thumbnailUrl\":\"https:\\\/\\\/i0.wp.com\\\/pierrebarros.fr\\\/wp-content\\\/uploads\\\/2024\\\/06\\\/loupe1.png?fit=1080%2C681&ssl=1\",\"articleSection\":[\"Budget et Finances\",\"Elus et collectivit\u00e9s territoriales\"],\"inLanguage\":\"fr-FR\"},{\"@type\":\"WebPage\",\"@id\":\"https:\\\/\\\/pierrebarros.fr\\\/index.php\\\/2024\\\/06\\\/14\\\/les-finances-publiques-locales-a-la-loupe\\\/\",\"url\":\"https:\\\/\\\/pierrebarros.fr\\\/index.php\\\/2024\\\/06\\\/14\\\/les-finances-publiques-locales-a-la-loupe\\\/\",\"name\":\"Les finances publiques locales \u00e0 la loupe -\",\"isPartOf\":{\"@id\":\"https:\\\/\\\/pierrebarros.fr\\\/#website\"},\"primaryImageOfPage\":{\"@id\":\"https:\\\/\\\/pierrebarros.fr\\\/index.php\\\/2024\\\/06\\\/14\\\/les-finances-publiques-locales-a-la-loupe\\\/#primaryimage\"},\"image\":{\"@id\":\"https:\\\/\\\/pierrebarros.fr\\\/index.php\\\/2024\\\/06\\\/14\\\/les-finances-publiques-locales-a-la-loupe\\\/#primaryimage\"},\"thumbnailUrl\":\"https:\\\/\\\/i0.wp.com\\\/pierrebarros.fr\\\/wp-content\\\/uploads\\\/2024\\\/06\\\/loupe1.png?fit=1080%2C681&ssl=1\",\"datePublished\":\"2024-06-14T13:32:24+00:00\",\"dateModified\":\"2024-06-14T13:40:25+00:00\",\"author\":{\"@id\":\"https:\\\/\\\/pierrebarros.fr\\\/#\\\/schema\\\/person\\\/0669a80d309c762d2a40d3ae7accec5b\"},\"breadcrumb\":{\"@id\":\"https:\\\/\\\/pierrebarros.fr\\\/index.php\\\/2024\\\/06\\\/14\\\/les-finances-publiques-locales-a-la-loupe\\\/#breadcrumb\"},\"inLanguage\":\"fr-FR\",\"potentialAction\":[{\"@type\":\"ReadAction\",\"target\":[\"https:\\\/\\\/pierrebarros.fr\\\/index.php\\\/2024\\\/06\\\/14\\\/les-finances-publiques-locales-a-la-loupe\\\/\"]}]},{\"@type\":\"ImageObject\",\"inLanguage\":\"fr-FR\",\"@id\":\"https:\\\/\\\/pierrebarros.fr\\\/index.php\\\/2024\\\/06\\\/14\\\/les-finances-publiques-locales-a-la-loupe\\\/#primaryimage\",\"url\":\"https:\\\/\\\/i0.wp.com\\\/pierrebarros.fr\\\/wp-content\\\/uploads\\\/2024\\\/06\\\/loupe1.png?fit=1080%2C681&ssl=1\",\"contentUrl\":\"https:\\\/\\\/i0.wp.com\\\/pierrebarros.fr\\\/wp-content\\\/uploads\\\/2024\\\/06\\\/loupe1.png?fit=1080%2C681&ssl=1\",\"width\":1080,\"height\":681},{\"@type\":\"BreadcrumbList\",\"@id\":\"https:\\\/\\\/pierrebarros.fr\\\/index.php\\\/2024\\\/06\\\/14\\\/les-finances-publiques-locales-a-la-loupe\\\/#breadcrumb\",\"itemListElement\":[{\"@type\":\"ListItem\",\"position\":1,\"name\":\"Accueil\",\"item\":\"https:\\\/\\\/pierrebarros.fr\\\/\"},{\"@type\":\"ListItem\",\"position\":2,\"name\":\"Les finances publiques locales \u00e0 la loupe\"}]},{\"@type\":\"WebSite\",\"@id\":\"https:\\\/\\\/pierrebarros.fr\\\/#website\",\"url\":\"https:\\\/\\\/pierrebarros.fr\\\/\",\"name\":\"\",\"description\":\"S\u00e9nateur du Val-d&#039;Oise\",\"potentialAction\":[{\"@type\":\"SearchAction\",\"target\":{\"@type\":\"EntryPoint\",\"urlTemplate\":\"https:\\\/\\\/pierrebarros.fr\\\/?s={search_term_string}\"},\"query-input\":{\"@type\":\"PropertyValueSpecification\",\"valueRequired\":true,\"valueName\":\"search_term_string\"}}],\"inLanguage\":\"fr-FR\"},{\"@type\":\"Person\",\"@id\":\"https:\\\/\\\/pierrebarros.fr\\\/#\\\/schema\\\/person\\\/0669a80d309c762d2a40d3ae7accec5b\",\"name\":\"Stephanie\",\"url\":\"https:\\\/\\\/pierrebarros.fr\\\/index.php\\\/author\\\/stephanie\\\/\"}]}<\/script>\n<!-- \/ Yoast SEO plugin. -->","yoast_head_json":{"title":"Les finances publiques locales \u00e0 la loupe -","robots":{"index":"index","follow":"follow","max-snippet":"max-snippet:-1","max-image-preview":"max-image-preview:large","max-video-preview":"max-video-preview:-1"},"canonical":"https:\/\/pierrebarros.fr\/index.php\/2024\/06\/14\/les-finances-publiques-locales-a-la-loupe\/","og_locale":"fr_FR","og_type":"article","og_title":"Les finances publiques locales \u00e0 la loupe -","og_description":"Mon regard sur le pr\u00e9-rapport de l\u2019Observatoire des finances et de la gestion publique locales Le pr\u00e9 rapport de l\u2019Observatoire [&hellip;]","og_url":"https:\/\/pierrebarros.fr\/index.php\/2024\/06\/14\/les-finances-publiques-locales-a-la-loupe\/","article_published_time":"2024-06-14T13:32:24+00:00","article_modified_time":"2024-06-14T13:40:25+00:00","og_image":[{"width":1080,"height":681,"url":"https:\/\/pierrebarros.fr\/wp-content\/uploads\/2024\/06\/loupe1.png","type":"image\/png"}],"author":"Stephanie","twitter_card":"summary_large_image","twitter_misc":{"\u00c9crit par":"Stephanie","Dur\u00e9e de lecture estim\u00e9e":"7 minutes"},"schema":{"@context":"https:\/\/schema.org","@graph":[{"@type":"Article","@id":"https:\/\/pierrebarros.fr\/index.php\/2024\/06\/14\/les-finances-publiques-locales-a-la-loupe\/#article","isPartOf":{"@id":"https:\/\/pierrebarros.fr\/index.php\/2024\/06\/14\/les-finances-publiques-locales-a-la-loupe\/"},"author":{"name":"Stephanie","@id":"https:\/\/pierrebarros.fr\/#\/schema\/person\/0669a80d309c762d2a40d3ae7accec5b"},"headline":"Les finances publiques locales \u00e0 la loupe","datePublished":"2024-06-14T13:32:24+00:00","dateModified":"2024-06-14T13:40:25+00:00","mainEntityOfPage":{"@id":"https:\/\/pierrebarros.fr\/index.php\/2024\/06\/14\/les-finances-publiques-locales-a-la-loupe\/"},"wordCount":1167,"image":{"@id":"https:\/\/pierrebarros.fr\/index.php\/2024\/06\/14\/les-finances-publiques-locales-a-la-loupe\/#primaryimage"},"thumbnailUrl":"https:\/\/i0.wp.com\/pierrebarros.fr\/wp-content\/uploads\/2024\/06\/loupe1.png?fit=1080%2C681&ssl=1","articleSection":["Budget et Finances","Elus et collectivit\u00e9s territoriales"],"inLanguage":"fr-FR"},{"@type":"WebPage","@id":"https:\/\/pierrebarros.fr\/index.php\/2024\/06\/14\/les-finances-publiques-locales-a-la-loupe\/","url":"https:\/\/pierrebarros.fr\/index.php\/2024\/06\/14\/les-finances-publiques-locales-a-la-loupe\/","name":"Les finances publiques locales \u00e0 la loupe -","isPartOf":{"@id":"https:\/\/pierrebarros.fr\/#website"},"primaryImageOfPage":{"@id":"https:\/\/pierrebarros.fr\/index.php\/2024\/06\/14\/les-finances-publiques-locales-a-la-loupe\/#primaryimage"},"image":{"@id":"https:\/\/pierrebarros.fr\/index.php\/2024\/06\/14\/les-finances-publiques-locales-a-la-loupe\/#primaryimage"},"thumbnailUrl":"https:\/\/i0.wp.com\/pierrebarros.fr\/wp-content\/uploads\/2024\/06\/loupe1.png?fit=1080%2C681&ssl=1","datePublished":"2024-06-14T13:32:24+00:00","dateModified":"2024-06-14T13:40:25+00:00","author":{"@id":"https:\/\/pierrebarros.fr\/#\/schema\/person\/0669a80d309c762d2a40d3ae7accec5b"},"breadcrumb":{"@id":"https:\/\/pierrebarros.fr\/index.php\/2024\/06\/14\/les-finances-publiques-locales-a-la-loupe\/#breadcrumb"},"inLanguage":"fr-FR","potentialAction":[{"@type":"ReadAction","target":["https:\/\/pierrebarros.fr\/index.php\/2024\/06\/14\/les-finances-publiques-locales-a-la-loupe\/"]}]},{"@type":"ImageObject","inLanguage":"fr-FR","@id":"https:\/\/pierrebarros.fr\/index.php\/2024\/06\/14\/les-finances-publiques-locales-a-la-loupe\/#primaryimage","url":"https:\/\/i0.wp.com\/pierrebarros.fr\/wp-content\/uploads\/2024\/06\/loupe1.png?fit=1080%2C681&ssl=1","contentUrl":"https:\/\/i0.wp.com\/pierrebarros.fr\/wp-content\/uploads\/2024\/06\/loupe1.png?fit=1080%2C681&ssl=1","width":1080,"height":681},{"@type":"BreadcrumbList","@id":"https:\/\/pierrebarros.fr\/index.php\/2024\/06\/14\/les-finances-publiques-locales-a-la-loupe\/#breadcrumb","itemListElement":[{"@type":"ListItem","position":1,"name":"Accueil","item":"https:\/\/pierrebarros.fr\/"},{"@type":"ListItem","position":2,"name":"Les finances publiques locales \u00e0 la loupe"}]},{"@type":"WebSite","@id":"https:\/\/pierrebarros.fr\/#website","url":"https:\/\/pierrebarros.fr\/","name":"","description":"S\u00e9nateur du Val-d&#039;Oise","potentialAction":[{"@type":"SearchAction","target":{"@type":"EntryPoint","urlTemplate":"https:\/\/pierrebarros.fr\/?s={search_term_string}"},"query-input":{"@type":"PropertyValueSpecification","valueRequired":true,"valueName":"search_term_string"}}],"inLanguage":"fr-FR"},{"@type":"Person","@id":"https:\/\/pierrebarros.fr\/#\/schema\/person\/0669a80d309c762d2a40d3ae7accec5b","name":"Stephanie","url":"https:\/\/pierrebarros.fr\/index.php\/author\/stephanie\/"}]}},"jetpack_featured_media_url":"https:\/\/i0.wp.com\/pierrebarros.fr\/wp-content\/uploads\/2024\/06\/loupe1.png?fit=1080%2C681&ssl=1","jetpack-related-posts":[],"jetpack_sharing_enabled":true,"_links":{"self":[{"href":"https:\/\/pierrebarros.fr\/index.php\/wp-json\/wp\/v2\/posts\/1404","targetHints":{"allow":["GET"]}}],"collection":[{"href":"https:\/\/pierrebarros.fr\/index.php\/wp-json\/wp\/v2\/posts"}],"about":[{"href":"https:\/\/pierrebarros.fr\/index.php\/wp-json\/wp\/v2\/types\/post"}],"author":[{"embeddable":true,"href":"https:\/\/pierrebarros.fr\/index.php\/wp-json\/wp\/v2\/users\/4"}],"replies":[{"embeddable":true,"href":"https:\/\/pierrebarros.fr\/index.php\/wp-json\/wp\/v2\/comments?post=1404"}],"version-history":[{"count":0,"href":"https:\/\/pierrebarros.fr\/index.php\/wp-json\/wp\/v2\/posts\/1404\/revisions"}],"wp:featuredmedia":[{"embeddable":true,"href":"https:\/\/pierrebarros.fr\/index.php\/wp-json\/wp\/v2\/media\/1410"}],"wp:attachment":[{"href":"https:\/\/pierrebarros.fr\/index.php\/wp-json\/wp\/v2\/media?parent=1404"}],"wp:term":[{"taxonomy":"category","embeddable":true,"href":"https:\/\/pierrebarros.fr\/index.php\/wp-json\/wp\/v2\/categories?post=1404"},{"taxonomy":"post_tag","embeddable":true,"href":"https:\/\/pierrebarros.fr\/index.php\/wp-json\/wp\/v2\/tags?post=1404"}],"curies":[{"name":"wp","href":"https:\/\/api.w.org\/{rel}","templated":true}]}}