{"id":1318,"date":"2024-04-28T12:18:00","date_gmt":"2024-04-28T10:18:00","guid":{"rendered":"https:\/\/pierrebarros.fr\/?p=1318"},"modified":"2024-05-16T12:24:32","modified_gmt":"2024-05-16T10:24:32","slug":"un-week-end-hommage-culture-et-rencontres","status":"publish","type":"post","link":"https:\/\/pierrebarros.fr\/index.php\/2024\/04\/28\/un-week-end-hommage-culture-et-rencontres\/","title":{"rendered":"Un week-end \u00ab\u00a0Hommage, culture et rencontres\u00a0\u00bb"},"content":{"rendered":"\n<p><img decoding=\"async\" height=\"16\" width=\"16\" src=\"https:\/\/static.xx.fbcdn.net\/images\/emoji.php\/v9\/td6\/1\/16\/1f4f0.png\" alt=\"\ud83d\udcf0\">A <a href=\"https:\/\/www.facebook.com\/hashtag\/franconville?__eep__=6&amp;__cft__[0]=AZVtQn7CwUjq3fMMMQAzOTtJHat68w8HEyIO6MWLZOHbPKi536iFp57PeAxlsxHOUIKPc1PS7xUbpfWBuvc1_aZZd2Eu71lHJAxifw9EyxEuLoVn7-CK4GkpjO3aovV9gFFUTV2xB8a5pZxRjAHDHTVwpth3VHG8isK0WM-B0LiGynQab-ZPbK2w_n2AEWm4HFk6Vn76dwngpnArk5hDvg2g&amp;__tn__=*NK-R\">#franconville<\/a>, c\u2019est avec int\u00e9r\u00eat et sur invitation de C\u00e9cile Dumas que j\u2019ai assist\u00e9 vendredi 26 avril 2024 au d\u00e9bat sur le droit \u00e0 l\u2019information, anim\u00e9 par St\u00e9phane Sahuc, journaliste et membre de la r\u00e9daction en chef du journal l&rsquo;Humanit\u00e9 pour les 120 ans du journal.<\/p>\n\n\n\n<p><img decoding=\"async\" height=\"16\" width=\"16\" src=\"https:\/\/static.xx.fbcdn.net\/images\/emoji.php\/v9\/t67\/1\/16\/1f692.png\" alt=\"\ud83d\ude92\">A <a href=\"https:\/\/www.facebook.com\/hashtag\/osny?__eep__=6&amp;__cft__[0]=AZVtQn7CwUjq3fMMMQAzOTtJHat68w8HEyIO6MWLZOHbPKi536iFp57PeAxlsxHOUIKPc1PS7xUbpfWBuvc1_aZZd2Eu71lHJAxifw9EyxEuLoVn7-CK4GkpjO3aovV9gFFUTV2xB8a5pZxRjAHDHTVwpth3VHG8isK0WM-B0LiGynQab-ZPbK2w_n2AEWm4HFk6Vn76dwngpnArk5hDvg2g&amp;__tn__=*NK-R\">#Osny<\/a>, passage chez les pompiers le samedi 27 avril 2024 au <a href=\"https:\/\/www.facebook.com\/SapeursPompiersduValdOise?__cft__[0]=AZVtQn7CwUjq3fMMMQAzOTtJHat68w8HEyIO6MWLZOHbPKi536iFp57PeAxlsxHOUIKPc1PS7xUbpfWBuvc1_aZZd2Eu71lHJAxifw9EyxEuLoVn7-CK4GkpjO3aovV9gFFUTV2xB8a5pZxRjAHDHTVwpth3VHG8isK0WM-B0LiGynQab-ZPbK2w_n2AEWm4HFk6Vn76dwngpnArk5hDvg2g&amp;__tn__=-]K-R\">SDIS 95 &#8211; pompiers du Val-d&rsquo;Oise<\/a> : un honneur, toujours, de partager un moment du quotidien de ces femmes et hommes engag\u00e9s pour nous servir et nous sauver.<\/p>\n\n\n\n<p><img decoding=\"async\" height=\"16\" width=\"16\" src=\"https:\/\/static.xx.fbcdn.net\/images\/emoji.php\/v9\/tba\/1\/16\/1f54a.png\" alt=\"\ud83d\udd4a\ufe0f\">A l\u2019invitation de Monsieur le Maire de <a href=\"https:\/\/www.facebook.com\/margency95580?__cft__[0]=AZVtQn7CwUjq3fMMMQAzOTtJHat68w8HEyIO6MWLZOHbPKi536iFp57PeAxlsxHOUIKPc1PS7xUbpfWBuvc1_aZZd2Eu71lHJAxifw9EyxEuLoVn7-CK4GkpjO3aovV9gFFUTV2xB8a5pZxRjAHDHTVwpth3VHG8isK0WM-B0LiGynQab-ZPbK2w_n2AEWm4HFk6Vn76dwngpnArk5hDvg2g&amp;__tn__=-]K-R\">Ville de Margency<\/a>, Thierry Brun, j\u2019ai assist\u00e9 dimanche 28 avril 2024 \u00e0 la comm\u00e9moration des victimes et des h\u00e9ros de la d\u00e9portation, en pr\u00e9sence de Monsieur le sous-pr\u00e9fet du Val d\u2019Oise Dominique Lepidi.<\/p>\n\n\n\n<p>Le devoir de m\u00e9moire \u00e9tait au c\u0153ur de cette c\u00e9r\u00e9monie lors de laquelle j\u2019ai pu faire une rencontre des plus \u00e9mouvante : celle de Madame Frania Eisenbach-Haverland, Margenc\u00e9enne deport\u00e9e et intern\u00e9e au camp de Theresienstadt. Une rencontre inoubliable.<\/p>\n\n\n\n<p><img loading=\"lazy\" decoding=\"async\" height=\"16\" width=\"16\" alt=\"\ud83c\udf74\" src=\"https:\/\/static.xx.fbcdn.net\/images\/emoji.php\/v9\/t68\/1\/16\/1f374.png\">Parmi les moments de convivialit\u00e9 du week-end, un repas avec les militants communistes de la vall\u00e9e de l\u2019Ysieux, mais aussi un passage \u00e0 Fosses, \u00e0 la brocante annuelle, \u00ab\u00a0presque\u00a0\u00bb \u00e9pargn\u00e9e par la pluie !<\/p>\n\n\n\n<p><img loading=\"lazy\" decoding=\"async\" height=\"16\" width=\"16\" alt=\"\ud83c\uddeb\ud83c\uddf7\" src=\"https:\/\/static.xx.fbcdn.net\/images\/emoji.php\/v9\/t74\/1\/16\/1f1eb_1f1f7.png\"> Pour terminer ce week-end \u00e0 votre rencontre, j\u2019ai particip\u00e9 \u00e0 la Comm\u00e9moration du g\u00e9nocide Arm\u00e9nien et Assyro Chald\u00e9en <a href=\"https:\/\/www.facebook.com\/villedesarcelles?__cft__[0]=AZVtQn7CwUjq3fMMMQAzOTtJHat68w8HEyIO6MWLZOHbPKi536iFp57PeAxlsxHOUIKPc1PS7xUbpfWBuvc1_aZZd2Eu71lHJAxifw9EyxEuLoVn7-CK4GkpjO3aovV9gFFUTV2xB8a5pZxRjAHDHTVwpth3VHG8isK0WM-B0LiGynQab-ZPbK2w_n2AEWm4HFk6Vn76dwngpnArk5hDvg2g&amp;__tn__=-]K-R\">Ville de Sarcelles<\/a>, \u00e0 l&rsquo;invitation de Monsieur <a href=\"https:\/\/www.facebook.com\/MairePatrickHaddad?__cft__[0]=AZVtQn7CwUjq3fMMMQAzOTtJHat68w8HEyIO6MWLZOHbPKi536iFp57PeAxlsxHOUIKPc1PS7xUbpfWBuvc1_aZZd2Eu71lHJAxifw9EyxEuLoVn7-CK4GkpjO3aovV9gFFUTV2xB8a5pZxRjAHDHTVwpth3VHG8isK0WM-B0LiGynQab-ZPbK2w_n2AEWm4HFk6Vn76dwngpnArk5hDvg2g&amp;__tn__=-]K-R\">Patrick Haddad, maire de Sarcelles<\/a>. Un moment de recueil indispensable pour honorer les victimes de 1915.<\/p>\n\n\n\n<p><a href=\"https:\/\/www.facebook.com\/Prefet95?__cft__[0]=AZVtQn7CwUjq3fMMMQAzOTtJHat68w8HEyIO6MWLZOHbPKi536iFp57PeAxlsxHOUIKPc1PS7xUbpfWBuvc1_aZZd2Eu71lHJAxifw9EyxEuLoVn7-CK4GkpjO3aovV9gFFUTV2xB8a5pZxRjAHDHTVwpth3VHG8isK0WM-B0LiGynQab-ZPbK2w_n2AEWm4HFk6Vn76dwngpnArk5hDvg2g&amp;__tn__=-]K-R\">Pr\u00e9fet du Val-d&rsquo;Oise<\/a> | <a href=\"https:\/\/www.facebook.com\/fargeot.daniel?__cft__[0]=AZVtQn7CwUjq3fMMMQAzOTtJHat68w8HEyIO6MWLZOHbPKi536iFp57PeAxlsxHOUIKPc1PS7xUbpfWBuvc1_aZZd2Eu71lHJAxifw9EyxEuLoVn7-CK4GkpjO3aovV9gFFUTV2xB8a5pZxRjAHDHTVwpth3VHG8isK0WM-B0LiGynQab-ZPbK2w_n2AEWm4HFk6Vn76dwngpnArk5hDvg2g&amp;__tn__=-]K-R\">Daniel FARGEOT<\/a> | <a href=\"https:\/\/www.facebook.com\/profile.php?id=61554426533876&amp;__cft__[0]=AZVtQn7CwUjq3fMMMQAzOTtJHat68w8HEyIO6MWLZOHbPKi536iFp57PeAxlsxHOUIKPc1PS7xUbpfWBuvc1_aZZd2Eu71lHJAxifw9EyxEuLoVn7-CK4GkpjO3aovV9gFFUTV2xB8a5pZxRjAHDHTVwpth3VHG8isK0WM-B0LiGynQab-ZPbK2w_n2AEWm4HFk6Vn76dwngpnArk5hDvg2g&amp;__tn__=-]K-R\">Jacqueline Haesinger &#8211; Maire de Fosses<\/a> | Philippe Feugere | <a href=\"https:\/\/www.facebook.com\/ccacf.france?__cft__[0]=AZVtQn7CwUjq3fMMMQAzOTtJHat68w8HEyIO6MWLZOHbPKi536iFp57PeAxlsxHOUIKPc1PS7xUbpfWBuvc1_aZZd2Eu71lHJAxifw9EyxEuLoVn7-CK4GkpjO3aovV9gFFUTV2xB8a5pZxRjAHDHTVwpth3VHG8isK0WM-B0LiGynQab-ZPbK2w_n2AEWm4HFk6Vn76dwngpnArk5hDvg2g&amp;__tn__=-]K-R\">CCACF<\/a> | <a href=\"https:\/\/www.facebook.com\/DepartementduValdoise?__cft__[0]=AZVtQn7CwUjq3fMMMQAzOTtJHat68w8HEyIO6MWLZOHbPKi536iFp57PeAxlsxHOUIKPc1PS7xUbpfWBuvc1_aZZd2Eu71lHJAxifw9EyxEuLoVn7-CK4GkpjO3aovV9gFFUTV2xB8a5pZxRjAHDHTVwpth3VHG8isK0WM-B0LiGynQab-ZPbK2w_n2AEWm4HFk6Vn76dwngpnArk5hDvg2g&amp;__tn__=-]K-R\">D\u00e9partement du Val d&rsquo;Oise<\/a> | Marie Christine Cavecchi | Sylvain Lassonde | <a href=\"https:\/\/www.facebook.com\/profile.php?id=100008833119442&amp;__cft__[0]=AZVtQn7CwUjq3fMMMQAzOTtJHat68w8HEyIO6MWLZOHbPKi536iFp57PeAxlsxHOUIKPc1PS7xUbpfWBuvc1_aZZd2Eu71lHJAxifw9EyxEuLoVn7-CK4GkpjO3aovV9gFFUTV2xB8a5pZxRjAHDHTVwpth3VHG8isK0WM-B0LiGynQab-ZPbK2w_n2AEWm4HFk6Vn76dwngpnArk5hDvg2g&amp;__tn__=-]K-R\">Manuel Alvarez<\/a> | Martens Carlos Bilongo<\/p>\n\n\n\n<figure class=\"wp-block-gallery has-nested-images columns-default is-cropped wp-block-gallery-1 is-layout-flex wp-block-gallery-is-layout-flex\">\n<figure class=\"wp-block-image size-large\"><img data-recalc-dims=\"1\" loading=\"lazy\" decoding=\"async\" width=\"1024\" height=\"768\" data-id=\"1230\" src=\"https:\/\/i0.wp.com\/pierrebarros.fr\/wp-content\/uploads\/2024\/05\/20240426-soiree-PCF-journalisme.jpg?resize=1024%2C768&#038;ssl=1\" alt=\"\" class=\"wp-image-1230\" srcset=\"https:\/\/i0.wp.com\/pierrebarros.fr\/wp-content\/uploads\/2024\/05\/20240426-soiree-PCF-journalisme.jpg?resize=1024%2C768&amp;ssl=1 1024w, https:\/\/i0.wp.com\/pierrebarros.fr\/wp-content\/uploads\/2024\/05\/20240426-soiree-PCF-journalisme.jpg?resize=300%2C225&amp;ssl=1 300w, https:\/\/i0.wp.com\/pierrebarros.fr\/wp-content\/uploads\/2024\/05\/20240426-soiree-PCF-journalisme.jpg?resize=768%2C576&amp;ssl=1 768w, https:\/\/i0.wp.com\/pierrebarros.fr\/wp-content\/uploads\/2024\/05\/20240426-soiree-PCF-journalisme.jpg?resize=1536%2C1152&amp;ssl=1 1536w, https:\/\/i0.wp.com\/pierrebarros.fr\/wp-content\/uploads\/2024\/05\/20240426-soiree-PCF-journalisme.jpg?w=1600&amp;ssl=1 1600w\" sizes=\"(max-width: 1000px) 100vw, 1000px\" \/><\/figure>\n\n\n\n<figure class=\"wp-block-image size-large\"><img data-recalc-dims=\"1\" loading=\"lazy\" decoding=\"async\" width=\"1024\" height=\"768\" data-id=\"1251\" src=\"https:\/\/i0.wp.com\/pierrebarros.fr\/wp-content\/uploads\/2024\/05\/20240428-commemorationsarcellesassyrochaldeen6.jpg?resize=1024%2C768&#038;ssl=1\" alt=\"\" class=\"wp-image-1251\" srcset=\"https:\/\/i0.wp.com\/pierrebarros.fr\/wp-content\/uploads\/2024\/05\/20240428-commemorationsarcellesassyrochaldeen6.jpg?resize=1024%2C768&amp;ssl=1 1024w, https:\/\/i0.wp.com\/pierrebarros.fr\/wp-content\/uploads\/2024\/05\/20240428-commemorationsarcellesassyrochaldeen6.jpg?resize=300%2C225&amp;ssl=1 300w, https:\/\/i0.wp.com\/pierrebarros.fr\/wp-content\/uploads\/2024\/05\/20240428-commemorationsarcellesassyrochaldeen6.jpg?resize=768%2C576&amp;ssl=1 768w, https:\/\/i0.wp.com\/pierrebarros.fr\/wp-content\/uploads\/2024\/05\/20240428-commemorationsarcellesassyrochaldeen6.jpg?resize=1536%2C1152&amp;ssl=1 1536w, https:\/\/i0.wp.com\/pierrebarros.fr\/wp-content\/uploads\/2024\/05\/20240428-commemorationsarcellesassyrochaldeen6.jpg?w=1600&amp;ssl=1 1600w\" sizes=\"(max-width: 1000px) 100vw, 1000px\" \/><\/figure>\n\n\n\n<figure class=\"wp-block-image size-large\"><img data-recalc-dims=\"1\" loading=\"lazy\" decoding=\"async\" width=\"771\" height=\"1024\" data-id=\"1250\" src=\"https:\/\/i0.wp.com\/pierrebarros.fr\/wp-content\/uploads\/2024\/05\/20240428-commemorationsarcellesassyrochaldeen5.jpg?resize=771%2C1024&#038;ssl=1\" alt=\"\" class=\"wp-image-1250\" srcset=\"https:\/\/i0.wp.com\/pierrebarros.fr\/wp-content\/uploads\/2024\/05\/20240428-commemorationsarcellesassyrochaldeen5.jpg?resize=771%2C1024&amp;ssl=1 771w, https:\/\/i0.wp.com\/pierrebarros.fr\/wp-content\/uploads\/2024\/05\/20240428-commemorationsarcellesassyrochaldeen5.jpg?resize=226%2C300&amp;ssl=1 226w, https:\/\/i0.wp.com\/pierrebarros.fr\/wp-content\/uploads\/2024\/05\/20240428-commemorationsarcellesassyrochaldeen5.jpg?resize=768%2C1020&amp;ssl=1 768w, https:\/\/i0.wp.com\/pierrebarros.fr\/wp-content\/uploads\/2024\/05\/20240428-commemorationsarcellesassyrochaldeen5.jpg?resize=1157%2C1536&amp;ssl=1 1157w, https:\/\/i0.wp.com\/pierrebarros.fr\/wp-content\/uploads\/2024\/05\/20240428-commemorationsarcellesassyrochaldeen5.jpg?w=1542&amp;ssl=1 1542w\" sizes=\"(max-width: 771px) 100vw, 771px\" \/><\/figure>\n\n\n\n<figure class=\"wp-block-image size-large\"><img data-recalc-dims=\"1\" loading=\"lazy\" decoding=\"async\" width=\"1024\" height=\"768\" data-id=\"1244\" src=\"https:\/\/i0.wp.com\/pierrebarros.fr\/wp-content\/uploads\/2024\/05\/20240428-commemoration4.jpg?resize=1024%2C768&#038;ssl=1\" alt=\"\" class=\"wp-image-1244\" srcset=\"https:\/\/i0.wp.com\/pierrebarros.fr\/wp-content\/uploads\/2024\/05\/20240428-commemoration4.jpg?resize=1024%2C768&amp;ssl=1 1024w, https:\/\/i0.wp.com\/pierrebarros.fr\/wp-content\/uploads\/2024\/05\/20240428-commemoration4.jpg?resize=300%2C225&amp;ssl=1 300w, https:\/\/i0.wp.com\/pierrebarros.fr\/wp-content\/uploads\/2024\/05\/20240428-commemoration4.jpg?resize=768%2C576&amp;ssl=1 768w, https:\/\/i0.wp.com\/pierrebarros.fr\/wp-content\/uploads\/2024\/05\/20240428-commemoration4.jpg?resize=1536%2C1152&amp;ssl=1 1536w, https:\/\/i0.wp.com\/pierrebarros.fr\/wp-content\/uploads\/2024\/05\/20240428-commemoration4.jpg?w=1600&amp;ssl=1 1600w\" sizes=\"(max-width: 1000px) 100vw, 1000px\" \/><\/figure>\n\n\n\n<figure class=\"wp-block-image size-large\"><img data-recalc-dims=\"1\" loading=\"lazy\" decoding=\"async\" width=\"1024\" height=\"768\" data-id=\"1238\" src=\"https:\/\/i0.wp.com\/pierrebarros.fr\/wp-content\/uploads\/2024\/05\/20240427-passationSDISOsny6.jpg?resize=1024%2C768&#038;ssl=1\" alt=\"\" class=\"wp-image-1238\" srcset=\"https:\/\/i0.wp.com\/pierrebarros.fr\/wp-content\/uploads\/2024\/05\/20240427-passationSDISOsny6.jpg?resize=1024%2C768&amp;ssl=1 1024w, https:\/\/i0.wp.com\/pierrebarros.fr\/wp-content\/uploads\/2024\/05\/20240427-passationSDISOsny6.jpg?resize=300%2C225&amp;ssl=1 300w, https:\/\/i0.wp.com\/pierrebarros.fr\/wp-content\/uploads\/2024\/05\/20240427-passationSDISOsny6.jpg?resize=768%2C576&amp;ssl=1 768w, https:\/\/i0.wp.com\/pierrebarros.fr\/wp-content\/uploads\/2024\/05\/20240427-passationSDISOsny6.jpg?resize=1536%2C1152&amp;ssl=1 1536w, https:\/\/i0.wp.com\/pierrebarros.fr\/wp-content\/uploads\/2024\/05\/20240427-passationSDISOsny6.jpg?w=1600&amp;ssl=1 1600w\" sizes=\"(max-width: 1000px) 100vw, 1000px\" \/><\/figure>\n\n\n\n<figure class=\"wp-block-image size-large\"><img data-recalc-dims=\"1\" loading=\"lazy\" decoding=\"async\" width=\"1024\" height=\"768\" data-id=\"1236\" src=\"https:\/\/i0.wp.com\/pierrebarros.fr\/wp-content\/uploads\/2024\/05\/20240427-passationSDISOsny4.jpg?resize=1024%2C768&#038;ssl=1\" alt=\"\" class=\"wp-image-1236\" srcset=\"https:\/\/i0.wp.com\/pierrebarros.fr\/wp-content\/uploads\/2024\/05\/20240427-passationSDISOsny4.jpg?resize=1024%2C768&amp;ssl=1 1024w, https:\/\/i0.wp.com\/pierrebarros.fr\/wp-content\/uploads\/2024\/05\/20240427-passationSDISOsny4.jpg?resize=300%2C225&amp;ssl=1 300w, https:\/\/i0.wp.com\/pierrebarros.fr\/wp-content\/uploads\/2024\/05\/20240427-passationSDISOsny4.jpg?resize=768%2C576&amp;ssl=1 768w, https:\/\/i0.wp.com\/pierrebarros.fr\/wp-content\/uploads\/2024\/05\/20240427-passationSDISOsny4.jpg?resize=1536%2C1152&amp;ssl=1 1536w, https:\/\/i0.wp.com\/pierrebarros.fr\/wp-content\/uploads\/2024\/05\/20240427-passationSDISOsny4.jpg?w=1600&amp;ssl=1 1600w\" sizes=\"(max-width: 1000px) 100vw, 1000px\" \/><\/figure>\n<\/figure>\n","protected":false},"excerpt":{"rendered":"<p>A #franconville, c\u2019est avec int\u00e9r\u00eat et sur invitation de C\u00e9cile Dumas que j\u2019ai assist\u00e9 vendredi 26 avril 2024 au d\u00e9bat [&hellip;]<\/p>\n","protected":false},"author":4,"featured_media":1231,"comment_status":"closed","ping_status":"closed","sticky":false,"template":"","format":"standard","meta":{"site-sidebar-layout":"default","site-content-layout":"","ast-site-content-layout":"default","site-content-style":"default","site-sidebar-style":"default","ast-global-header-display":"","ast-banner-title-visibility":"","ast-main-header-display":"","ast-hfb-above-header-display":"","ast-hfb-below-header-display":"","ast-hfb-mobile-header-display":"","site-post-title":"","ast-breadcrumbs-content":"","ast-featured-img":"","footer-sml-layout":"","ast-disable-related-posts":"","theme-transparent-header-meta":"","adv-header-id-meta":"","stick-header-meta":"","header-above-stick-meta":"","header-main-stick-meta":"","header-below-stick-meta":"","astra-migrate-meta-layouts":"default","ast-page-background-enabled":"default","ast-page-background-meta":{"desktop":{"background-color":"var(--ast-global-color-4)","background-image":"","background-repeat":"repeat","background-position":"center center","background-size":"auto","background-attachment":"scroll","background-type":"","background-media":"","overlay-type":"","overlay-color":"","overlay-opacity":"","overlay-gradient":""},"tablet":{"background-color":"","background-image":"","background-repeat":"repeat","background-position":"center center","background-size":"auto","background-attachment":"scroll","background-type":"","background-media":"","overlay-type":"","overlay-color":"","overlay-opacity":"","overlay-gradient":""},"mobile":{"background-color":"","background-image":"","background-repeat":"repeat","background-position":"center center","background-size":"auto","background-attachment":"scroll","background-type":"","background-media":"","overlay-type":"","overlay-color":"","overlay-opacity":"","overlay-gradient":""}},"ast-content-background-meta":{"desktop":{"background-color":"var(--ast-global-color-5)","background-image":"","background-repeat":"repeat","background-position":"center center","background-size":"auto","background-attachment":"scroll","background-type":"","background-media":"","overlay-type":"","overlay-color":"","overlay-opacity":"","overlay-gradient":""},"tablet":{"background-color":"var(--ast-global-color-5)","background-image":"","background-repeat":"repeat","background-position":"center center","background-size":"auto","background-attachment":"scroll","background-type":"","background-media":"","overlay-type":"","overlay-color":"","overlay-opacity":"","overlay-gradient":""},"mobile":{"background-color":"var(--ast-global-color-5)","background-image":"","background-repeat":"repeat","background-position":"center center","background-size":"auto","background-attachment":"scroll","background-type":"","background-media":"","overlay-type":"","overlay-color":"","overlay-opacity":"","overlay-gradient":""}},"_jetpack_memberships_contains_paid_content":false,"footnotes":""},"categories":[24],"tags":[],"class_list":["post-1318","post","type-post","status-publish","format-standard","has-post-thumbnail","hentry","category-en-val-doise"],"yoast_head":"<!-- This site is optimized with the Yoast SEO plugin v27.5 - https:\/\/yoast.com\/product\/yoast-seo-wordpress\/ -->\n<title>Un week-end &quot;Hommage, culture et rencontres&quot; -<\/title>\n<meta name=\"robots\" content=\"index, follow, max-snippet:-1, max-image-preview:large, max-video-preview:-1\" \/>\n<link rel=\"canonical\" href=\"https:\/\/pierrebarros.fr\/index.php\/2024\/04\/28\/un-week-end-hommage-culture-et-rencontres\/\" \/>\n<meta property=\"og:locale\" content=\"fr_FR\" \/>\n<meta property=\"og:type\" content=\"article\" \/>\n<meta property=\"og:title\" content=\"Un week-end &quot;Hommage, culture et rencontres&quot; -\" \/>\n<meta property=\"og:description\" content=\"A #franconville, c\u2019est avec int\u00e9r\u00eat et sur invitation de C\u00e9cile Dumas que j\u2019ai assist\u00e9 vendredi 26 avril 2024 au d\u00e9bat [&hellip;]\" \/>\n<meta property=\"og:url\" content=\"https:\/\/pierrebarros.fr\/index.php\/2024\/04\/28\/un-week-end-hommage-culture-et-rencontres\/\" \/>\n<meta property=\"article:published_time\" content=\"2024-04-28T10:18:00+00:00\" \/>\n<meta property=\"article:modified_time\" content=\"2024-05-16T10:24:32+00:00\" \/>\n<meta property=\"og:image\" content=\"https:\/\/pierrebarros.fr\/wp-content\/uploads\/2024\/05\/20240426-soiree-PCF-journalisme2.jpg\" \/>\n\t<meta property=\"og:image:width\" content=\"2048\" \/>\n\t<meta property=\"og:image:height\" content=\"1368\" \/>\n\t<meta property=\"og:image:type\" content=\"image\/jpeg\" \/>\n<meta name=\"author\" content=\"Stephanie\" \/>\n<meta name=\"twitter:card\" content=\"summary_large_image\" \/>\n<meta name=\"twitter:label1\" content=\"\u00c9crit par\" \/>\n\t<meta name=\"twitter:data1\" content=\"Stephanie\" \/>\n\t<meta name=\"twitter:label2\" content=\"Dur\u00e9e de lecture estim\u00e9e\" \/>\n\t<meta name=\"twitter:data2\" content=\"4 minutes\" \/>\n<script type=\"application\/ld+json\" class=\"yoast-schema-graph\">{\"@context\":\"https:\\\/\\\/schema.org\",\"@graph\":[{\"@type\":\"Article\",\"@id\":\"https:\\\/\\\/pierrebarros.fr\\\/index.php\\\/2024\\\/04\\\/28\\\/un-week-end-hommage-culture-et-rencontres\\\/#article\",\"isPartOf\":{\"@id\":\"https:\\\/\\\/pierrebarros.fr\\\/index.php\\\/2024\\\/04\\\/28\\\/un-week-end-hommage-culture-et-rencontres\\\/\"},\"author\":{\"name\":\"Stephanie\",\"@id\":\"https:\\\/\\\/pierrebarros.fr\\\/#\\\/schema\\\/person\\\/0669a80d309c762d2a40d3ae7accec5b\"},\"headline\":\"Un week-end \u00ab\u00a0Hommage, culture et rencontres\u00a0\u00bb\",\"datePublished\":\"2024-04-28T10:18:00+00:00\",\"dateModified\":\"2024-05-16T10:24:32+00:00\",\"mainEntityOfPage\":{\"@id\":\"https:\\\/\\\/pierrebarros.fr\\\/index.php\\\/2024\\\/04\\\/28\\\/un-week-end-hommage-culture-et-rencontres\\\/\"},\"wordCount\":295,\"image\":{\"@id\":\"https:\\\/\\\/pierrebarros.fr\\\/index.php\\\/2024\\\/04\\\/28\\\/un-week-end-hommage-culture-et-rencontres\\\/#primaryimage\"},\"thumbnailUrl\":\"https:\\\/\\\/i0.wp.com\\\/pierrebarros.fr\\\/wp-content\\\/uploads\\\/2024\\\/05\\\/20240426-soiree-PCF-journalisme2.jpg?fit=2048%2C1368&ssl=1\",\"articleSection\":[\"En Val d'Oise\"],\"inLanguage\":\"fr-FR\"},{\"@type\":\"WebPage\",\"@id\":\"https:\\\/\\\/pierrebarros.fr\\\/index.php\\\/2024\\\/04\\\/28\\\/un-week-end-hommage-culture-et-rencontres\\\/\",\"url\":\"https:\\\/\\\/pierrebarros.fr\\\/index.php\\\/2024\\\/04\\\/28\\\/un-week-end-hommage-culture-et-rencontres\\\/\",\"name\":\"Un week-end \\\"Hommage, culture et rencontres\\\" -\",\"isPartOf\":{\"@id\":\"https:\\\/\\\/pierrebarros.fr\\\/#website\"},\"primaryImageOfPage\":{\"@id\":\"https:\\\/\\\/pierrebarros.fr\\\/index.php\\\/2024\\\/04\\\/28\\\/un-week-end-hommage-culture-et-rencontres\\\/#primaryimage\"},\"image\":{\"@id\":\"https:\\\/\\\/pierrebarros.fr\\\/index.php\\\/2024\\\/04\\\/28\\\/un-week-end-hommage-culture-et-rencontres\\\/#primaryimage\"},\"thumbnailUrl\":\"https:\\\/\\\/i0.wp.com\\\/pierrebarros.fr\\\/wp-content\\\/uploads\\\/2024\\\/05\\\/20240426-soiree-PCF-journalisme2.jpg?fit=2048%2C1368&ssl=1\",\"datePublished\":\"2024-04-28T10:18:00+00:00\",\"dateModified\":\"2024-05-16T10:24:32+00:00\",\"author\":{\"@id\":\"https:\\\/\\\/pierrebarros.fr\\\/#\\\/schema\\\/person\\\/0669a80d309c762d2a40d3ae7accec5b\"},\"breadcrumb\":{\"@id\":\"https:\\\/\\\/pierrebarros.fr\\\/index.php\\\/2024\\\/04\\\/28\\\/un-week-end-hommage-culture-et-rencontres\\\/#breadcrumb\"},\"inLanguage\":\"fr-FR\",\"potentialAction\":[{\"@type\":\"ReadAction\",\"target\":[\"https:\\\/\\\/pierrebarros.fr\\\/index.php\\\/2024\\\/04\\\/28\\\/un-week-end-hommage-culture-et-rencontres\\\/\"]}]},{\"@type\":\"ImageObject\",\"inLanguage\":\"fr-FR\",\"@id\":\"https:\\\/\\\/pierrebarros.fr\\\/index.php\\\/2024\\\/04\\\/28\\\/un-week-end-hommage-culture-et-rencontres\\\/#primaryimage\",\"url\":\"https:\\\/\\\/i0.wp.com\\\/pierrebarros.fr\\\/wp-content\\\/uploads\\\/2024\\\/05\\\/20240426-soiree-PCF-journalisme2.jpg?fit=2048%2C1368&ssl=1\",\"contentUrl\":\"https:\\\/\\\/i0.wp.com\\\/pierrebarros.fr\\\/wp-content\\\/uploads\\\/2024\\\/05\\\/20240426-soiree-PCF-journalisme2.jpg?fit=2048%2C1368&ssl=1\",\"width\":2048,\"height\":1368},{\"@type\":\"BreadcrumbList\",\"@id\":\"https:\\\/\\\/pierrebarros.fr\\\/index.php\\\/2024\\\/04\\\/28\\\/un-week-end-hommage-culture-et-rencontres\\\/#breadcrumb\",\"itemListElement\":[{\"@type\":\"ListItem\",\"position\":1,\"name\":\"Accueil\",\"item\":\"https:\\\/\\\/pierrebarros.fr\\\/\"},{\"@type\":\"ListItem\",\"position\":2,\"name\":\"Un week-end &#8220;Hommage, culture et rencontres&#8221;\"}]},{\"@type\":\"WebSite\",\"@id\":\"https:\\\/\\\/pierrebarros.fr\\\/#website\",\"url\":\"https:\\\/\\\/pierrebarros.fr\\\/\",\"name\":\"\",\"description\":\"S\u00e9nateur du Val-d&#039;Oise\",\"potentialAction\":[{\"@type\":\"SearchAction\",\"target\":{\"@type\":\"EntryPoint\",\"urlTemplate\":\"https:\\\/\\\/pierrebarros.fr\\\/?s={search_term_string}\"},\"query-input\":{\"@type\":\"PropertyValueSpecification\",\"valueRequired\":true,\"valueName\":\"search_term_string\"}}],\"inLanguage\":\"fr-FR\"},{\"@type\":\"Person\",\"@id\":\"https:\\\/\\\/pierrebarros.fr\\\/#\\\/schema\\\/person\\\/0669a80d309c762d2a40d3ae7accec5b\",\"name\":\"Stephanie\",\"url\":\"https:\\\/\\\/pierrebarros.fr\\\/index.php\\\/author\\\/stephanie\\\/\"}]}<\/script>\n<!-- \/ Yoast SEO plugin. -->","yoast_head_json":{"title":"Un week-end \"Hommage, culture et rencontres\" -","robots":{"index":"index","follow":"follow","max-snippet":"max-snippet:-1","max-image-preview":"max-image-preview:large","max-video-preview":"max-video-preview:-1"},"canonical":"https:\/\/pierrebarros.fr\/index.php\/2024\/04\/28\/un-week-end-hommage-culture-et-rencontres\/","og_locale":"fr_FR","og_type":"article","og_title":"Un week-end \"Hommage, culture et rencontres\" -","og_description":"A #franconville, c\u2019est avec int\u00e9r\u00eat et sur invitation de C\u00e9cile Dumas que j\u2019ai assist\u00e9 vendredi 26 avril 2024 au d\u00e9bat [&hellip;]","og_url":"https:\/\/pierrebarros.fr\/index.php\/2024\/04\/28\/un-week-end-hommage-culture-et-rencontres\/","article_published_time":"2024-04-28T10:18:00+00:00","article_modified_time":"2024-05-16T10:24:32+00:00","og_image":[{"width":2048,"height":1368,"url":"https:\/\/pierrebarros.fr\/wp-content\/uploads\/2024\/05\/20240426-soiree-PCF-journalisme2.jpg","type":"image\/jpeg"}],"author":"Stephanie","twitter_card":"summary_large_image","twitter_misc":{"\u00c9crit par":"Stephanie","Dur\u00e9e de lecture estim\u00e9e":"4 minutes"},"schema":{"@context":"https:\/\/schema.org","@graph":[{"@type":"Article","@id":"https:\/\/pierrebarros.fr\/index.php\/2024\/04\/28\/un-week-end-hommage-culture-et-rencontres\/#article","isPartOf":{"@id":"https:\/\/pierrebarros.fr\/index.php\/2024\/04\/28\/un-week-end-hommage-culture-et-rencontres\/"},"author":{"name":"Stephanie","@id":"https:\/\/pierrebarros.fr\/#\/schema\/person\/0669a80d309c762d2a40d3ae7accec5b"},"headline":"Un week-end \u00ab\u00a0Hommage, culture et rencontres\u00a0\u00bb","datePublished":"2024-04-28T10:18:00+00:00","dateModified":"2024-05-16T10:24:32+00:00","mainEntityOfPage":{"@id":"https:\/\/pierrebarros.fr\/index.php\/2024\/04\/28\/un-week-end-hommage-culture-et-rencontres\/"},"wordCount":295,"image":{"@id":"https:\/\/pierrebarros.fr\/index.php\/2024\/04\/28\/un-week-end-hommage-culture-et-rencontres\/#primaryimage"},"thumbnailUrl":"https:\/\/i0.wp.com\/pierrebarros.fr\/wp-content\/uploads\/2024\/05\/20240426-soiree-PCF-journalisme2.jpg?fit=2048%2C1368&ssl=1","articleSection":["En Val d'Oise"],"inLanguage":"fr-FR"},{"@type":"WebPage","@id":"https:\/\/pierrebarros.fr\/index.php\/2024\/04\/28\/un-week-end-hommage-culture-et-rencontres\/","url":"https:\/\/pierrebarros.fr\/index.php\/2024\/04\/28\/un-week-end-hommage-culture-et-rencontres\/","name":"Un week-end \"Hommage, culture et rencontres\" -","isPartOf":{"@id":"https:\/\/pierrebarros.fr\/#website"},"primaryImageOfPage":{"@id":"https:\/\/pierrebarros.fr\/index.php\/2024\/04\/28\/un-week-end-hommage-culture-et-rencontres\/#primaryimage"},"image":{"@id":"https:\/\/pierrebarros.fr\/index.php\/2024\/04\/28\/un-week-end-hommage-culture-et-rencontres\/#primaryimage"},"thumbnailUrl":"https:\/\/i0.wp.com\/pierrebarros.fr\/wp-content\/uploads\/2024\/05\/20240426-soiree-PCF-journalisme2.jpg?fit=2048%2C1368&ssl=1","datePublished":"2024-04-28T10:18:00+00:00","dateModified":"2024-05-16T10:24:32+00:00","author":{"@id":"https:\/\/pierrebarros.fr\/#\/schema\/person\/0669a80d309c762d2a40d3ae7accec5b"},"breadcrumb":{"@id":"https:\/\/pierrebarros.fr\/index.php\/2024\/04\/28\/un-week-end-hommage-culture-et-rencontres\/#breadcrumb"},"inLanguage":"fr-FR","potentialAction":[{"@type":"ReadAction","target":["https:\/\/pierrebarros.fr\/index.php\/2024\/04\/28\/un-week-end-hommage-culture-et-rencontres\/"]}]},{"@type":"ImageObject","inLanguage":"fr-FR","@id":"https:\/\/pierrebarros.fr\/index.php\/2024\/04\/28\/un-week-end-hommage-culture-et-rencontres\/#primaryimage","url":"https:\/\/i0.wp.com\/pierrebarros.fr\/wp-content\/uploads\/2024\/05\/20240426-soiree-PCF-journalisme2.jpg?fit=2048%2C1368&ssl=1","contentUrl":"https:\/\/i0.wp.com\/pierrebarros.fr\/wp-content\/uploads\/2024\/05\/20240426-soiree-PCF-journalisme2.jpg?fit=2048%2C1368&ssl=1","width":2048,"height":1368},{"@type":"BreadcrumbList","@id":"https:\/\/pierrebarros.fr\/index.php\/2024\/04\/28\/un-week-end-hommage-culture-et-rencontres\/#breadcrumb","itemListElement":[{"@type":"ListItem","position":1,"name":"Accueil","item":"https:\/\/pierrebarros.fr\/"},{"@type":"ListItem","position":2,"name":"Un week-end &#8220;Hommage, culture et rencontres&#8221;"}]},{"@type":"WebSite","@id":"https:\/\/pierrebarros.fr\/#website","url":"https:\/\/pierrebarros.fr\/","name":"","description":"S\u00e9nateur du Val-d&#039;Oise","potentialAction":[{"@type":"SearchAction","target":{"@type":"EntryPoint","urlTemplate":"https:\/\/pierrebarros.fr\/?s={search_term_string}"},"query-input":{"@type":"PropertyValueSpecification","valueRequired":true,"valueName":"search_term_string"}}],"inLanguage":"fr-FR"},{"@type":"Person","@id":"https:\/\/pierrebarros.fr\/#\/schema\/person\/0669a80d309c762d2a40d3ae7accec5b","name":"Stephanie","url":"https:\/\/pierrebarros.fr\/index.php\/author\/stephanie\/"}]}},"jetpack_featured_media_url":"https:\/\/i0.wp.com\/pierrebarros.fr\/wp-content\/uploads\/2024\/05\/20240426-soiree-PCF-journalisme2.jpg?fit=2048%2C1368&ssl=1","jetpack-related-posts":[],"jetpack_sharing_enabled":true,"_links":{"self":[{"href":"https:\/\/pierrebarros.fr\/index.php\/wp-json\/wp\/v2\/posts\/1318","targetHints":{"allow":["GET"]}}],"collection":[{"href":"https:\/\/pierrebarros.fr\/index.php\/wp-json\/wp\/v2\/posts"}],"about":[{"href":"https:\/\/pierrebarros.fr\/index.php\/wp-json\/wp\/v2\/types\/post"}],"author":[{"embeddable":true,"href":"https:\/\/pierrebarros.fr\/index.php\/wp-json\/wp\/v2\/users\/4"}],"replies":[{"embeddable":true,"href":"https:\/\/pierrebarros.fr\/index.php\/wp-json\/wp\/v2\/comments?post=1318"}],"version-history":[{"count":0,"href":"https:\/\/pierrebarros.fr\/index.php\/wp-json\/wp\/v2\/posts\/1318\/revisions"}],"wp:featuredmedia":[{"embeddable":true,"href":"https:\/\/pierrebarros.fr\/index.php\/wp-json\/wp\/v2\/media\/1231"}],"wp:attachment":[{"href":"https:\/\/pierrebarros.fr\/index.php\/wp-json\/wp\/v2\/media?parent=1318"}],"wp:term":[{"taxonomy":"category","embeddable":true,"href":"https:\/\/pierrebarros.fr\/index.php\/wp-json\/wp\/v2\/categories?post=1318"},{"taxonomy":"post_tag","embeddable":true,"href":"https:\/\/pierrebarros.fr\/index.php\/wp-json\/wp\/v2\/tags?post=1318"}],"curies":[{"name":"wp","href":"https:\/\/api.w.org\/{rel}","templated":true}]}}