{"id":1308,"date":"2024-04-26T12:12:00","date_gmt":"2024-04-26T10:12:00","guid":{"rendered":"https:\/\/pierrebarros.fr\/?p=1308"},"modified":"2024-05-16T12:17:47","modified_gmt":"2024-05-16T10:17:47","slug":"soutien-a-la-greve-des-salaries-du-depot-de-bus-de-keolis-kabs-dargenteuil-et-de-montesson","status":"publish","type":"post","link":"https:\/\/pierrebarros.fr\/index.php\/2024\/04\/26\/soutien-a-la-greve-des-salaries-du-depot-de-bus-de-keolis-kabs-dargenteuil-et-de-montesson\/","title":{"rendered":"Soutien \u00e0 la gr\u00e8ve des salari\u00e9s du d\u00e9p\u00f4t de bus de K\u00e9olis (KABS) d\u2019Argenteuil et de Montesson."},"content":{"rendered":"\n<p><img decoding=\"async\" height=\"16\" width=\"16\" alt=\"\ud83d\ude8f\" src=\"https:\/\/static.xx.fbcdn.net\/images\/emoji.php\/v9\/tfc\/1\/16\/1f68f.png\">Les effets de la D\u00e9l\u00e9gation de Service Public des transports en commun sont ravageurs :<\/p>\n\n\n\n<p>&#8211; <img decoding=\"async\" height=\"16\" width=\"16\" alt=\"\ud83d\udcc9\" src=\"https:\/\/static.xx.fbcdn.net\/images\/emoji.php\/v9\/t82\/1\/16\/1f4c9.png\">D\u00e9sorganisations et d\u00e9gradations des conditions de travail de salari\u00e9s. Les salari\u00e9s ont perdu leur part de participation et d\u2019int\u00e9ressement et, malgr\u00e9 sa performance financi\u00e8re, Keolis refuse d\u2019augmenter les salaires \u00e0 hauteur de l\u2019inflation (3,8%);<\/p>\n\n\n\n<p>&#8211; <img decoding=\"async\" height=\"16\" width=\"16\" alt=\"\ud83d\ude8c\" src=\"https:\/\/static.xx.fbcdn.net\/images\/emoji.php\/v9\/t79\/1\/16\/1f68c.png\"><a><\/a>Bus vieillissants qui ne sont pas r\u00e9par\u00e9s ;<\/p>\n\n\n\n<p>&#8211; <img loading=\"lazy\" decoding=\"async\" height=\"16\" width=\"16\" alt=\"\ud83d\udc68\u200d\ud83d\udd27\" src=\"https:\/\/static.xx.fbcdn.net\/images\/emoji.php\/v9\/tdf\/1\/16\/1f468_200d_1f527.png\"><img loading=\"lazy\" decoding=\"async\" height=\"16\" width=\"16\" alt=\"\u2699\ufe0f\" src=\"https:\/\/static.xx.fbcdn.net\/images\/emoji.php\/v9\/t8d\/1\/16\/2699.png\">Flotte de bus parfois indisponible suite aux pannes multiples.<\/p>\n\n\n\n<p><img loading=\"lazy\" decoding=\"async\" height=\"16\" width=\"16\" alt=\"\ud83d\udea8\" src=\"https:\/\/static.xx.fbcdn.net\/images\/emoji.php\/v9\/t45\/1\/16\/1f6a8.png\">Le service se d\u00e9grade et les salari\u00e9s sont inquiets pour les usagers et pour eux m\u00eames.<\/p>\n\n\n\n<p>Depuis une semaine, la gr\u00e8ve est massive.<\/p>\n\n\n\n<p>Face \u00e0 celle-ci la direction a jet\u00e9 l\u2019\u00e9ponge et d\u00e9missionn\u00e9.<\/p>\n\n\n\n<p><img loading=\"lazy\" decoding=\"async\" height=\"16\" width=\"16\" alt=\"\u203c\ufe0f\" src=\"https:\/\/static.xx.fbcdn.net\/images\/emoji.php\/v9\/t77\/1\/16\/203c.png\">Il est temps qu\u2019Ile-de-France Mobilit\u00e9s r\u00e9agisse et prenne la mesure du niveau de d\u00e9gradation g\u00e9n\u00e9r\u00e9 par sa d\u00e9cision d\u2019ouverture \u00e0 la concurrence.<\/p>\n\n\n\n<figure class=\"wp-block-gallery has-nested-images columns-default is-cropped wp-block-gallery-1 is-layout-flex wp-block-gallery-is-layout-flex\">\n<figure class=\"wp-block-image size-large\"><img data-recalc-dims=\"1\" loading=\"lazy\" decoding=\"async\" width=\"768\" height=\"1024\" data-id=\"1316\" src=\"https:\/\/i0.wp.com\/pierrebarros.fr\/wp-content\/uploads\/2024\/05\/8-7.jpg?resize=768%2C1024&#038;ssl=1\" alt=\"\" class=\"wp-image-1316\" srcset=\"https:\/\/i0.wp.com\/pierrebarros.fr\/wp-content\/uploads\/2024\/05\/8-7.jpg?resize=768%2C1024&amp;ssl=1 768w, https:\/\/i0.wp.com\/pierrebarros.fr\/wp-content\/uploads\/2024\/05\/8-7.jpg?resize=225%2C300&amp;ssl=1 225w, https:\/\/i0.wp.com\/pierrebarros.fr\/wp-content\/uploads\/2024\/05\/8-7.jpg?resize=1152%2C1536&amp;ssl=1 1152w, https:\/\/i0.wp.com\/pierrebarros.fr\/wp-content\/uploads\/2024\/05\/8-7.jpg?w=1536&amp;ssl=1 1536w\" sizes=\"(max-width: 768px) 100vw, 768px\" \/><\/figure>\n\n\n\n<figure class=\"wp-block-image size-large\"><img data-recalc-dims=\"1\" loading=\"lazy\" decoding=\"async\" width=\"1024\" height=\"768\" data-id=\"1315\" src=\"https:\/\/i0.wp.com\/pierrebarros.fr\/wp-content\/uploads\/2024\/05\/7-9.jpg?resize=1024%2C768&#038;ssl=1\" alt=\"\" class=\"wp-image-1315\" srcset=\"https:\/\/i0.wp.com\/pierrebarros.fr\/wp-content\/uploads\/2024\/05\/7-9.jpg?resize=1024%2C768&amp;ssl=1 1024w, https:\/\/i0.wp.com\/pierrebarros.fr\/wp-content\/uploads\/2024\/05\/7-9.jpg?resize=300%2C225&amp;ssl=1 300w, https:\/\/i0.wp.com\/pierrebarros.fr\/wp-content\/uploads\/2024\/05\/7-9.jpg?resize=768%2C576&amp;ssl=1 768w, https:\/\/i0.wp.com\/pierrebarros.fr\/wp-content\/uploads\/2024\/05\/7-9.jpg?resize=1536%2C1152&amp;ssl=1 1536w, https:\/\/i0.wp.com\/pierrebarros.fr\/wp-content\/uploads\/2024\/05\/7-9.jpg?w=2048&amp;ssl=1 2048w\" sizes=\"(max-width: 1000px) 100vw, 1000px\" \/><\/figure>\n\n\n\n<figure class=\"wp-block-image size-large\"><img data-recalc-dims=\"1\" loading=\"lazy\" decoding=\"async\" width=\"1024\" height=\"768\" data-id=\"1313\" src=\"https:\/\/i0.wp.com\/pierrebarros.fr\/wp-content\/uploads\/2024\/05\/5-8.jpg?resize=1024%2C768&#038;ssl=1\" alt=\"\" class=\"wp-image-1313\" srcset=\"https:\/\/i0.wp.com\/pierrebarros.fr\/wp-content\/uploads\/2024\/05\/5-8.jpg?resize=1024%2C768&amp;ssl=1 1024w, https:\/\/i0.wp.com\/pierrebarros.fr\/wp-content\/uploads\/2024\/05\/5-8.jpg?resize=300%2C225&amp;ssl=1 300w, https:\/\/i0.wp.com\/pierrebarros.fr\/wp-content\/uploads\/2024\/05\/5-8.jpg?resize=768%2C576&amp;ssl=1 768w, https:\/\/i0.wp.com\/pierrebarros.fr\/wp-content\/uploads\/2024\/05\/5-8.jpg?resize=1536%2C1152&amp;ssl=1 1536w, https:\/\/i0.wp.com\/pierrebarros.fr\/wp-content\/uploads\/2024\/05\/5-8.jpg?w=2048&amp;ssl=1 2048w\" sizes=\"(max-width: 1000px) 100vw, 1000px\" \/><\/figure>\n\n\n\n<figure class=\"wp-block-image size-large\"><img data-recalc-dims=\"1\" loading=\"lazy\" decoding=\"async\" width=\"1024\" height=\"768\" data-id=\"1312\" src=\"https:\/\/i0.wp.com\/pierrebarros.fr\/wp-content\/uploads\/2024\/05\/4-14.jpg?resize=1024%2C768&#038;ssl=1\" alt=\"\" class=\"wp-image-1312\" srcset=\"https:\/\/i0.wp.com\/pierrebarros.fr\/wp-content\/uploads\/2024\/05\/4-14.jpg?resize=1024%2C768&amp;ssl=1 1024w, https:\/\/i0.wp.com\/pierrebarros.fr\/wp-content\/uploads\/2024\/05\/4-14.jpg?resize=300%2C225&amp;ssl=1 300w, https:\/\/i0.wp.com\/pierrebarros.fr\/wp-content\/uploads\/2024\/05\/4-14.jpg?resize=768%2C576&amp;ssl=1 768w, https:\/\/i0.wp.com\/pierrebarros.fr\/wp-content\/uploads\/2024\/05\/4-14.jpg?resize=1536%2C1152&amp;ssl=1 1536w, https:\/\/i0.wp.com\/pierrebarros.fr\/wp-content\/uploads\/2024\/05\/4-14.jpg?w=2048&amp;ssl=1 2048w\" sizes=\"(max-width: 1000px) 100vw, 1000px\" \/><\/figure>\n\n\n\n<figure class=\"wp-block-image size-large\"><img data-recalc-dims=\"1\" loading=\"lazy\" decoding=\"async\" width=\"1024\" height=\"768\" data-id=\"1311\" src=\"https:\/\/i0.wp.com\/pierrebarros.fr\/wp-content\/uploads\/2024\/05\/3-14.jpg?resize=1024%2C768&#038;ssl=1\" alt=\"\" class=\"wp-image-1311\" srcset=\"https:\/\/i0.wp.com\/pierrebarros.fr\/wp-content\/uploads\/2024\/05\/3-14.jpg?resize=1024%2C768&amp;ssl=1 1024w, https:\/\/i0.wp.com\/pierrebarros.fr\/wp-content\/uploads\/2024\/05\/3-14.jpg?resize=300%2C225&amp;ssl=1 300w, https:\/\/i0.wp.com\/pierrebarros.fr\/wp-content\/uploads\/2024\/05\/3-14.jpg?resize=768%2C576&amp;ssl=1 768w, https:\/\/i0.wp.com\/pierrebarros.fr\/wp-content\/uploads\/2024\/05\/3-14.jpg?resize=1536%2C1152&amp;ssl=1 1536w, https:\/\/i0.wp.com\/pierrebarros.fr\/wp-content\/uploads\/2024\/05\/3-14.jpg?w=2048&amp;ssl=1 2048w\" sizes=\"(max-width: 1000px) 100vw, 1000px\" \/><\/figure>\n\n\n\n<figure class=\"wp-block-image size-large\"><img data-recalc-dims=\"1\" loading=\"lazy\" decoding=\"async\" width=\"768\" height=\"1024\" data-id=\"1310\" src=\"https:\/\/i0.wp.com\/pierrebarros.fr\/wp-content\/uploads\/2024\/05\/2-17.jpg?resize=768%2C1024&#038;ssl=1\" alt=\"\" class=\"wp-image-1310\" srcset=\"https:\/\/i0.wp.com\/pierrebarros.fr\/wp-content\/uploads\/2024\/05\/2-17.jpg?resize=768%2C1024&amp;ssl=1 768w, https:\/\/i0.wp.com\/pierrebarros.fr\/wp-content\/uploads\/2024\/05\/2-17.jpg?resize=225%2C300&amp;ssl=1 225w, https:\/\/i0.wp.com\/pierrebarros.fr\/wp-content\/uploads\/2024\/05\/2-17.jpg?resize=1152%2C1536&amp;ssl=1 1152w, https:\/\/i0.wp.com\/pierrebarros.fr\/wp-content\/uploads\/2024\/05\/2-17.jpg?w=1536&amp;ssl=1 1536w\" sizes=\"(max-width: 768px) 100vw, 768px\" \/><\/figure>\n\n\n\n<figure class=\"wp-block-image size-large\"><img data-recalc-dims=\"1\" loading=\"lazy\" decoding=\"async\" width=\"1024\" height=\"768\" data-id=\"1309\" src=\"https:\/\/i0.wp.com\/pierrebarros.fr\/wp-content\/uploads\/2024\/05\/1-16.jpg?resize=1024%2C768&#038;ssl=1\" alt=\"\" class=\"wp-image-1309\" srcset=\"https:\/\/i0.wp.com\/pierrebarros.fr\/wp-content\/uploads\/2024\/05\/1-16.jpg?resize=1024%2C768&amp;ssl=1 1024w, https:\/\/i0.wp.com\/pierrebarros.fr\/wp-content\/uploads\/2024\/05\/1-16.jpg?resize=300%2C225&amp;ssl=1 300w, https:\/\/i0.wp.com\/pierrebarros.fr\/wp-content\/uploads\/2024\/05\/1-16.jpg?resize=768%2C576&amp;ssl=1 768w, https:\/\/i0.wp.com\/pierrebarros.fr\/wp-content\/uploads\/2024\/05\/1-16.jpg?resize=1536%2C1152&amp;ssl=1 1536w, https:\/\/i0.wp.com\/pierrebarros.fr\/wp-content\/uploads\/2024\/05\/1-16.jpg?w=2048&amp;ssl=1 2048w\" sizes=\"(max-width: 1000px) 100vw, 1000px\" \/><\/figure>\n<\/figure>\n","protected":false},"excerpt":{"rendered":"<p>Les effets de la D\u00e9l\u00e9gation de Service Public des transports en commun sont ravageurs : &#8211; D\u00e9sorganisations et d\u00e9gradations des [&hellip;]<\/p>\n","protected":false},"author":4,"featured_media":1314,"comment_status":"closed","ping_status":"closed","sticky":false,"template":"","format":"standard","meta":{"site-sidebar-layout":"default","site-content-layout":"","ast-site-content-layout":"default","site-content-style":"default","site-sidebar-style":"default","ast-global-header-display":"","ast-banner-title-visibility":"","ast-main-header-display":"","ast-hfb-above-header-display":"","ast-hfb-below-header-display":"","ast-hfb-mobile-header-display":"","site-post-title":"","ast-breadcrumbs-content":"","ast-featured-img":"","footer-sml-layout":"","ast-disable-related-posts":"","theme-transparent-header-meta":"","adv-header-id-meta":"","stick-header-meta":"","header-above-stick-meta":"","header-main-stick-meta":"","header-below-stick-meta":"","astra-migrate-meta-layouts":"default","ast-page-background-enabled":"default","ast-page-background-meta":{"desktop":{"background-color":"var(--ast-global-color-4)","background-image":"","background-repeat":"repeat","background-position":"center center","background-size":"auto","background-attachment":"scroll","background-type":"","background-media":"","overlay-type":"","overlay-color":"","overlay-opacity":"","overlay-gradient":""},"tablet":{"background-color":"","background-image":"","background-repeat":"repeat","background-position":"center center","background-size":"auto","background-attachment":"scroll","background-type":"","background-media":"","overlay-type":"","overlay-color":"","overlay-opacity":"","overlay-gradient":""},"mobile":{"background-color":"","background-image":"","background-repeat":"repeat","background-position":"center center","background-size":"auto","background-attachment":"scroll","background-type":"","background-media":"","overlay-type":"","overlay-color":"","overlay-opacity":"","overlay-gradient":""}},"ast-content-background-meta":{"desktop":{"background-color":"var(--ast-global-color-5)","background-image":"","background-repeat":"repeat","background-position":"center center","background-size":"auto","background-attachment":"scroll","background-type":"","background-media":"","overlay-type":"","overlay-color":"","overlay-opacity":"","overlay-gradient":""},"tablet":{"background-color":"var(--ast-global-color-5)","background-image":"","background-repeat":"repeat","background-position":"center center","background-size":"auto","background-attachment":"scroll","background-type":"","background-media":"","overlay-type":"","overlay-color":"","overlay-opacity":"","overlay-gradient":""},"mobile":{"background-color":"var(--ast-global-color-5)","background-image":"","background-repeat":"repeat","background-position":"center center","background-size":"auto","background-attachment":"scroll","background-type":"","background-media":"","overlay-type":"","overlay-color":"","overlay-opacity":"","overlay-gradient":""}},"_jetpack_memberships_contains_paid_content":false,"footnotes":""},"categories":[24],"tags":[],"class_list":["post-1308","post","type-post","status-publish","format-standard","has-post-thumbnail","hentry","category-en-val-doise"],"yoast_head":"<!-- This site is optimized with the Yoast SEO plugin v27.5 - https:\/\/yoast.com\/product\/yoast-seo-wordpress\/ -->\n<title>Soutien \u00e0 la gr\u00e8ve des salari\u00e9s du d\u00e9p\u00f4t de bus de K\u00e9olis (KABS) d\u2019Argenteuil et de Montesson. -<\/title>\n<meta name=\"robots\" content=\"index, follow, max-snippet:-1, max-image-preview:large, max-video-preview:-1\" \/>\n<link rel=\"canonical\" href=\"https:\/\/pierrebarros.fr\/index.php\/2024\/04\/26\/soutien-a-la-greve-des-salaries-du-depot-de-bus-de-keolis-kabs-dargenteuil-et-de-montesson\/\" \/>\n<meta property=\"og:locale\" content=\"fr_FR\" \/>\n<meta property=\"og:type\" content=\"article\" \/>\n<meta property=\"og:title\" content=\"Soutien \u00e0 la gr\u00e8ve des salari\u00e9s du d\u00e9p\u00f4t de bus de K\u00e9olis (KABS) d\u2019Argenteuil et de Montesson. -\" \/>\n<meta property=\"og:description\" content=\"Les effets de la D\u00e9l\u00e9gation de Service Public des transports en commun sont ravageurs : &#8211; D\u00e9sorganisations et d\u00e9gradations des [&hellip;]\" \/>\n<meta property=\"og:url\" content=\"https:\/\/pierrebarros.fr\/index.php\/2024\/04\/26\/soutien-a-la-greve-des-salaries-du-depot-de-bus-de-keolis-kabs-dargenteuil-et-de-montesson\/\" \/>\n<meta property=\"article:published_time\" content=\"2024-04-26T10:12:00+00:00\" \/>\n<meta property=\"article:modified_time\" content=\"2024-05-16T10:17:47+00:00\" \/>\n<meta property=\"og:image\" content=\"https:\/\/pierrebarros.fr\/wp-content\/uploads\/2024\/05\/6-9.jpg\" \/>\n\t<meta property=\"og:image:width\" content=\"2048\" \/>\n\t<meta property=\"og:image:height\" content=\"1536\" \/>\n\t<meta property=\"og:image:type\" content=\"image\/jpeg\" \/>\n<meta name=\"author\" content=\"Stephanie\" \/>\n<meta name=\"twitter:card\" content=\"summary_large_image\" \/>\n<meta name=\"twitter:label1\" content=\"\u00c9crit par\" \/>\n\t<meta name=\"twitter:data1\" content=\"Stephanie\" \/>\n\t<meta name=\"twitter:label2\" content=\"Dur\u00e9e de lecture estim\u00e9e\" \/>\n\t<meta name=\"twitter:data2\" content=\"4 minutes\" \/>\n<script type=\"application\/ld+json\" class=\"yoast-schema-graph\">{\"@context\":\"https:\\\/\\\/schema.org\",\"@graph\":[{\"@type\":\"Article\",\"@id\":\"https:\\\/\\\/pierrebarros.fr\\\/index.php\\\/2024\\\/04\\\/26\\\/soutien-a-la-greve-des-salaries-du-depot-de-bus-de-keolis-kabs-dargenteuil-et-de-montesson\\\/#article\",\"isPartOf\":{\"@id\":\"https:\\\/\\\/pierrebarros.fr\\\/index.php\\\/2024\\\/04\\\/26\\\/soutien-a-la-greve-des-salaries-du-depot-de-bus-de-keolis-kabs-dargenteuil-et-de-montesson\\\/\"},\"author\":{\"name\":\"Stephanie\",\"@id\":\"https:\\\/\\\/pierrebarros.fr\\\/#\\\/schema\\\/person\\\/0669a80d309c762d2a40d3ae7accec5b\"},\"headline\":\"Soutien \u00e0 la gr\u00e8ve des salari\u00e9s du d\u00e9p\u00f4t de bus de K\u00e9olis (KABS) d\u2019Argenteuil et de Montesson.\",\"datePublished\":\"2024-04-26T10:12:00+00:00\",\"dateModified\":\"2024-05-16T10:17:47+00:00\",\"mainEntityOfPage\":{\"@id\":\"https:\\\/\\\/pierrebarros.fr\\\/index.php\\\/2024\\\/04\\\/26\\\/soutien-a-la-greve-des-salaries-du-depot-de-bus-de-keolis-kabs-dargenteuil-et-de-montesson\\\/\"},\"wordCount\":167,\"image\":{\"@id\":\"https:\\\/\\\/pierrebarros.fr\\\/index.php\\\/2024\\\/04\\\/26\\\/soutien-a-la-greve-des-salaries-du-depot-de-bus-de-keolis-kabs-dargenteuil-et-de-montesson\\\/#primaryimage\"},\"thumbnailUrl\":\"https:\\\/\\\/i0.wp.com\\\/pierrebarros.fr\\\/wp-content\\\/uploads\\\/2024\\\/05\\\/6-9.jpg?fit=2048%2C1536&ssl=1\",\"articleSection\":[\"En Val d'Oise\"],\"inLanguage\":\"fr-FR\"},{\"@type\":\"WebPage\",\"@id\":\"https:\\\/\\\/pierrebarros.fr\\\/index.php\\\/2024\\\/04\\\/26\\\/soutien-a-la-greve-des-salaries-du-depot-de-bus-de-keolis-kabs-dargenteuil-et-de-montesson\\\/\",\"url\":\"https:\\\/\\\/pierrebarros.fr\\\/index.php\\\/2024\\\/04\\\/26\\\/soutien-a-la-greve-des-salaries-du-depot-de-bus-de-keolis-kabs-dargenteuil-et-de-montesson\\\/\",\"name\":\"Soutien \u00e0 la gr\u00e8ve des salari\u00e9s du d\u00e9p\u00f4t de bus de K\u00e9olis (KABS) d\u2019Argenteuil et de Montesson. -\",\"isPartOf\":{\"@id\":\"https:\\\/\\\/pierrebarros.fr\\\/#website\"},\"primaryImageOfPage\":{\"@id\":\"https:\\\/\\\/pierrebarros.fr\\\/index.php\\\/2024\\\/04\\\/26\\\/soutien-a-la-greve-des-salaries-du-depot-de-bus-de-keolis-kabs-dargenteuil-et-de-montesson\\\/#primaryimage\"},\"image\":{\"@id\":\"https:\\\/\\\/pierrebarros.fr\\\/index.php\\\/2024\\\/04\\\/26\\\/soutien-a-la-greve-des-salaries-du-depot-de-bus-de-keolis-kabs-dargenteuil-et-de-montesson\\\/#primaryimage\"},\"thumbnailUrl\":\"https:\\\/\\\/i0.wp.com\\\/pierrebarros.fr\\\/wp-content\\\/uploads\\\/2024\\\/05\\\/6-9.jpg?fit=2048%2C1536&ssl=1\",\"datePublished\":\"2024-04-26T10:12:00+00:00\",\"dateModified\":\"2024-05-16T10:17:47+00:00\",\"author\":{\"@id\":\"https:\\\/\\\/pierrebarros.fr\\\/#\\\/schema\\\/person\\\/0669a80d309c762d2a40d3ae7accec5b\"},\"breadcrumb\":{\"@id\":\"https:\\\/\\\/pierrebarros.fr\\\/index.php\\\/2024\\\/04\\\/26\\\/soutien-a-la-greve-des-salaries-du-depot-de-bus-de-keolis-kabs-dargenteuil-et-de-montesson\\\/#breadcrumb\"},\"inLanguage\":\"fr-FR\",\"potentialAction\":[{\"@type\":\"ReadAction\",\"target\":[\"https:\\\/\\\/pierrebarros.fr\\\/index.php\\\/2024\\\/04\\\/26\\\/soutien-a-la-greve-des-salaries-du-depot-de-bus-de-keolis-kabs-dargenteuil-et-de-montesson\\\/\"]}]},{\"@type\":\"ImageObject\",\"inLanguage\":\"fr-FR\",\"@id\":\"https:\\\/\\\/pierrebarros.fr\\\/index.php\\\/2024\\\/04\\\/26\\\/soutien-a-la-greve-des-salaries-du-depot-de-bus-de-keolis-kabs-dargenteuil-et-de-montesson\\\/#primaryimage\",\"url\":\"https:\\\/\\\/i0.wp.com\\\/pierrebarros.fr\\\/wp-content\\\/uploads\\\/2024\\\/05\\\/6-9.jpg?fit=2048%2C1536&ssl=1\",\"contentUrl\":\"https:\\\/\\\/i0.wp.com\\\/pierrebarros.fr\\\/wp-content\\\/uploads\\\/2024\\\/05\\\/6-9.jpg?fit=2048%2C1536&ssl=1\",\"width\":2048,\"height\":1536},{\"@type\":\"BreadcrumbList\",\"@id\":\"https:\\\/\\\/pierrebarros.fr\\\/index.php\\\/2024\\\/04\\\/26\\\/soutien-a-la-greve-des-salaries-du-depot-de-bus-de-keolis-kabs-dargenteuil-et-de-montesson\\\/#breadcrumb\",\"itemListElement\":[{\"@type\":\"ListItem\",\"position\":1,\"name\":\"Accueil\",\"item\":\"https:\\\/\\\/pierrebarros.fr\\\/\"},{\"@type\":\"ListItem\",\"position\":2,\"name\":\"Soutien \u00e0 la gr\u00e8ve des salari\u00e9s du d\u00e9p\u00f4t de bus de K\u00e9olis (KABS) d\u2019Argenteuil et de Montesson.\"}]},{\"@type\":\"WebSite\",\"@id\":\"https:\\\/\\\/pierrebarros.fr\\\/#website\",\"url\":\"https:\\\/\\\/pierrebarros.fr\\\/\",\"name\":\"\",\"description\":\"S\u00e9nateur du Val-d&#039;Oise\",\"potentialAction\":[{\"@type\":\"SearchAction\",\"target\":{\"@type\":\"EntryPoint\",\"urlTemplate\":\"https:\\\/\\\/pierrebarros.fr\\\/?s={search_term_string}\"},\"query-input\":{\"@type\":\"PropertyValueSpecification\",\"valueRequired\":true,\"valueName\":\"search_term_string\"}}],\"inLanguage\":\"fr-FR\"},{\"@type\":\"Person\",\"@id\":\"https:\\\/\\\/pierrebarros.fr\\\/#\\\/schema\\\/person\\\/0669a80d309c762d2a40d3ae7accec5b\",\"name\":\"Stephanie\",\"url\":\"https:\\\/\\\/pierrebarros.fr\\\/index.php\\\/author\\\/stephanie\\\/\"}]}<\/script>\n<!-- \/ Yoast SEO plugin. -->","yoast_head_json":{"title":"Soutien \u00e0 la gr\u00e8ve des salari\u00e9s du d\u00e9p\u00f4t de bus de K\u00e9olis (KABS) d\u2019Argenteuil et de Montesson. -","robots":{"index":"index","follow":"follow","max-snippet":"max-snippet:-1","max-image-preview":"max-image-preview:large","max-video-preview":"max-video-preview:-1"},"canonical":"https:\/\/pierrebarros.fr\/index.php\/2024\/04\/26\/soutien-a-la-greve-des-salaries-du-depot-de-bus-de-keolis-kabs-dargenteuil-et-de-montesson\/","og_locale":"fr_FR","og_type":"article","og_title":"Soutien \u00e0 la gr\u00e8ve des salari\u00e9s du d\u00e9p\u00f4t de bus de K\u00e9olis (KABS) d\u2019Argenteuil et de Montesson. -","og_description":"Les effets de la D\u00e9l\u00e9gation de Service Public des transports en commun sont ravageurs : &#8211; D\u00e9sorganisations et d\u00e9gradations des [&hellip;]","og_url":"https:\/\/pierrebarros.fr\/index.php\/2024\/04\/26\/soutien-a-la-greve-des-salaries-du-depot-de-bus-de-keolis-kabs-dargenteuil-et-de-montesson\/","article_published_time":"2024-04-26T10:12:00+00:00","article_modified_time":"2024-05-16T10:17:47+00:00","og_image":[{"width":2048,"height":1536,"url":"https:\/\/pierrebarros.fr\/wp-content\/uploads\/2024\/05\/6-9.jpg","type":"image\/jpeg"}],"author":"Stephanie","twitter_card":"summary_large_image","twitter_misc":{"\u00c9crit par":"Stephanie","Dur\u00e9e de lecture estim\u00e9e":"4 minutes"},"schema":{"@context":"https:\/\/schema.org","@graph":[{"@type":"Article","@id":"https:\/\/pierrebarros.fr\/index.php\/2024\/04\/26\/soutien-a-la-greve-des-salaries-du-depot-de-bus-de-keolis-kabs-dargenteuil-et-de-montesson\/#article","isPartOf":{"@id":"https:\/\/pierrebarros.fr\/index.php\/2024\/04\/26\/soutien-a-la-greve-des-salaries-du-depot-de-bus-de-keolis-kabs-dargenteuil-et-de-montesson\/"},"author":{"name":"Stephanie","@id":"https:\/\/pierrebarros.fr\/#\/schema\/person\/0669a80d309c762d2a40d3ae7accec5b"},"headline":"Soutien \u00e0 la gr\u00e8ve des salari\u00e9s du d\u00e9p\u00f4t de bus de K\u00e9olis (KABS) d\u2019Argenteuil et de Montesson.","datePublished":"2024-04-26T10:12:00+00:00","dateModified":"2024-05-16T10:17:47+00:00","mainEntityOfPage":{"@id":"https:\/\/pierrebarros.fr\/index.php\/2024\/04\/26\/soutien-a-la-greve-des-salaries-du-depot-de-bus-de-keolis-kabs-dargenteuil-et-de-montesson\/"},"wordCount":167,"image":{"@id":"https:\/\/pierrebarros.fr\/index.php\/2024\/04\/26\/soutien-a-la-greve-des-salaries-du-depot-de-bus-de-keolis-kabs-dargenteuil-et-de-montesson\/#primaryimage"},"thumbnailUrl":"https:\/\/i0.wp.com\/pierrebarros.fr\/wp-content\/uploads\/2024\/05\/6-9.jpg?fit=2048%2C1536&ssl=1","articleSection":["En Val d'Oise"],"inLanguage":"fr-FR"},{"@type":"WebPage","@id":"https:\/\/pierrebarros.fr\/index.php\/2024\/04\/26\/soutien-a-la-greve-des-salaries-du-depot-de-bus-de-keolis-kabs-dargenteuil-et-de-montesson\/","url":"https:\/\/pierrebarros.fr\/index.php\/2024\/04\/26\/soutien-a-la-greve-des-salaries-du-depot-de-bus-de-keolis-kabs-dargenteuil-et-de-montesson\/","name":"Soutien \u00e0 la gr\u00e8ve des salari\u00e9s du d\u00e9p\u00f4t de bus de K\u00e9olis (KABS) d\u2019Argenteuil et de Montesson. -","isPartOf":{"@id":"https:\/\/pierrebarros.fr\/#website"},"primaryImageOfPage":{"@id":"https:\/\/pierrebarros.fr\/index.php\/2024\/04\/26\/soutien-a-la-greve-des-salaries-du-depot-de-bus-de-keolis-kabs-dargenteuil-et-de-montesson\/#primaryimage"},"image":{"@id":"https:\/\/pierrebarros.fr\/index.php\/2024\/04\/26\/soutien-a-la-greve-des-salaries-du-depot-de-bus-de-keolis-kabs-dargenteuil-et-de-montesson\/#primaryimage"},"thumbnailUrl":"https:\/\/i0.wp.com\/pierrebarros.fr\/wp-content\/uploads\/2024\/05\/6-9.jpg?fit=2048%2C1536&ssl=1","datePublished":"2024-04-26T10:12:00+00:00","dateModified":"2024-05-16T10:17:47+00:00","author":{"@id":"https:\/\/pierrebarros.fr\/#\/schema\/person\/0669a80d309c762d2a40d3ae7accec5b"},"breadcrumb":{"@id":"https:\/\/pierrebarros.fr\/index.php\/2024\/04\/26\/soutien-a-la-greve-des-salaries-du-depot-de-bus-de-keolis-kabs-dargenteuil-et-de-montesson\/#breadcrumb"},"inLanguage":"fr-FR","potentialAction":[{"@type":"ReadAction","target":["https:\/\/pierrebarros.fr\/index.php\/2024\/04\/26\/soutien-a-la-greve-des-salaries-du-depot-de-bus-de-keolis-kabs-dargenteuil-et-de-montesson\/"]}]},{"@type":"ImageObject","inLanguage":"fr-FR","@id":"https:\/\/pierrebarros.fr\/index.php\/2024\/04\/26\/soutien-a-la-greve-des-salaries-du-depot-de-bus-de-keolis-kabs-dargenteuil-et-de-montesson\/#primaryimage","url":"https:\/\/i0.wp.com\/pierrebarros.fr\/wp-content\/uploads\/2024\/05\/6-9.jpg?fit=2048%2C1536&ssl=1","contentUrl":"https:\/\/i0.wp.com\/pierrebarros.fr\/wp-content\/uploads\/2024\/05\/6-9.jpg?fit=2048%2C1536&ssl=1","width":2048,"height":1536},{"@type":"BreadcrumbList","@id":"https:\/\/pierrebarros.fr\/index.php\/2024\/04\/26\/soutien-a-la-greve-des-salaries-du-depot-de-bus-de-keolis-kabs-dargenteuil-et-de-montesson\/#breadcrumb","itemListElement":[{"@type":"ListItem","position":1,"name":"Accueil","item":"https:\/\/pierrebarros.fr\/"},{"@type":"ListItem","position":2,"name":"Soutien \u00e0 la gr\u00e8ve des salari\u00e9s du d\u00e9p\u00f4t de bus de K\u00e9olis (KABS) d\u2019Argenteuil et de Montesson."}]},{"@type":"WebSite","@id":"https:\/\/pierrebarros.fr\/#website","url":"https:\/\/pierrebarros.fr\/","name":"","description":"S\u00e9nateur du Val-d&#039;Oise","potentialAction":[{"@type":"SearchAction","target":{"@type":"EntryPoint","urlTemplate":"https:\/\/pierrebarros.fr\/?s={search_term_string}"},"query-input":{"@type":"PropertyValueSpecification","valueRequired":true,"valueName":"search_term_string"}}],"inLanguage":"fr-FR"},{"@type":"Person","@id":"https:\/\/pierrebarros.fr\/#\/schema\/person\/0669a80d309c762d2a40d3ae7accec5b","name":"Stephanie","url":"https:\/\/pierrebarros.fr\/index.php\/author\/stephanie\/"}]}},"jetpack_featured_media_url":"https:\/\/i0.wp.com\/pierrebarros.fr\/wp-content\/uploads\/2024\/05\/6-9.jpg?fit=2048%2C1536&ssl=1","jetpack-related-posts":[],"jetpack_sharing_enabled":true,"_links":{"self":[{"href":"https:\/\/pierrebarros.fr\/index.php\/wp-json\/wp\/v2\/posts\/1308","targetHints":{"allow":["GET"]}}],"collection":[{"href":"https:\/\/pierrebarros.fr\/index.php\/wp-json\/wp\/v2\/posts"}],"about":[{"href":"https:\/\/pierrebarros.fr\/index.php\/wp-json\/wp\/v2\/types\/post"}],"author":[{"embeddable":true,"href":"https:\/\/pierrebarros.fr\/index.php\/wp-json\/wp\/v2\/users\/4"}],"replies":[{"embeddable":true,"href":"https:\/\/pierrebarros.fr\/index.php\/wp-json\/wp\/v2\/comments?post=1308"}],"version-history":[{"count":0,"href":"https:\/\/pierrebarros.fr\/index.php\/wp-json\/wp\/v2\/posts\/1308\/revisions"}],"wp:featuredmedia":[{"embeddable":true,"href":"https:\/\/pierrebarros.fr\/index.php\/wp-json\/wp\/v2\/media\/1314"}],"wp:attachment":[{"href":"https:\/\/pierrebarros.fr\/index.php\/wp-json\/wp\/v2\/media?parent=1308"}],"wp:term":[{"taxonomy":"category","embeddable":true,"href":"https:\/\/pierrebarros.fr\/index.php\/wp-json\/wp\/v2\/categories?post=1308"},{"taxonomy":"post_tag","embeddable":true,"href":"https:\/\/pierrebarros.fr\/index.php\/wp-json\/wp\/v2\/tags?post=1308"}],"curies":[{"name":"wp","href":"https:\/\/api.w.org\/{rel}","templated":true}]}}