{"id":1299,"date":"2024-04-19T12:02:00","date_gmt":"2024-04-19T10:02:00","guid":{"rendered":"https:\/\/pierrebarros.fr\/?p=1299"},"modified":"2024-05-16T12:05:07","modified_gmt":"2024-05-16T10:05:07","slug":"visite-officielle-de-madame-la-ministre-de-la-culture-rachida-dati-a-saint-witz","status":"publish","type":"post","link":"https:\/\/pierrebarros.fr\/index.php\/2024\/04\/19\/visite-officielle-de-madame-la-ministre-de-la-culture-rachida-dati-a-saint-witz\/","title":{"rendered":"Visite officielle de Madame la Ministre de la Culture, Rachida Dati, \u00e0 Saint-Witz"},"content":{"rendered":"\n<p><img decoding=\"async\" height=\"16\" width=\"16\" src=\"https:\/\/static.xx.fbcdn.net\/images\/emoji.php\/v9\/t2d\/1\/16\/1f4cd.png\" alt=\"\ud83d\udccd\">J\u2019\u00e9tais pr\u00e9sent le 19 avril 2024 lors de la visite officielle de Madame <a href=\"https:\/\/www.facebook.com\/RachidaDati.RD?__cft__[0]=AZUJv0rsW_Mn46d695OwRdsRR39P0I5zwLBqsCYj2DtW6tdpE2LGV5jyVQwDGGQkjb1yFQXMrDcZaJ-hCINEN9JbXMVtjvdAyxGxDSHzmfb8f3aw5iwbK33Y295VfjpFpgPdUPmpnJ6DmN9PFHFVnTxIC7v9h3_qByzkycyJtpk4gAO_aeVv-W0evWLTUKBreYzNUEdB52AxeEPaHpweEwRg&amp;__tn__=-]K-R\">Rachida Dati<\/a> Ministre de la Culture, en <a href=\"https:\/\/www.facebook.com\/hashtag\/valdoise?__eep__=6&amp;__cft__[0]=AZUJv0rsW_Mn46d695OwRdsRR39P0I5zwLBqsCYj2DtW6tdpE2LGV5jyVQwDGGQkjb1yFQXMrDcZaJ-hCINEN9JbXMVtjvdAyxGxDSHzmfb8f3aw5iwbK33Y295VfjpFpgPdUPmpnJ6DmN9PFHFVnTxIC7v9h3_qByzkycyJtpk4gAO_aeVv-W0evWLTUKBreYzNUEdB52AxeEPaHpweEwRg&amp;__tn__=*NK-R\">#valdoise<\/a>.<\/p>\n\n\n\n<p><img decoding=\"async\" height=\"16\" width=\"16\" alt=\"\u26ea\ufe0f\" src=\"https:\/\/static.xx.fbcdn.net\/images\/emoji.php\/v9\/t9\/1\/16\/26ea.png\">L\u2019occasion de d\u00e9couvrir les vestiges des fouilles du jub\u00e9 (tribune qui s\u00e9pare le ch\u0153ur de la nef) de la cath\u00e9drale Notre-Dame de Paris.<\/p>\n\n\n\n<p><img decoding=\"async\" height=\"16\" width=\"16\" alt=\"\ud83c\udfd7\" src=\"https:\/\/static.xx.fbcdn.net\/images\/emoji.php\/v9\/tde\/1\/16\/1f3d7.png\"> Une d\u00e9couverte exceptionnelle r\u00e9v\u00e9l\u00e9e par les arch\u00e9ologues de l&rsquo;INRAP lors des travaux de reconstruction de la cath\u00e9drale suite \u00e0 son incendie.<\/p>\n\n\n\n<p><img loading=\"lazy\" decoding=\"async\" height=\"16\" width=\"16\" alt=\"\u2757\ufe0f\" src=\"https:\/\/static.xx.fbcdn.net\/images\/emoji.php\/v9\/t50\/1\/16\/2757.png\">Le <a><\/a>patrimoine de nos villes et de nos villages m\u00e9rite aussi l\u2019attention du Minist\u00e8re de la Culture. Le budget n\u00e9cessaire aux r\u00e9parations de ce patrimoine est colossal et les \u00e9lus sont souvent d\u00e9munis pour faire face \u00e0 leurs obligations de pr\u00e9servation de ce patrimoine lui aussi remarquable.<\/p>\n\n\n\n<p><img loading=\"lazy\" decoding=\"async\" height=\"16\" width=\"16\" alt=\"\u27a1\ufe0f\" src=\"https:\/\/static.xx.fbcdn.net\/images\/emoji.php\/v9\/t9e\/1\/16\/27a1.png\">Avec les \u00e9lus pr\u00e9sents, nous avons rappel\u00e9 \u00e0 Madame la Ministre cette situation qui n\u00e9cessite son soutien et celui de l\u2019Etat.<\/p>\n\n\n\n<figure class=\"wp-block-gallery has-nested-images columns-default is-cropped wp-block-gallery-1 is-layout-flex wp-block-gallery-is-layout-flex\">\n<figure class=\"wp-block-image size-large\"><img data-recalc-dims=\"1\" loading=\"lazy\" decoding=\"async\" width=\"768\" height=\"1024\" data-id=\"1173\" src=\"https:\/\/i0.wp.com\/pierrebarros.fr\/wp-content\/uploads\/2024\/05\/6-2.jpg?resize=768%2C1024&#038;ssl=1\" alt=\"\" class=\"wp-image-1173\" srcset=\"https:\/\/i0.wp.com\/pierrebarros.fr\/wp-content\/uploads\/2024\/05\/6-2.jpg?resize=768%2C1024&amp;ssl=1 768w, https:\/\/i0.wp.com\/pierrebarros.fr\/wp-content\/uploads\/2024\/05\/6-2.jpg?resize=225%2C300&amp;ssl=1 225w, https:\/\/i0.wp.com\/pierrebarros.fr\/wp-content\/uploads\/2024\/05\/6-2.jpg?resize=1152%2C1536&amp;ssl=1 1152w, https:\/\/i0.wp.com\/pierrebarros.fr\/wp-content\/uploads\/2024\/05\/6-2.jpg?w=1200&amp;ssl=1 1200w\" sizes=\"(max-width: 768px) 100vw, 768px\" \/><\/figure>\n\n\n\n<figure class=\"wp-block-image size-large\"><img data-recalc-dims=\"1\" loading=\"lazy\" decoding=\"async\" width=\"768\" height=\"1024\" data-id=\"1172\" src=\"https:\/\/i0.wp.com\/pierrebarros.fr\/wp-content\/uploads\/2024\/05\/5-2.jpg?resize=768%2C1024&#038;ssl=1\" alt=\"\" class=\"wp-image-1172\" srcset=\"https:\/\/i0.wp.com\/pierrebarros.fr\/wp-content\/uploads\/2024\/05\/5-2.jpg?resize=768%2C1024&amp;ssl=1 768w, https:\/\/i0.wp.com\/pierrebarros.fr\/wp-content\/uploads\/2024\/05\/5-2.jpg?resize=225%2C300&amp;ssl=1 225w, https:\/\/i0.wp.com\/pierrebarros.fr\/wp-content\/uploads\/2024\/05\/5-2.jpg?resize=1152%2C1536&amp;ssl=1 1152w, https:\/\/i0.wp.com\/pierrebarros.fr\/wp-content\/uploads\/2024\/05\/5-2.jpg?w=1200&amp;ssl=1 1200w\" sizes=\"(max-width: 768px) 100vw, 768px\" \/><\/figure>\n\n\n\n<figure class=\"wp-block-image size-large\"><img data-recalc-dims=\"1\" loading=\"lazy\" decoding=\"async\" width=\"768\" height=\"1024\" data-id=\"1171\" src=\"https:\/\/i0.wp.com\/pierrebarros.fr\/wp-content\/uploads\/2024\/05\/4-4.jpg?resize=768%2C1024&#038;ssl=1\" alt=\"\" class=\"wp-image-1171\" srcset=\"https:\/\/i0.wp.com\/pierrebarros.fr\/wp-content\/uploads\/2024\/05\/4-4.jpg?resize=768%2C1024&amp;ssl=1 768w, https:\/\/i0.wp.com\/pierrebarros.fr\/wp-content\/uploads\/2024\/05\/4-4.jpg?resize=225%2C300&amp;ssl=1 225w, https:\/\/i0.wp.com\/pierrebarros.fr\/wp-content\/uploads\/2024\/05\/4-4.jpg?resize=1152%2C1536&amp;ssl=1 1152w, https:\/\/i0.wp.com\/pierrebarros.fr\/wp-content\/uploads\/2024\/05\/4-4.jpg?w=1200&amp;ssl=1 1200w\" sizes=\"(max-width: 768px) 100vw, 768px\" \/><\/figure>\n\n\n\n<figure class=\"wp-block-image size-large\"><img data-recalc-dims=\"1\" loading=\"lazy\" decoding=\"async\" width=\"768\" height=\"1024\" data-id=\"1170\" src=\"https:\/\/i0.wp.com\/pierrebarros.fr\/wp-content\/uploads\/2024\/05\/3-4.jpg?resize=768%2C1024&#038;ssl=1\" alt=\"\" class=\"wp-image-1170\" srcset=\"https:\/\/i0.wp.com\/pierrebarros.fr\/wp-content\/uploads\/2024\/05\/3-4.jpg?resize=768%2C1024&amp;ssl=1 768w, https:\/\/i0.wp.com\/pierrebarros.fr\/wp-content\/uploads\/2024\/05\/3-4.jpg?resize=225%2C300&amp;ssl=1 225w, https:\/\/i0.wp.com\/pierrebarros.fr\/wp-content\/uploads\/2024\/05\/3-4.jpg?resize=1152%2C1536&amp;ssl=1 1152w, https:\/\/i0.wp.com\/pierrebarros.fr\/wp-content\/uploads\/2024\/05\/3-4.jpg?w=1200&amp;ssl=1 1200w\" sizes=\"(max-width: 768px) 100vw, 768px\" \/><\/figure>\n\n\n\n<figure class=\"wp-block-image size-large\"><img data-recalc-dims=\"1\" loading=\"lazy\" decoding=\"async\" width=\"768\" height=\"1024\" data-id=\"1169\" src=\"https:\/\/i0.wp.com\/pierrebarros.fr\/wp-content\/uploads\/2024\/05\/2-6.jpg?resize=768%2C1024&#038;ssl=1\" alt=\"\" class=\"wp-image-1169\" srcset=\"https:\/\/i0.wp.com\/pierrebarros.fr\/wp-content\/uploads\/2024\/05\/2-6.jpg?resize=768%2C1024&amp;ssl=1 768w, https:\/\/i0.wp.com\/pierrebarros.fr\/wp-content\/uploads\/2024\/05\/2-6.jpg?resize=225%2C300&amp;ssl=1 225w, https:\/\/i0.wp.com\/pierrebarros.fr\/wp-content\/uploads\/2024\/05\/2-6.jpg?resize=1152%2C1536&amp;ssl=1 1152w, https:\/\/i0.wp.com\/pierrebarros.fr\/wp-content\/uploads\/2024\/05\/2-6.jpg?w=1200&amp;ssl=1 1200w\" sizes=\"(max-width: 768px) 100vw, 768px\" \/><\/figure>\n\n\n\n<figure class=\"wp-block-image size-large\"><img data-recalc-dims=\"1\" loading=\"lazy\" decoding=\"async\" width=\"768\" height=\"1024\" data-id=\"1168\" src=\"https:\/\/i0.wp.com\/pierrebarros.fr\/wp-content\/uploads\/2024\/05\/1-5.jpg?resize=768%2C1024&#038;ssl=1\" alt=\"\" class=\"wp-image-1168\" srcset=\"https:\/\/i0.wp.com\/pierrebarros.fr\/wp-content\/uploads\/2024\/05\/1-5.jpg?resize=768%2C1024&amp;ssl=1 768w, https:\/\/i0.wp.com\/pierrebarros.fr\/wp-content\/uploads\/2024\/05\/1-5.jpg?resize=225%2C300&amp;ssl=1 225w, https:\/\/i0.wp.com\/pierrebarros.fr\/wp-content\/uploads\/2024\/05\/1-5.jpg?resize=1152%2C1536&amp;ssl=1 1152w, https:\/\/i0.wp.com\/pierrebarros.fr\/wp-content\/uploads\/2024\/05\/1-5.jpg?w=1200&amp;ssl=1 1200w\" sizes=\"(max-width: 768px) 100vw, 768px\" \/><\/figure>\n\n\n\n<figure class=\"wp-block-image size-large\"><img data-recalc-dims=\"1\" loading=\"lazy\" decoding=\"async\" width=\"1024\" height=\"768\" data-id=\"1174\" src=\"https:\/\/i0.wp.com\/pierrebarros.fr\/wp-content\/uploads\/2024\/05\/7-3.jpg?resize=1024%2C768&#038;ssl=1\" alt=\"\" class=\"wp-image-1174\" srcset=\"https:\/\/i0.wp.com\/pierrebarros.fr\/wp-content\/uploads\/2024\/05\/7-3.jpg?resize=1024%2C768&amp;ssl=1 1024w, https:\/\/i0.wp.com\/pierrebarros.fr\/wp-content\/uploads\/2024\/05\/7-3.jpg?resize=300%2C225&amp;ssl=1 300w, https:\/\/i0.wp.com\/pierrebarros.fr\/wp-content\/uploads\/2024\/05\/7-3.jpg?resize=768%2C576&amp;ssl=1 768w, https:\/\/i0.wp.com\/pierrebarros.fr\/wp-content\/uploads\/2024\/05\/7-3.jpg?resize=1536%2C1152&amp;ssl=1 1536w, https:\/\/i0.wp.com\/pierrebarros.fr\/wp-content\/uploads\/2024\/05\/7-3.jpg?w=1600&amp;ssl=1 1600w\" sizes=\"(max-width: 1000px) 100vw, 1000px\" \/><\/figure>\n<\/figure>\n","protected":false},"excerpt":{"rendered":"<p>J\u2019\u00e9tais pr\u00e9sent le 19 avril 2024 lors de la visite officielle de Madame Rachida Dati Ministre de la Culture, en [&hellip;]<\/p>\n","protected":false},"author":4,"featured_media":1186,"comment_status":"closed","ping_status":"closed","sticky":false,"template":"","format":"standard","meta":{"site-sidebar-layout":"default","site-content-layout":"","ast-site-content-layout":"default","site-content-style":"default","site-sidebar-style":"default","ast-global-header-display":"","ast-banner-title-visibility":"","ast-main-header-display":"","ast-hfb-above-header-display":"","ast-hfb-below-header-display":"","ast-hfb-mobile-header-display":"","site-post-title":"","ast-breadcrumbs-content":"","ast-featured-img":"","footer-sml-layout":"","ast-disable-related-posts":"","theme-transparent-header-meta":"","adv-header-id-meta":"","stick-header-meta":"","header-above-stick-meta":"","header-main-stick-meta":"","header-below-stick-meta":"","astra-migrate-meta-layouts":"default","ast-page-background-enabled":"default","ast-page-background-meta":{"desktop":{"background-color":"var(--ast-global-color-4)","background-image":"","background-repeat":"repeat","background-position":"center center","background-size":"auto","background-attachment":"scroll","background-type":"","background-media":"","overlay-type":"","overlay-color":"","overlay-opacity":"","overlay-gradient":""},"tablet":{"background-color":"","background-image":"","background-repeat":"repeat","background-position":"center center","background-size":"auto","background-attachment":"scroll","background-type":"","background-media":"","overlay-type":"","overlay-color":"","overlay-opacity":"","overlay-gradient":""},"mobile":{"background-color":"","background-image":"","background-repeat":"repeat","background-position":"center center","background-size":"auto","background-attachment":"scroll","background-type":"","background-media":"","overlay-type":"","overlay-color":"","overlay-opacity":"","overlay-gradient":""}},"ast-content-background-meta":{"desktop":{"background-color":"var(--ast-global-color-5)","background-image":"","background-repeat":"repeat","background-position":"center center","background-size":"auto","background-attachment":"scroll","background-type":"","background-media":"","overlay-type":"","overlay-color":"","overlay-opacity":"","overlay-gradient":""},"tablet":{"background-color":"var(--ast-global-color-5)","background-image":"","background-repeat":"repeat","background-position":"center center","background-size":"auto","background-attachment":"scroll","background-type":"","background-media":"","overlay-type":"","overlay-color":"","overlay-opacity":"","overlay-gradient":""},"mobile":{"background-color":"var(--ast-global-color-5)","background-image":"","background-repeat":"repeat","background-position":"center center","background-size":"auto","background-attachment":"scroll","background-type":"","background-media":"","overlay-type":"","overlay-color":"","overlay-opacity":"","overlay-gradient":""}},"_jetpack_memberships_contains_paid_content":false,"footnotes":""},"categories":[24],"tags":[],"class_list":["post-1299","post","type-post","status-publish","format-standard","has-post-thumbnail","hentry","category-en-val-doise"],"yoast_head":"<!-- This site is optimized with the Yoast SEO plugin v27.5 - https:\/\/yoast.com\/product\/yoast-seo-wordpress\/ -->\n<title>Visite officielle de Madame la Ministre de la Culture, Rachida Dati, \u00e0 Saint-Witz -<\/title>\n<meta name=\"robots\" content=\"index, follow, max-snippet:-1, max-image-preview:large, max-video-preview:-1\" \/>\n<link rel=\"canonical\" href=\"https:\/\/pierrebarros.fr\/index.php\/2024\/04\/19\/visite-officielle-de-madame-la-ministre-de-la-culture-rachida-dati-a-saint-witz\/\" \/>\n<meta property=\"og:locale\" content=\"fr_FR\" \/>\n<meta property=\"og:type\" content=\"article\" \/>\n<meta property=\"og:title\" content=\"Visite officielle de Madame la Ministre de la Culture, Rachida Dati, \u00e0 Saint-Witz -\" \/>\n<meta property=\"og:description\" content=\"J\u2019\u00e9tais pr\u00e9sent le 19 avril 2024 lors de la visite officielle de Madame Rachida Dati Ministre de la Culture, en [&hellip;]\" \/>\n<meta property=\"og:url\" content=\"https:\/\/pierrebarros.fr\/index.php\/2024\/04\/19\/visite-officielle-de-madame-la-ministre-de-la-culture-rachida-dati-a-saint-witz\/\" \/>\n<meta property=\"article:published_time\" content=\"2024-04-19T10:02:00+00:00\" \/>\n<meta property=\"article:modified_time\" content=\"2024-05-16T10:05:07+00:00\" \/>\n<meta property=\"og:image\" content=\"https:\/\/pierrebarros.fr\/wp-content\/uploads\/2024\/05\/19-1.jpg\" \/>\n\t<meta property=\"og:image:width\" content=\"1828\" \/>\n\t<meta property=\"og:image:height\" content=\"1199\" \/>\n\t<meta property=\"og:image:type\" content=\"image\/jpeg\" \/>\n<meta name=\"author\" content=\"Stephanie\" \/>\n<meta name=\"twitter:card\" content=\"summary_large_image\" \/>\n<meta name=\"twitter:label1\" content=\"\u00c9crit par\" \/>\n\t<meta name=\"twitter:data1\" content=\"Stephanie\" \/>\n\t<meta name=\"twitter:label2\" content=\"Dur\u00e9e de lecture estim\u00e9e\" \/>\n\t<meta name=\"twitter:data2\" content=\"4 minutes\" \/>\n<script type=\"application\/ld+json\" class=\"yoast-schema-graph\">{\"@context\":\"https:\\\/\\\/schema.org\",\"@graph\":[{\"@type\":\"Article\",\"@id\":\"https:\\\/\\\/pierrebarros.fr\\\/index.php\\\/2024\\\/04\\\/19\\\/visite-officielle-de-madame-la-ministre-de-la-culture-rachida-dati-a-saint-witz\\\/#article\",\"isPartOf\":{\"@id\":\"https:\\\/\\\/pierrebarros.fr\\\/index.php\\\/2024\\\/04\\\/19\\\/visite-officielle-de-madame-la-ministre-de-la-culture-rachida-dati-a-saint-witz\\\/\"},\"author\":{\"name\":\"Stephanie\",\"@id\":\"https:\\\/\\\/pierrebarros.fr\\\/#\\\/schema\\\/person\\\/0669a80d309c762d2a40d3ae7accec5b\"},\"headline\":\"Visite officielle de Madame la Ministre de la Culture, Rachida Dati, \u00e0 Saint-Witz\",\"datePublished\":\"2024-04-19T10:02:00+00:00\",\"dateModified\":\"2024-05-16T10:05:07+00:00\",\"mainEntityOfPage\":{\"@id\":\"https:\\\/\\\/pierrebarros.fr\\\/index.php\\\/2024\\\/04\\\/19\\\/visite-officielle-de-madame-la-ministre-de-la-culture-rachida-dati-a-saint-witz\\\/\"},\"wordCount\":164,\"image\":{\"@id\":\"https:\\\/\\\/pierrebarros.fr\\\/index.php\\\/2024\\\/04\\\/19\\\/visite-officielle-de-madame-la-ministre-de-la-culture-rachida-dati-a-saint-witz\\\/#primaryimage\"},\"thumbnailUrl\":\"https:\\\/\\\/i0.wp.com\\\/pierrebarros.fr\\\/wp-content\\\/uploads\\\/2024\\\/05\\\/19-1.jpg?fit=1828%2C1199&ssl=1\",\"articleSection\":[\"En Val d'Oise\"],\"inLanguage\":\"fr-FR\"},{\"@type\":\"WebPage\",\"@id\":\"https:\\\/\\\/pierrebarros.fr\\\/index.php\\\/2024\\\/04\\\/19\\\/visite-officielle-de-madame-la-ministre-de-la-culture-rachida-dati-a-saint-witz\\\/\",\"url\":\"https:\\\/\\\/pierrebarros.fr\\\/index.php\\\/2024\\\/04\\\/19\\\/visite-officielle-de-madame-la-ministre-de-la-culture-rachida-dati-a-saint-witz\\\/\",\"name\":\"Visite officielle de Madame la Ministre de la Culture, Rachida Dati, \u00e0 Saint-Witz -\",\"isPartOf\":{\"@id\":\"https:\\\/\\\/pierrebarros.fr\\\/#website\"},\"primaryImageOfPage\":{\"@id\":\"https:\\\/\\\/pierrebarros.fr\\\/index.php\\\/2024\\\/04\\\/19\\\/visite-officielle-de-madame-la-ministre-de-la-culture-rachida-dati-a-saint-witz\\\/#primaryimage\"},\"image\":{\"@id\":\"https:\\\/\\\/pierrebarros.fr\\\/index.php\\\/2024\\\/04\\\/19\\\/visite-officielle-de-madame-la-ministre-de-la-culture-rachida-dati-a-saint-witz\\\/#primaryimage\"},\"thumbnailUrl\":\"https:\\\/\\\/i0.wp.com\\\/pierrebarros.fr\\\/wp-content\\\/uploads\\\/2024\\\/05\\\/19-1.jpg?fit=1828%2C1199&ssl=1\",\"datePublished\":\"2024-04-19T10:02:00+00:00\",\"dateModified\":\"2024-05-16T10:05:07+00:00\",\"author\":{\"@id\":\"https:\\\/\\\/pierrebarros.fr\\\/#\\\/schema\\\/person\\\/0669a80d309c762d2a40d3ae7accec5b\"},\"breadcrumb\":{\"@id\":\"https:\\\/\\\/pierrebarros.fr\\\/index.php\\\/2024\\\/04\\\/19\\\/visite-officielle-de-madame-la-ministre-de-la-culture-rachida-dati-a-saint-witz\\\/#breadcrumb\"},\"inLanguage\":\"fr-FR\",\"potentialAction\":[{\"@type\":\"ReadAction\",\"target\":[\"https:\\\/\\\/pierrebarros.fr\\\/index.php\\\/2024\\\/04\\\/19\\\/visite-officielle-de-madame-la-ministre-de-la-culture-rachida-dati-a-saint-witz\\\/\"]}]},{\"@type\":\"ImageObject\",\"inLanguage\":\"fr-FR\",\"@id\":\"https:\\\/\\\/pierrebarros.fr\\\/index.php\\\/2024\\\/04\\\/19\\\/visite-officielle-de-madame-la-ministre-de-la-culture-rachida-dati-a-saint-witz\\\/#primaryimage\",\"url\":\"https:\\\/\\\/i0.wp.com\\\/pierrebarros.fr\\\/wp-content\\\/uploads\\\/2024\\\/05\\\/19-1.jpg?fit=1828%2C1199&ssl=1\",\"contentUrl\":\"https:\\\/\\\/i0.wp.com\\\/pierrebarros.fr\\\/wp-content\\\/uploads\\\/2024\\\/05\\\/19-1.jpg?fit=1828%2C1199&ssl=1\",\"width\":1828,\"height\":1199},{\"@type\":\"BreadcrumbList\",\"@id\":\"https:\\\/\\\/pierrebarros.fr\\\/index.php\\\/2024\\\/04\\\/19\\\/visite-officielle-de-madame-la-ministre-de-la-culture-rachida-dati-a-saint-witz\\\/#breadcrumb\",\"itemListElement\":[{\"@type\":\"ListItem\",\"position\":1,\"name\":\"Accueil\",\"item\":\"https:\\\/\\\/pierrebarros.fr\\\/\"},{\"@type\":\"ListItem\",\"position\":2,\"name\":\"Visite officielle de Madame la Ministre de la Culture, Rachida Dati, \u00e0 Saint-Witz\"}]},{\"@type\":\"WebSite\",\"@id\":\"https:\\\/\\\/pierrebarros.fr\\\/#website\",\"url\":\"https:\\\/\\\/pierrebarros.fr\\\/\",\"name\":\"\",\"description\":\"S\u00e9nateur du Val-d&#039;Oise\",\"potentialAction\":[{\"@type\":\"SearchAction\",\"target\":{\"@type\":\"EntryPoint\",\"urlTemplate\":\"https:\\\/\\\/pierrebarros.fr\\\/?s={search_term_string}\"},\"query-input\":{\"@type\":\"PropertyValueSpecification\",\"valueRequired\":true,\"valueName\":\"search_term_string\"}}],\"inLanguage\":\"fr-FR\"},{\"@type\":\"Person\",\"@id\":\"https:\\\/\\\/pierrebarros.fr\\\/#\\\/schema\\\/person\\\/0669a80d309c762d2a40d3ae7accec5b\",\"name\":\"Stephanie\",\"url\":\"https:\\\/\\\/pierrebarros.fr\\\/index.php\\\/author\\\/stephanie\\\/\"}]}<\/script>\n<!-- \/ Yoast SEO plugin. -->","yoast_head_json":{"title":"Visite officielle de Madame la Ministre de la Culture, Rachida Dati, \u00e0 Saint-Witz -","robots":{"index":"index","follow":"follow","max-snippet":"max-snippet:-1","max-image-preview":"max-image-preview:large","max-video-preview":"max-video-preview:-1"},"canonical":"https:\/\/pierrebarros.fr\/index.php\/2024\/04\/19\/visite-officielle-de-madame-la-ministre-de-la-culture-rachida-dati-a-saint-witz\/","og_locale":"fr_FR","og_type":"article","og_title":"Visite officielle de Madame la Ministre de la Culture, Rachida Dati, \u00e0 Saint-Witz -","og_description":"J\u2019\u00e9tais pr\u00e9sent le 19 avril 2024 lors de la visite officielle de Madame Rachida Dati Ministre de la Culture, en [&hellip;]","og_url":"https:\/\/pierrebarros.fr\/index.php\/2024\/04\/19\/visite-officielle-de-madame-la-ministre-de-la-culture-rachida-dati-a-saint-witz\/","article_published_time":"2024-04-19T10:02:00+00:00","article_modified_time":"2024-05-16T10:05:07+00:00","og_image":[{"width":1828,"height":1199,"url":"https:\/\/pierrebarros.fr\/wp-content\/uploads\/2024\/05\/19-1.jpg","type":"image\/jpeg"}],"author":"Stephanie","twitter_card":"summary_large_image","twitter_misc":{"\u00c9crit par":"Stephanie","Dur\u00e9e de lecture estim\u00e9e":"4 minutes"},"schema":{"@context":"https:\/\/schema.org","@graph":[{"@type":"Article","@id":"https:\/\/pierrebarros.fr\/index.php\/2024\/04\/19\/visite-officielle-de-madame-la-ministre-de-la-culture-rachida-dati-a-saint-witz\/#article","isPartOf":{"@id":"https:\/\/pierrebarros.fr\/index.php\/2024\/04\/19\/visite-officielle-de-madame-la-ministre-de-la-culture-rachida-dati-a-saint-witz\/"},"author":{"name":"Stephanie","@id":"https:\/\/pierrebarros.fr\/#\/schema\/person\/0669a80d309c762d2a40d3ae7accec5b"},"headline":"Visite officielle de Madame la Ministre de la Culture, Rachida Dati, \u00e0 Saint-Witz","datePublished":"2024-04-19T10:02:00+00:00","dateModified":"2024-05-16T10:05:07+00:00","mainEntityOfPage":{"@id":"https:\/\/pierrebarros.fr\/index.php\/2024\/04\/19\/visite-officielle-de-madame-la-ministre-de-la-culture-rachida-dati-a-saint-witz\/"},"wordCount":164,"image":{"@id":"https:\/\/pierrebarros.fr\/index.php\/2024\/04\/19\/visite-officielle-de-madame-la-ministre-de-la-culture-rachida-dati-a-saint-witz\/#primaryimage"},"thumbnailUrl":"https:\/\/i0.wp.com\/pierrebarros.fr\/wp-content\/uploads\/2024\/05\/19-1.jpg?fit=1828%2C1199&ssl=1","articleSection":["En Val d'Oise"],"inLanguage":"fr-FR"},{"@type":"WebPage","@id":"https:\/\/pierrebarros.fr\/index.php\/2024\/04\/19\/visite-officielle-de-madame-la-ministre-de-la-culture-rachida-dati-a-saint-witz\/","url":"https:\/\/pierrebarros.fr\/index.php\/2024\/04\/19\/visite-officielle-de-madame-la-ministre-de-la-culture-rachida-dati-a-saint-witz\/","name":"Visite officielle de Madame la Ministre de la Culture, Rachida Dati, \u00e0 Saint-Witz -","isPartOf":{"@id":"https:\/\/pierrebarros.fr\/#website"},"primaryImageOfPage":{"@id":"https:\/\/pierrebarros.fr\/index.php\/2024\/04\/19\/visite-officielle-de-madame-la-ministre-de-la-culture-rachida-dati-a-saint-witz\/#primaryimage"},"image":{"@id":"https:\/\/pierrebarros.fr\/index.php\/2024\/04\/19\/visite-officielle-de-madame-la-ministre-de-la-culture-rachida-dati-a-saint-witz\/#primaryimage"},"thumbnailUrl":"https:\/\/i0.wp.com\/pierrebarros.fr\/wp-content\/uploads\/2024\/05\/19-1.jpg?fit=1828%2C1199&ssl=1","datePublished":"2024-04-19T10:02:00+00:00","dateModified":"2024-05-16T10:05:07+00:00","author":{"@id":"https:\/\/pierrebarros.fr\/#\/schema\/person\/0669a80d309c762d2a40d3ae7accec5b"},"breadcrumb":{"@id":"https:\/\/pierrebarros.fr\/index.php\/2024\/04\/19\/visite-officielle-de-madame-la-ministre-de-la-culture-rachida-dati-a-saint-witz\/#breadcrumb"},"inLanguage":"fr-FR","potentialAction":[{"@type":"ReadAction","target":["https:\/\/pierrebarros.fr\/index.php\/2024\/04\/19\/visite-officielle-de-madame-la-ministre-de-la-culture-rachida-dati-a-saint-witz\/"]}]},{"@type":"ImageObject","inLanguage":"fr-FR","@id":"https:\/\/pierrebarros.fr\/index.php\/2024\/04\/19\/visite-officielle-de-madame-la-ministre-de-la-culture-rachida-dati-a-saint-witz\/#primaryimage","url":"https:\/\/i0.wp.com\/pierrebarros.fr\/wp-content\/uploads\/2024\/05\/19-1.jpg?fit=1828%2C1199&ssl=1","contentUrl":"https:\/\/i0.wp.com\/pierrebarros.fr\/wp-content\/uploads\/2024\/05\/19-1.jpg?fit=1828%2C1199&ssl=1","width":1828,"height":1199},{"@type":"BreadcrumbList","@id":"https:\/\/pierrebarros.fr\/index.php\/2024\/04\/19\/visite-officielle-de-madame-la-ministre-de-la-culture-rachida-dati-a-saint-witz\/#breadcrumb","itemListElement":[{"@type":"ListItem","position":1,"name":"Accueil","item":"https:\/\/pierrebarros.fr\/"},{"@type":"ListItem","position":2,"name":"Visite officielle de Madame la Ministre de la Culture, Rachida Dati, \u00e0 Saint-Witz"}]},{"@type":"WebSite","@id":"https:\/\/pierrebarros.fr\/#website","url":"https:\/\/pierrebarros.fr\/","name":"","description":"S\u00e9nateur du Val-d&#039;Oise","potentialAction":[{"@type":"SearchAction","target":{"@type":"EntryPoint","urlTemplate":"https:\/\/pierrebarros.fr\/?s={search_term_string}"},"query-input":{"@type":"PropertyValueSpecification","valueRequired":true,"valueName":"search_term_string"}}],"inLanguage":"fr-FR"},{"@type":"Person","@id":"https:\/\/pierrebarros.fr\/#\/schema\/person\/0669a80d309c762d2a40d3ae7accec5b","name":"Stephanie","url":"https:\/\/pierrebarros.fr\/index.php\/author\/stephanie\/"}]}},"jetpack_featured_media_url":"https:\/\/i0.wp.com\/pierrebarros.fr\/wp-content\/uploads\/2024\/05\/19-1.jpg?fit=1828%2C1199&ssl=1","jetpack-related-posts":[],"jetpack_sharing_enabled":true,"_links":{"self":[{"href":"https:\/\/pierrebarros.fr\/index.php\/wp-json\/wp\/v2\/posts\/1299","targetHints":{"allow":["GET"]}}],"collection":[{"href":"https:\/\/pierrebarros.fr\/index.php\/wp-json\/wp\/v2\/posts"}],"about":[{"href":"https:\/\/pierrebarros.fr\/index.php\/wp-json\/wp\/v2\/types\/post"}],"author":[{"embeddable":true,"href":"https:\/\/pierrebarros.fr\/index.php\/wp-json\/wp\/v2\/users\/4"}],"replies":[{"embeddable":true,"href":"https:\/\/pierrebarros.fr\/index.php\/wp-json\/wp\/v2\/comments?post=1299"}],"version-history":[{"count":0,"href":"https:\/\/pierrebarros.fr\/index.php\/wp-json\/wp\/v2\/posts\/1299\/revisions"}],"wp:featuredmedia":[{"embeddable":true,"href":"https:\/\/pierrebarros.fr\/index.php\/wp-json\/wp\/v2\/media\/1186"}],"wp:attachment":[{"href":"https:\/\/pierrebarros.fr\/index.php\/wp-json\/wp\/v2\/media?parent=1299"}],"wp:term":[{"taxonomy":"category","embeddable":true,"href":"https:\/\/pierrebarros.fr\/index.php\/wp-json\/wp\/v2\/categories?post=1299"},{"taxonomy":"post_tag","embeddable":true,"href":"https:\/\/pierrebarros.fr\/index.php\/wp-json\/wp\/v2\/tags?post=1299"}],"curies":[{"name":"wp","href":"https:\/\/api.w.org\/{rel}","templated":true}]}}