{"id":1288,"date":"2024-04-17T11:57:00","date_gmt":"2024-04-17T09:57:00","guid":{"rendered":"https:\/\/pierrebarros.fr\/?p=1288"},"modified":"2024-05-16T12:01:30","modified_gmt":"2024-05-16T10:01:30","slug":"malala-yousafzai-le-nouveau-nom-de-lespace-pour-les-jeunes-de-sarcelles","status":"publish","type":"post","link":"https:\/\/pierrebarros.fr\/index.php\/2024\/04\/17\/malala-yousafzai-le-nouveau-nom-de-lespace-pour-les-jeunes-de-sarcelles\/","title":{"rendered":"Malala YOUSAFZAI : le nouveau nom de l&rsquo;Espace pour les Jeunes de Sarcelles"},"content":{"rendered":"\n<p><img decoding=\"async\" height=\"16\" width=\"16\" src=\"https:\/\/static.xx.fbcdn.net\/images\/emoji.php\/v9\/t80\/1\/16\/1f64f.png\" alt=\"\ud83d\ude4f\">Je remercie Monsieur <a href=\"https:\/\/www.facebook.com\/MairePatrickHaddad?__cft__[0]=AZW7fT39cYM-VJa9YrjMWalrx4CpGfEJyYKrSK4cdAy-YaVEs3FA6oZygGRA_tiVpGYLZuEO6EfzOEhkjIE3PRa7F7b39o8oXss4u4nYvFp9yMT9BeRkZGzOCtatUemoWdbRQpzICcHPdtelxbn4coqRlmksXV5sPeGy1-cwvQ5s-jvqFR5v-gmmomAzHOTChvvLPMhPcowBMK1LwhEXrqqSm8kiiUTROYkAeKpI0H2knAWlfFK7BbyFZfnI7MO5Qwo&amp;__tn__=-]K-R\">Patrick Haddad, maire de Sarcelles<\/a> pour son invitation \u00e0 ce chaleureux moment ce 17 avril 2024.<\/p>\n\n\n\n<p><img decoding=\"async\" height=\"16\" width=\"16\" alt=\"\ud83d\udcd6\" src=\"https:\/\/static.xx.fbcdn.net\/images\/emoji.php\/v9\/t9e\/1\/16\/1f4d6.png\">Le choix des habitants de nommer cet espace pour les jeunes \u00ab\u00a0Malala YOUSAFZA\u00cf\u00a0\u00bb est tout un symbole : c&rsquo;est reconnaitre, encourager et conforter la place des jeunes filles et des femmes dans notre soci\u00e9t\u00e9.<\/p>\n\n\n\n<p>C&rsquo;est lutter chaque jour pour une \u00e9ducation inclusive et de qualit\u00e9 pour tous.<\/p>\n\n\n\n<p><img decoding=\"async\" height=\"16\" width=\"16\" alt=\"\ud83d\udd34\" src=\"https:\/\/static.xx.fbcdn.net\/images\/emoji.php\/v9\/t6e\/1\/16\/1f534.png\">Un vrai d\u00e9fi pour notre soci\u00e9t\u00e9 face aux chiffres toujours plus alarmants des in\u00e9galit\u00e9s <a><\/a>entre les femmes et les hommes.<\/p>\n\n\n\n<p><img loading=\"lazy\" decoding=\"async\" height=\"16\" width=\"16\" alt=\"\ud83d\udfe2\" src=\"https:\/\/static.xx.fbcdn.net\/images\/emoji.php\/v9\/tfc\/1\/16\/1f7e2.png\">Un beau projet engag\u00e9 par et pour la jeunesse de la <a href=\"https:\/\/www.facebook.com\/villedesarcelles?__cft__[0]=AZW7fT39cYM-VJa9YrjMWalrx4CpGfEJyYKrSK4cdAy-YaVEs3FA6oZygGRA_tiVpGYLZuEO6EfzOEhkjIE3PRa7F7b39o8oXss4u4nYvFp9yMT9BeRkZGzOCtatUemoWdbRQpzICcHPdtelxbn4coqRlmksXV5sPeGy1-cwvQ5s-jvqFR5v-gmmomAzHOTChvvLPMhPcowBMK1LwhEXrqqSm8kiiUTROYkAeKpI0H2knAWlfFK7BbyFZfnI7MO5Qwo&amp;__tn__=-]K-R\">Ville de Sarcelles<\/a>.<\/p>\n\n\n\n<figure class=\"wp-block-gallery has-nested-images columns-default is-cropped wp-block-gallery-1 is-layout-flex wp-block-gallery-is-layout-flex\">\n<figure class=\"wp-block-image size-large\"><img data-recalc-dims=\"1\" loading=\"lazy\" decoding=\"async\" width=\"1024\" height=\"768\" data-id=\"1296\" src=\"https:\/\/i0.wp.com\/pierrebarros.fr\/wp-content\/uploads\/2024\/05\/8-6.jpg?resize=1024%2C768&#038;ssl=1\" alt=\"\" class=\"wp-image-1296\" srcset=\"https:\/\/i0.wp.com\/pierrebarros.fr\/wp-content\/uploads\/2024\/05\/8-6.jpg?resize=1024%2C768&amp;ssl=1 1024w, https:\/\/i0.wp.com\/pierrebarros.fr\/wp-content\/uploads\/2024\/05\/8-6.jpg?resize=300%2C225&amp;ssl=1 300w, https:\/\/i0.wp.com\/pierrebarros.fr\/wp-content\/uploads\/2024\/05\/8-6.jpg?resize=768%2C576&amp;ssl=1 768w, https:\/\/i0.wp.com\/pierrebarros.fr\/wp-content\/uploads\/2024\/05\/8-6.jpg?resize=1536%2C1152&amp;ssl=1 1536w, https:\/\/i0.wp.com\/pierrebarros.fr\/wp-content\/uploads\/2024\/05\/8-6.jpg?w=2048&amp;ssl=1 2048w\" sizes=\"(max-width: 1000px) 100vw, 1000px\" \/><\/figure>\n\n\n\n<figure class=\"wp-block-image size-large\"><img data-recalc-dims=\"1\" loading=\"lazy\" decoding=\"async\" width=\"464\" height=\"758\" data-id=\"1295\" src=\"https:\/\/i0.wp.com\/pierrebarros.fr\/wp-content\/uploads\/2024\/05\/7-8.jpg?resize=464%2C758&#038;ssl=1\" alt=\"\" class=\"wp-image-1295\" srcset=\"https:\/\/i0.wp.com\/pierrebarros.fr\/wp-content\/uploads\/2024\/05\/7-8.jpg?w=464&amp;ssl=1 464w, https:\/\/i0.wp.com\/pierrebarros.fr\/wp-content\/uploads\/2024\/05\/7-8.jpg?resize=184%2C300&amp;ssl=1 184w\" sizes=\"(max-width: 464px) 100vw, 464px\" \/><\/figure>\n\n\n\n<figure class=\"wp-block-image size-large\"><img data-recalc-dims=\"1\" loading=\"lazy\" decoding=\"async\" width=\"1024\" height=\"768\" data-id=\"1294\" src=\"https:\/\/i0.wp.com\/pierrebarros.fr\/wp-content\/uploads\/2024\/05\/6-8.jpg?resize=1024%2C768&#038;ssl=1\" alt=\"\" class=\"wp-image-1294\" srcset=\"https:\/\/i0.wp.com\/pierrebarros.fr\/wp-content\/uploads\/2024\/05\/6-8.jpg?resize=1024%2C768&amp;ssl=1 1024w, https:\/\/i0.wp.com\/pierrebarros.fr\/wp-content\/uploads\/2024\/05\/6-8.jpg?resize=300%2C225&amp;ssl=1 300w, https:\/\/i0.wp.com\/pierrebarros.fr\/wp-content\/uploads\/2024\/05\/6-8.jpg?resize=768%2C576&amp;ssl=1 768w, https:\/\/i0.wp.com\/pierrebarros.fr\/wp-content\/uploads\/2024\/05\/6-8.jpg?resize=1536%2C1152&amp;ssl=1 1536w, https:\/\/i0.wp.com\/pierrebarros.fr\/wp-content\/uploads\/2024\/05\/6-8.jpg?w=2048&amp;ssl=1 2048w\" sizes=\"(max-width: 1000px) 100vw, 1000px\" \/><\/figure>\n\n\n\n<figure class=\"wp-block-image size-large\"><img data-recalc-dims=\"1\" loading=\"lazy\" decoding=\"async\" width=\"1024\" height=\"768\" data-id=\"1293\" src=\"https:\/\/i0.wp.com\/pierrebarros.fr\/wp-content\/uploads\/2024\/05\/5-7.jpg?resize=1024%2C768&#038;ssl=1\" alt=\"\" class=\"wp-image-1293\" srcset=\"https:\/\/i0.wp.com\/pierrebarros.fr\/wp-content\/uploads\/2024\/05\/5-7.jpg?resize=1024%2C768&amp;ssl=1 1024w, https:\/\/i0.wp.com\/pierrebarros.fr\/wp-content\/uploads\/2024\/05\/5-7.jpg?resize=300%2C225&amp;ssl=1 300w, https:\/\/i0.wp.com\/pierrebarros.fr\/wp-content\/uploads\/2024\/05\/5-7.jpg?resize=768%2C576&amp;ssl=1 768w, https:\/\/i0.wp.com\/pierrebarros.fr\/wp-content\/uploads\/2024\/05\/5-7.jpg?resize=1536%2C1152&amp;ssl=1 1536w, https:\/\/i0.wp.com\/pierrebarros.fr\/wp-content\/uploads\/2024\/05\/5-7.jpg?w=2048&amp;ssl=1 2048w\" sizes=\"(max-width: 1000px) 100vw, 1000px\" \/><\/figure>\n\n\n\n<figure class=\"wp-block-image size-large\"><img data-recalc-dims=\"1\" loading=\"lazy\" decoding=\"async\" width=\"1024\" height=\"768\" data-id=\"1291\" src=\"https:\/\/i0.wp.com\/pierrebarros.fr\/wp-content\/uploads\/2024\/05\/3-13.jpg?resize=1024%2C768&#038;ssl=1\" alt=\"\" class=\"wp-image-1291\" srcset=\"https:\/\/i0.wp.com\/pierrebarros.fr\/wp-content\/uploads\/2024\/05\/3-13.jpg?resize=1024%2C768&amp;ssl=1 1024w, https:\/\/i0.wp.com\/pierrebarros.fr\/wp-content\/uploads\/2024\/05\/3-13.jpg?resize=300%2C225&amp;ssl=1 300w, https:\/\/i0.wp.com\/pierrebarros.fr\/wp-content\/uploads\/2024\/05\/3-13.jpg?resize=768%2C576&amp;ssl=1 768w, https:\/\/i0.wp.com\/pierrebarros.fr\/wp-content\/uploads\/2024\/05\/3-13.jpg?resize=1536%2C1152&amp;ssl=1 1536w, https:\/\/i0.wp.com\/pierrebarros.fr\/wp-content\/uploads\/2024\/05\/3-13.jpg?w=2048&amp;ssl=1 2048w\" sizes=\"(max-width: 1000px) 100vw, 1000px\" \/><\/figure>\n\n\n\n<figure class=\"wp-block-image size-large\"><img data-recalc-dims=\"1\" loading=\"lazy\" decoding=\"async\" width=\"1024\" height=\"684\" data-id=\"1290\" src=\"https:\/\/i0.wp.com\/pierrebarros.fr\/wp-content\/uploads\/2024\/05\/2-16.jpg?resize=1024%2C684&#038;ssl=1\" alt=\"\" class=\"wp-image-1290\" srcset=\"https:\/\/i0.wp.com\/pierrebarros.fr\/wp-content\/uploads\/2024\/05\/2-16.jpg?resize=1024%2C684&amp;ssl=1 1024w, https:\/\/i0.wp.com\/pierrebarros.fr\/wp-content\/uploads\/2024\/05\/2-16.jpg?resize=300%2C200&amp;ssl=1 300w, https:\/\/i0.wp.com\/pierrebarros.fr\/wp-content\/uploads\/2024\/05\/2-16.jpg?resize=768%2C513&amp;ssl=1 768w, https:\/\/i0.wp.com\/pierrebarros.fr\/wp-content\/uploads\/2024\/05\/2-16.jpg?w=1252&amp;ssl=1 1252w\" sizes=\"(max-width: 1000px) 100vw, 1000px\" \/><\/figure>\n\n\n\n<figure class=\"wp-block-image size-large\"><img data-recalc-dims=\"1\" loading=\"lazy\" decoding=\"async\" width=\"600\" height=\"450\" data-id=\"1289\" src=\"https:\/\/i0.wp.com\/pierrebarros.fr\/wp-content\/uploads\/2024\/05\/1-15.jpg?resize=600%2C450&#038;ssl=1\" alt=\"\" class=\"wp-image-1289\" srcset=\"https:\/\/i0.wp.com\/pierrebarros.fr\/wp-content\/uploads\/2024\/05\/1-15.jpg?w=600&amp;ssl=1 600w, https:\/\/i0.wp.com\/pierrebarros.fr\/wp-content\/uploads\/2024\/05\/1-15.jpg?resize=300%2C225&amp;ssl=1 300w\" sizes=\"(max-width: 600px) 100vw, 600px\" \/><\/figure>\n<\/figure>\n","protected":false},"excerpt":{"rendered":"<p>Je remercie Monsieur Patrick Haddad, maire de Sarcelles pour son invitation \u00e0 ce chaleureux moment ce 17 avril 2024. Le [&hellip;]<\/p>\n","protected":false},"author":4,"featured_media":1292,"comment_status":"closed","ping_status":"closed","sticky":false,"template":"","format":"standard","meta":{"site-sidebar-layout":"default","site-content-layout":"","ast-site-content-layout":"default","site-content-style":"default","site-sidebar-style":"default","ast-global-header-display":"","ast-banner-title-visibility":"","ast-main-header-display":"","ast-hfb-above-header-display":"","ast-hfb-below-header-display":"","ast-hfb-mobile-header-display":"","site-post-title":"","ast-breadcrumbs-content":"","ast-featured-img":"","footer-sml-layout":"","ast-disable-related-posts":"","theme-transparent-header-meta":"","adv-header-id-meta":"","stick-header-meta":"","header-above-stick-meta":"","header-main-stick-meta":"","header-below-stick-meta":"","astra-migrate-meta-layouts":"default","ast-page-background-enabled":"default","ast-page-background-meta":{"desktop":{"background-color":"var(--ast-global-color-4)","background-image":"","background-repeat":"repeat","background-position":"center center","background-size":"auto","background-attachment":"scroll","background-type":"","background-media":"","overlay-type":"","overlay-color":"","overlay-opacity":"","overlay-gradient":""},"tablet":{"background-color":"","background-image":"","background-repeat":"repeat","background-position":"center center","background-size":"auto","background-attachment":"scroll","background-type":"","background-media":"","overlay-type":"","overlay-color":"","overlay-opacity":"","overlay-gradient":""},"mobile":{"background-color":"","background-image":"","background-repeat":"repeat","background-position":"center center","background-size":"auto","background-attachment":"scroll","background-type":"","background-media":"","overlay-type":"","overlay-color":"","overlay-opacity":"","overlay-gradient":""}},"ast-content-background-meta":{"desktop":{"background-color":"var(--ast-global-color-5)","background-image":"","background-repeat":"repeat","background-position":"center center","background-size":"auto","background-attachment":"scroll","background-type":"","background-media":"","overlay-type":"","overlay-color":"","overlay-opacity":"","overlay-gradient":""},"tablet":{"background-color":"var(--ast-global-color-5)","background-image":"","background-repeat":"repeat","background-position":"center center","background-size":"auto","background-attachment":"scroll","background-type":"","background-media":"","overlay-type":"","overlay-color":"","overlay-opacity":"","overlay-gradient":""},"mobile":{"background-color":"var(--ast-global-color-5)","background-image":"","background-repeat":"repeat","background-position":"center center","background-size":"auto","background-attachment":"scroll","background-type":"","background-media":"","overlay-type":"","overlay-color":"","overlay-opacity":"","overlay-gradient":""}},"_jetpack_memberships_contains_paid_content":false,"footnotes":""},"categories":[24],"tags":[],"class_list":["post-1288","post","type-post","status-publish","format-standard","has-post-thumbnail","hentry","category-en-val-doise"],"yoast_head":"<!-- This site is optimized with the Yoast SEO plugin v27.5 - https:\/\/yoast.com\/product\/yoast-seo-wordpress\/ -->\n<title>Malala YOUSAFZAI : le nouveau nom de l&#039;Espace pour les Jeunes de Sarcelles -<\/title>\n<meta name=\"robots\" content=\"index, follow, max-snippet:-1, max-image-preview:large, max-video-preview:-1\" \/>\n<link rel=\"canonical\" href=\"https:\/\/pierrebarros.fr\/index.php\/2024\/04\/17\/malala-yousafzai-le-nouveau-nom-de-lespace-pour-les-jeunes-de-sarcelles\/\" \/>\n<meta property=\"og:locale\" content=\"fr_FR\" \/>\n<meta property=\"og:type\" content=\"article\" \/>\n<meta property=\"og:title\" content=\"Malala YOUSAFZAI : le nouveau nom de l&#039;Espace pour les Jeunes de Sarcelles -\" \/>\n<meta property=\"og:description\" content=\"Je remercie Monsieur Patrick Haddad, maire de Sarcelles pour son invitation \u00e0 ce chaleureux moment ce 17 avril 2024. Le [&hellip;]\" \/>\n<meta property=\"og:url\" content=\"https:\/\/pierrebarros.fr\/index.php\/2024\/04\/17\/malala-yousafzai-le-nouveau-nom-de-lespace-pour-les-jeunes-de-sarcelles\/\" \/>\n<meta property=\"article:published_time\" content=\"2024-04-17T09:57:00+00:00\" \/>\n<meta property=\"article:modified_time\" content=\"2024-05-16T10:01:30+00:00\" \/>\n<meta property=\"og:image\" content=\"https:\/\/pierrebarros.fr\/wp-content\/uploads\/2024\/05\/4-13.jpg\" \/>\n\t<meta property=\"og:image:width\" content=\"2048\" \/>\n\t<meta property=\"og:image:height\" content=\"1536\" \/>\n\t<meta property=\"og:image:type\" content=\"image\/jpeg\" \/>\n<meta name=\"author\" content=\"Stephanie\" \/>\n<meta name=\"twitter:card\" content=\"summary_large_image\" \/>\n<meta name=\"twitter:label1\" content=\"\u00c9crit par\" \/>\n\t<meta name=\"twitter:data1\" content=\"Stephanie\" \/>\n\t<meta name=\"twitter:label2\" content=\"Dur\u00e9e de lecture estim\u00e9e\" \/>\n\t<meta name=\"twitter:data2\" content=\"3 minutes\" \/>\n<script type=\"application\/ld+json\" class=\"yoast-schema-graph\">{\"@context\":\"https:\\\/\\\/schema.org\",\"@graph\":[{\"@type\":\"Article\",\"@id\":\"https:\\\/\\\/pierrebarros.fr\\\/index.php\\\/2024\\\/04\\\/17\\\/malala-yousafzai-le-nouveau-nom-de-lespace-pour-les-jeunes-de-sarcelles\\\/#article\",\"isPartOf\":{\"@id\":\"https:\\\/\\\/pierrebarros.fr\\\/index.php\\\/2024\\\/04\\\/17\\\/malala-yousafzai-le-nouveau-nom-de-lespace-pour-les-jeunes-de-sarcelles\\\/\"},\"author\":{\"name\":\"Stephanie\",\"@id\":\"https:\\\/\\\/pierrebarros.fr\\\/#\\\/schema\\\/person\\\/0669a80d309c762d2a40d3ae7accec5b\"},\"headline\":\"Malala YOUSAFZAI : le nouveau nom de l&rsquo;Espace pour les Jeunes de Sarcelles\",\"datePublished\":\"2024-04-17T09:57:00+00:00\",\"dateModified\":\"2024-05-16T10:01:30+00:00\",\"mainEntityOfPage\":{\"@id\":\"https:\\\/\\\/pierrebarros.fr\\\/index.php\\\/2024\\\/04\\\/17\\\/malala-yousafzai-le-nouveau-nom-de-lespace-pour-les-jeunes-de-sarcelles\\\/\"},\"wordCount\":116,\"image\":{\"@id\":\"https:\\\/\\\/pierrebarros.fr\\\/index.php\\\/2024\\\/04\\\/17\\\/malala-yousafzai-le-nouveau-nom-de-lespace-pour-les-jeunes-de-sarcelles\\\/#primaryimage\"},\"thumbnailUrl\":\"https:\\\/\\\/i0.wp.com\\\/pierrebarros.fr\\\/wp-content\\\/uploads\\\/2024\\\/05\\\/4-13.jpg?fit=2048%2C1536&ssl=1\",\"articleSection\":[\"En Val d'Oise\"],\"inLanguage\":\"fr-FR\"},{\"@type\":\"WebPage\",\"@id\":\"https:\\\/\\\/pierrebarros.fr\\\/index.php\\\/2024\\\/04\\\/17\\\/malala-yousafzai-le-nouveau-nom-de-lespace-pour-les-jeunes-de-sarcelles\\\/\",\"url\":\"https:\\\/\\\/pierrebarros.fr\\\/index.php\\\/2024\\\/04\\\/17\\\/malala-yousafzai-le-nouveau-nom-de-lespace-pour-les-jeunes-de-sarcelles\\\/\",\"name\":\"Malala YOUSAFZAI : le nouveau nom de l'Espace pour les Jeunes de Sarcelles -\",\"isPartOf\":{\"@id\":\"https:\\\/\\\/pierrebarros.fr\\\/#website\"},\"primaryImageOfPage\":{\"@id\":\"https:\\\/\\\/pierrebarros.fr\\\/index.php\\\/2024\\\/04\\\/17\\\/malala-yousafzai-le-nouveau-nom-de-lespace-pour-les-jeunes-de-sarcelles\\\/#primaryimage\"},\"image\":{\"@id\":\"https:\\\/\\\/pierrebarros.fr\\\/index.php\\\/2024\\\/04\\\/17\\\/malala-yousafzai-le-nouveau-nom-de-lespace-pour-les-jeunes-de-sarcelles\\\/#primaryimage\"},\"thumbnailUrl\":\"https:\\\/\\\/i0.wp.com\\\/pierrebarros.fr\\\/wp-content\\\/uploads\\\/2024\\\/05\\\/4-13.jpg?fit=2048%2C1536&ssl=1\",\"datePublished\":\"2024-04-17T09:57:00+00:00\",\"dateModified\":\"2024-05-16T10:01:30+00:00\",\"author\":{\"@id\":\"https:\\\/\\\/pierrebarros.fr\\\/#\\\/schema\\\/person\\\/0669a80d309c762d2a40d3ae7accec5b\"},\"breadcrumb\":{\"@id\":\"https:\\\/\\\/pierrebarros.fr\\\/index.php\\\/2024\\\/04\\\/17\\\/malala-yousafzai-le-nouveau-nom-de-lespace-pour-les-jeunes-de-sarcelles\\\/#breadcrumb\"},\"inLanguage\":\"fr-FR\",\"potentialAction\":[{\"@type\":\"ReadAction\",\"target\":[\"https:\\\/\\\/pierrebarros.fr\\\/index.php\\\/2024\\\/04\\\/17\\\/malala-yousafzai-le-nouveau-nom-de-lespace-pour-les-jeunes-de-sarcelles\\\/\"]}]},{\"@type\":\"ImageObject\",\"inLanguage\":\"fr-FR\",\"@id\":\"https:\\\/\\\/pierrebarros.fr\\\/index.php\\\/2024\\\/04\\\/17\\\/malala-yousafzai-le-nouveau-nom-de-lespace-pour-les-jeunes-de-sarcelles\\\/#primaryimage\",\"url\":\"https:\\\/\\\/i0.wp.com\\\/pierrebarros.fr\\\/wp-content\\\/uploads\\\/2024\\\/05\\\/4-13.jpg?fit=2048%2C1536&ssl=1\",\"contentUrl\":\"https:\\\/\\\/i0.wp.com\\\/pierrebarros.fr\\\/wp-content\\\/uploads\\\/2024\\\/05\\\/4-13.jpg?fit=2048%2C1536&ssl=1\",\"width\":2048,\"height\":1536},{\"@type\":\"BreadcrumbList\",\"@id\":\"https:\\\/\\\/pierrebarros.fr\\\/index.php\\\/2024\\\/04\\\/17\\\/malala-yousafzai-le-nouveau-nom-de-lespace-pour-les-jeunes-de-sarcelles\\\/#breadcrumb\",\"itemListElement\":[{\"@type\":\"ListItem\",\"position\":1,\"name\":\"Accueil\",\"item\":\"https:\\\/\\\/pierrebarros.fr\\\/\"},{\"@type\":\"ListItem\",\"position\":2,\"name\":\"Malala YOUSAFZAI : le nouveau nom de l&#8217;Espace pour les Jeunes de Sarcelles\"}]},{\"@type\":\"WebSite\",\"@id\":\"https:\\\/\\\/pierrebarros.fr\\\/#website\",\"url\":\"https:\\\/\\\/pierrebarros.fr\\\/\",\"name\":\"\",\"description\":\"S\u00e9nateur du Val-d&#039;Oise\",\"potentialAction\":[{\"@type\":\"SearchAction\",\"target\":{\"@type\":\"EntryPoint\",\"urlTemplate\":\"https:\\\/\\\/pierrebarros.fr\\\/?s={search_term_string}\"},\"query-input\":{\"@type\":\"PropertyValueSpecification\",\"valueRequired\":true,\"valueName\":\"search_term_string\"}}],\"inLanguage\":\"fr-FR\"},{\"@type\":\"Person\",\"@id\":\"https:\\\/\\\/pierrebarros.fr\\\/#\\\/schema\\\/person\\\/0669a80d309c762d2a40d3ae7accec5b\",\"name\":\"Stephanie\",\"url\":\"https:\\\/\\\/pierrebarros.fr\\\/index.php\\\/author\\\/stephanie\\\/\"}]}<\/script>\n<!-- \/ Yoast SEO plugin. -->","yoast_head_json":{"title":"Malala YOUSAFZAI : le nouveau nom de l'Espace pour les Jeunes de Sarcelles -","robots":{"index":"index","follow":"follow","max-snippet":"max-snippet:-1","max-image-preview":"max-image-preview:large","max-video-preview":"max-video-preview:-1"},"canonical":"https:\/\/pierrebarros.fr\/index.php\/2024\/04\/17\/malala-yousafzai-le-nouveau-nom-de-lespace-pour-les-jeunes-de-sarcelles\/","og_locale":"fr_FR","og_type":"article","og_title":"Malala YOUSAFZAI : le nouveau nom de l'Espace pour les Jeunes de Sarcelles -","og_description":"Je remercie Monsieur Patrick Haddad, maire de Sarcelles pour son invitation \u00e0 ce chaleureux moment ce 17 avril 2024. Le [&hellip;]","og_url":"https:\/\/pierrebarros.fr\/index.php\/2024\/04\/17\/malala-yousafzai-le-nouveau-nom-de-lespace-pour-les-jeunes-de-sarcelles\/","article_published_time":"2024-04-17T09:57:00+00:00","article_modified_time":"2024-05-16T10:01:30+00:00","og_image":[{"width":2048,"height":1536,"url":"https:\/\/pierrebarros.fr\/wp-content\/uploads\/2024\/05\/4-13.jpg","type":"image\/jpeg"}],"author":"Stephanie","twitter_card":"summary_large_image","twitter_misc":{"\u00c9crit par":"Stephanie","Dur\u00e9e de lecture estim\u00e9e":"3 minutes"},"schema":{"@context":"https:\/\/schema.org","@graph":[{"@type":"Article","@id":"https:\/\/pierrebarros.fr\/index.php\/2024\/04\/17\/malala-yousafzai-le-nouveau-nom-de-lespace-pour-les-jeunes-de-sarcelles\/#article","isPartOf":{"@id":"https:\/\/pierrebarros.fr\/index.php\/2024\/04\/17\/malala-yousafzai-le-nouveau-nom-de-lespace-pour-les-jeunes-de-sarcelles\/"},"author":{"name":"Stephanie","@id":"https:\/\/pierrebarros.fr\/#\/schema\/person\/0669a80d309c762d2a40d3ae7accec5b"},"headline":"Malala YOUSAFZAI : le nouveau nom de l&rsquo;Espace pour les Jeunes de Sarcelles","datePublished":"2024-04-17T09:57:00+00:00","dateModified":"2024-05-16T10:01:30+00:00","mainEntityOfPage":{"@id":"https:\/\/pierrebarros.fr\/index.php\/2024\/04\/17\/malala-yousafzai-le-nouveau-nom-de-lespace-pour-les-jeunes-de-sarcelles\/"},"wordCount":116,"image":{"@id":"https:\/\/pierrebarros.fr\/index.php\/2024\/04\/17\/malala-yousafzai-le-nouveau-nom-de-lespace-pour-les-jeunes-de-sarcelles\/#primaryimage"},"thumbnailUrl":"https:\/\/i0.wp.com\/pierrebarros.fr\/wp-content\/uploads\/2024\/05\/4-13.jpg?fit=2048%2C1536&ssl=1","articleSection":["En Val d'Oise"],"inLanguage":"fr-FR"},{"@type":"WebPage","@id":"https:\/\/pierrebarros.fr\/index.php\/2024\/04\/17\/malala-yousafzai-le-nouveau-nom-de-lespace-pour-les-jeunes-de-sarcelles\/","url":"https:\/\/pierrebarros.fr\/index.php\/2024\/04\/17\/malala-yousafzai-le-nouveau-nom-de-lespace-pour-les-jeunes-de-sarcelles\/","name":"Malala YOUSAFZAI : le nouveau nom de l'Espace pour les Jeunes de Sarcelles -","isPartOf":{"@id":"https:\/\/pierrebarros.fr\/#website"},"primaryImageOfPage":{"@id":"https:\/\/pierrebarros.fr\/index.php\/2024\/04\/17\/malala-yousafzai-le-nouveau-nom-de-lespace-pour-les-jeunes-de-sarcelles\/#primaryimage"},"image":{"@id":"https:\/\/pierrebarros.fr\/index.php\/2024\/04\/17\/malala-yousafzai-le-nouveau-nom-de-lespace-pour-les-jeunes-de-sarcelles\/#primaryimage"},"thumbnailUrl":"https:\/\/i0.wp.com\/pierrebarros.fr\/wp-content\/uploads\/2024\/05\/4-13.jpg?fit=2048%2C1536&ssl=1","datePublished":"2024-04-17T09:57:00+00:00","dateModified":"2024-05-16T10:01:30+00:00","author":{"@id":"https:\/\/pierrebarros.fr\/#\/schema\/person\/0669a80d309c762d2a40d3ae7accec5b"},"breadcrumb":{"@id":"https:\/\/pierrebarros.fr\/index.php\/2024\/04\/17\/malala-yousafzai-le-nouveau-nom-de-lespace-pour-les-jeunes-de-sarcelles\/#breadcrumb"},"inLanguage":"fr-FR","potentialAction":[{"@type":"ReadAction","target":["https:\/\/pierrebarros.fr\/index.php\/2024\/04\/17\/malala-yousafzai-le-nouveau-nom-de-lespace-pour-les-jeunes-de-sarcelles\/"]}]},{"@type":"ImageObject","inLanguage":"fr-FR","@id":"https:\/\/pierrebarros.fr\/index.php\/2024\/04\/17\/malala-yousafzai-le-nouveau-nom-de-lespace-pour-les-jeunes-de-sarcelles\/#primaryimage","url":"https:\/\/i0.wp.com\/pierrebarros.fr\/wp-content\/uploads\/2024\/05\/4-13.jpg?fit=2048%2C1536&ssl=1","contentUrl":"https:\/\/i0.wp.com\/pierrebarros.fr\/wp-content\/uploads\/2024\/05\/4-13.jpg?fit=2048%2C1536&ssl=1","width":2048,"height":1536},{"@type":"BreadcrumbList","@id":"https:\/\/pierrebarros.fr\/index.php\/2024\/04\/17\/malala-yousafzai-le-nouveau-nom-de-lespace-pour-les-jeunes-de-sarcelles\/#breadcrumb","itemListElement":[{"@type":"ListItem","position":1,"name":"Accueil","item":"https:\/\/pierrebarros.fr\/"},{"@type":"ListItem","position":2,"name":"Malala YOUSAFZAI : le nouveau nom de l&#8217;Espace pour les Jeunes de Sarcelles"}]},{"@type":"WebSite","@id":"https:\/\/pierrebarros.fr\/#website","url":"https:\/\/pierrebarros.fr\/","name":"","description":"S\u00e9nateur du Val-d&#039;Oise","potentialAction":[{"@type":"SearchAction","target":{"@type":"EntryPoint","urlTemplate":"https:\/\/pierrebarros.fr\/?s={search_term_string}"},"query-input":{"@type":"PropertyValueSpecification","valueRequired":true,"valueName":"search_term_string"}}],"inLanguage":"fr-FR"},{"@type":"Person","@id":"https:\/\/pierrebarros.fr\/#\/schema\/person\/0669a80d309c762d2a40d3ae7accec5b","name":"Stephanie","url":"https:\/\/pierrebarros.fr\/index.php\/author\/stephanie\/"}]}},"jetpack_featured_media_url":"https:\/\/i0.wp.com\/pierrebarros.fr\/wp-content\/uploads\/2024\/05\/4-13.jpg?fit=2048%2C1536&ssl=1","jetpack-related-posts":[],"jetpack_sharing_enabled":true,"_links":{"self":[{"href":"https:\/\/pierrebarros.fr\/index.php\/wp-json\/wp\/v2\/posts\/1288","targetHints":{"allow":["GET"]}}],"collection":[{"href":"https:\/\/pierrebarros.fr\/index.php\/wp-json\/wp\/v2\/posts"}],"about":[{"href":"https:\/\/pierrebarros.fr\/index.php\/wp-json\/wp\/v2\/types\/post"}],"author":[{"embeddable":true,"href":"https:\/\/pierrebarros.fr\/index.php\/wp-json\/wp\/v2\/users\/4"}],"replies":[{"embeddable":true,"href":"https:\/\/pierrebarros.fr\/index.php\/wp-json\/wp\/v2\/comments?post=1288"}],"version-history":[{"count":0,"href":"https:\/\/pierrebarros.fr\/index.php\/wp-json\/wp\/v2\/posts\/1288\/revisions"}],"wp:featuredmedia":[{"embeddable":true,"href":"https:\/\/pierrebarros.fr\/index.php\/wp-json\/wp\/v2\/media\/1292"}],"wp:attachment":[{"href":"https:\/\/pierrebarros.fr\/index.php\/wp-json\/wp\/v2\/media?parent=1288"}],"wp:term":[{"taxonomy":"category","embeddable":true,"href":"https:\/\/pierrebarros.fr\/index.php\/wp-json\/wp\/v2\/categories?post=1288"},{"taxonomy":"post_tag","embeddable":true,"href":"https:\/\/pierrebarros.fr\/index.php\/wp-json\/wp\/v2\/tags?post=1288"}],"curies":[{"name":"wp","href":"https:\/\/api.w.org\/{rel}","templated":true}]}}