{"id":1076,"date":"2024-04-25T14:25:58","date_gmt":"2024-04-25T12:25:58","guid":{"rendered":"https:\/\/pierrebarros.fr\/?p=1076"},"modified":"2024-04-29T14:39:46","modified_gmt":"2024-04-29T12:39:46","slug":"les-saisonniers-du-ministere-de-la-sante","status":"publish","type":"post","link":"https:\/\/pierrebarros.fr\/index.php\/2024\/04\/25\/les-saisonniers-du-ministere-de-la-sante\/","title":{"rendered":"Les saisonniers du Minist\u00e8re de la Sant\u00e9"},"content":{"rendered":"\n<h4 class=\"wp-block-heading\"><strong>Jeudi 25 avril 2024, j\u2019ai rencontr\u00e9, avec Monsieur Arnaud Le Gall, d\u00e9put\u00e9 du Val d\u2019Oise, une d\u00e9l\u00e9gation de plus de 30 m\u00e9decins PADHUE (Praticiens \u00e0 dipl\u00f4me hors Union Europ\u00e9enne) de l&rsquo;h\u00f4pital de Gonesse. \u00a0La situation des m\u00e9decins \u00e9trangers PADHUE dans nos h\u00f4pitaux est insoutenable et continue de se d\u00e9grader. L\u2019h\u00f4pital public va craquer.<\/strong><\/h4>\n\n\n\n<p>Le Val-d\u2019Oise est aujourd\u2019hui un d\u00e9sert m\u00e9dical, o\u00f9 l\u2019offre de soins est particuli\u00e8rement r\u00e9duite, notamment dans certains secteurs en tension.<\/p>\n\n\n\n<p><strong>La probl\u00e9matique engendr\u00e9e par le non renouvellement des contrats des m\u00e9decins PADHUE dans nos h\u00f4pitaux est une aberration pour notre syst\u00e8me de sant\u00e9.<\/strong><\/p>\n\n\n\n<p>Ces m\u00e9decins \u00e9trangers repr\u00e9sentent, par exemple, 60% des m\u00e9decins de l\u2019h\u00f4pital de Gonesse et font vivre notre syst\u00e8me de sant\u00e9 territorial. Ils exercent en psychiatrie, en p\u00e9diatrie, aux urgences, etc.<\/p>\n\n\n\n<p>L\u2019article 70 de la loi n\u00b02019-774 du 24 juillet 2019 relative \u00e0 l\u2019organisation&nbsp;et \u00e0 la transformation du syst\u00e8me de sant\u00e9 a r\u00e9form\u00e9 la proc\u00e9dure d\u2019autorisation d\u2019exercice des praticiens \u00e0 dipl\u00f4me hors Union europ\u00e9enne (PADHUE). Le&nbsp;<a href=\"https:\/\/www.legifrance.gouv.fr\/jorf\/id\/JORFTEXT000041958915\/\">d\u00e9cret n\u00b02020-672 du 3 juin 2020<\/a>&nbsp;a pr\u00e9cis\u00e9 les modalit\u00e9s de recrutement des PADHUE aux postes de m\u00e9decins, chirurgiens-dentistes, sages-femmes, pharmaciens et biologistes m\u00e9dicaux, afin d\u2019am\u00e9liorer leur int\u00e9gration.<\/p>\n\n\n\n<p>Une \u00ab&nbsp;Epreuve de V\u00e9rification des Comp\u00e9tences&nbsp;\u00bb est venue depuis cette date sanctionner leur autorisation \u00e0 exercer. Ainsi, m\u00eame s\u2019ils ont d\u00e9j\u00e0 obtenu leur dipl\u00f4me de m\u00e9decin \u00e0 l\u2019\u00e9tranger, qu\u2019ils travaillent depuis des ann\u00e9es en milieu hospitalier, ils doivent se soumettre \u00e0 ce concours tr\u00e8s s\u00e9lectif<strong>. Cette \u00e9preuve est devenue pour les m\u00e9decins \u00e9trangers, la seule voie d\u2019acc\u00e8s pour continuer \u00e0 exercer et obtenir le statut de \u00ab&nbsp;praticien associ\u00e9&nbsp;\u00bb, mieux r\u00e9mun\u00e9r\u00e9. La seule voie \u00e9galement pour obtenir un titre de s\u00e9jour et ne plus \u00eatre en situation d\u2019ill\u00e9galit\u00e9 sur le territoire fran\u00e7ais.<\/strong><\/p>\n\n\n\n<p>Car en effet, m\u00eame si Monsieur Emmanuel Macron, Pr\u00e9sident de la R\u00e9publique, a annonc\u00e9 le 16 Janvier 2024 en conf\u00e9rence de presse sa volont\u00e9 de r\u00e9gulariser \u00ab&nbsp;<em>nombre de m\u00e9decins \u00e9trangers qui tiennent parfois \u00e0 bout de bras nos services de soins<\/em>&nbsp;\u00bb, rien n\u2019a \u00e9t\u00e9 fait en ce sens.<\/p>\n\n\n\n<p>Et concr\u00e8tement :<\/p>\n\n\n\n<ul class=\"wp-block-list\">\n<li>Tr\u00e8s peu de postes \u00e9taient ouverts cette ann\u00e9e au niveau national\u00a0: 2 700 postes pour 9 000 candidats. Par ailleurs, le concours ne s\u2019est pas tenu durant la pand\u00e9mie de Covid ou en 2022\u00a0;<\/li>\n<\/ul>\n\n\n\n<p>Beaucoup de m\u00e9decins \u00e9trangers ont \u00e9chou\u00e9, ne parvenant pas \u00e0 concilier la r\u00e9vision du concours avec des semaines de travail intensives dans des services sur-sollicit\u00e9s. Leurs r\u00e9sultats aux EVC ne refl\u00e8tent ni leurs comp\u00e9tences, ni leur importance dans notre syst\u00e8me de soin actuel : \u00e0 l\u2019h\u00f4pital de Gonesse ou \u00e0 Pontoise, les services sont compos\u00e9s quasi-exclusivement de m\u00e9decins PADHUE&nbsp;: exemple en psychiatrie 4\/5 m\u00e9decins PADHUE pour 1 chef de service.<\/p>\n\n\n\n<ul class=\"wp-block-list\">\n<li>La sinc\u00e9rit\u00e9 de ce concours se pose pour de nombreux m\u00e9decins et les t\u00e9moignages attestent que certains m\u00e9decins, \u00e0 statut de r\u00e9fugi\u00e9 politique, ont obtenu l\u2019EVC avec une note de 10,5\/20 quand d\u2019autres m\u00e9decins \u00e9trangers, sous statut diff\u00e9rent, ne l\u2019ont pas obtenue avec la note de 14,5\/20.<\/li>\n<\/ul>\n\n\n\n<p>Face \u00e0 cette situation, le gouvernement a indiqu\u00e9 il y a plusieurs mois que les m\u00e9decins PADHUE qui avaient \u00e9chou\u00e9 \u00e0 cette EVC pourraient b\u00e9n\u00e9ficier d\u2019une autorisation d\u2019exercice provisoire pour 13 mois (renouvelable 1 fois) sans satisfaire aux \u00e9preuves de v\u00e9rification des connaissances (EVC) \u00e0 condition d\u2019avoir un avis favorable d\u2019une commission nationale, et de s\u2019engager \u00e0 passer leurs EVC (art. 35).<\/p>\n\n\n\n<p>Sauf qu\u2019un d\u00e9cret d\u2019application devait para\u00eetre et qu\u2019il n\u2019a toujours pas vu le jour.<\/p>\n\n\n\n<p><strong>Nous sommes donc face aujourd\u2019hui \u00e0 une \u00ab&nbsp;m\u00e9decine jetable&nbsp;\u00bb :<\/strong><\/p>\n\n\n\n<ul class=\"wp-block-list\">\n<li>Ces m\u00e9decins PADHUE sont contractuels et ont un salaire proche du SMIC. Ils sont sous-pay\u00e9s au regard de leurs comp\u00e9tences, de leur investissement et de leur engagement au quotidien ;<\/li>\n\n\n\n<li>Ces m\u00e9decins PADHUE sont en situation irr\u00e9guli\u00e8re alors qu\u2019ils travaillent depuis plusieurs ann\u00e9es pour notre syst\u00e8me de soins et sont sous la menace d\u2019une expulsion du territoire\u00a0;<\/li>\n\n\n\n<li>La seule perspective pour ces m\u00e9decins PADHUE, en fin de contrat, est de quitter leur poste pour \u00e9ventuellement trouver un emploi dans un autre h\u00f4pital et tenter leur chance \u00e0 la prochaine EVC (si elle a lieu)\u00a0;<\/li>\n\n\n\n<li>Ces m\u00e9decins PADHUE sont form\u00e9s par des chefs de services hospitaliers qui passent une importante partie de leur temps \u00e0 les former, et se trouvent \u00e0 r\u00e9p\u00e9ter continuellement cette t\u00e2che\u00a0: quel g\u00e2chis humain et financier\u00a0!<\/li>\n<\/ul>\n\n\n\n<p>Ces m\u00e9decins PADHUE sont par ailleurs, ne l\u2019oublions pas, des m\u00e9decins que les h\u00f4pitaux publics eux-m\u00eames sont all\u00e9s chercher dans leurs pays pour assurer la continuit\u00e9 du service public.<\/p>\n\n\n\n<p>R\u00e9cemment, nous d\u00e9couvrons sur le territoire du Val d\u2019Oise des contrats sign\u00e9s avec des m\u00e9decins PADHUE en h\u00f4pital pour une dur\u00e9e de 6 mois&nbsp;: impossible donc pour ces derniers de s\u2019inscrire dans un cadre l\u00e9gal de r\u00e9gularisation de situation.<\/p>\n\n\n\n<p>Selon certains syndicats, 2 000 \u00e0 3 000 m\u00e9decins pourraient \u00eatre licenci\u00e9s de leur poste faute de renouvellement de leur contrat.<\/p>\n\n\n\n<p><strong>Cette situation est scandaleuse\u00a0et inhumaine pour un pays qui se revendique \u00eatre celui des droits de l\u2019Homme. Cette situation est particuli\u00e8rement critique et nous sommes au bord de la crise.<\/strong><\/p>\n\n\n\n<p>Retrouver ci-dessous notre communiqu\u00e9 de presse :<\/p>\n\n\n\n<div data-wp-interactive=\"core\/file\" class=\"wp-block-file\"><object data-wp-bind--hidden=\"!state.hasPdfPreview\" hidden class=\"wp-block-file__embed\" data=\"https:\/\/pierrebarros.fr\/wp-content\/uploads\/2024\/04\/Communique-de-presse-PADHUE.pdf\" type=\"application\/pdf\" style=\"width:100%;height:600px\" aria-label=\"Contenu embarqu\u00e9 Communique-de-presse-PADHUE.\"><\/object><a id=\"wp-block-file--media-9ce64c07-d3cc-47a1-befb-4c550ec68dcb\" href=\"https:\/\/pierrebarros.fr\/wp-content\/uploads\/2024\/04\/Communique-de-presse-PADHUE.pdf\">Communique-de-presse-PADHUE<\/a><a href=\"https:\/\/pierrebarros.fr\/wp-content\/uploads\/2024\/04\/Communique-de-presse-PADHUE.pdf\" class=\"wp-block-file__button wp-element-button\" download aria-describedby=\"wp-block-file--media-9ce64c07-d3cc-47a1-befb-4c550ec68dcb\">T\u00e9l\u00e9charger<\/a><\/div>\n\n\n\n\n\n<figure class=\"wp-block-gallery has-nested-images columns-default is-cropped wp-block-gallery-1 is-layout-flex wp-block-gallery-is-layout-flex\">\n<figure class=\"wp-block-image size-large\"><img data-recalc-dims=\"1\" fetchpriority=\"high\" decoding=\"async\" width=\"768\" height=\"1024\" data-id=\"1052\" src=\"https:\/\/i0.wp.com\/pierrebarros.fr\/wp-content\/uploads\/2024\/04\/1-3.jpg?resize=768%2C1024&#038;ssl=1\" alt=\"\" class=\"wp-image-1052\" srcset=\"https:\/\/i0.wp.com\/pierrebarros.fr\/wp-content\/uploads\/2024\/04\/1-3.jpg?resize=768%2C1024&amp;ssl=1 768w, https:\/\/i0.wp.com\/pierrebarros.fr\/wp-content\/uploads\/2024\/04\/1-3.jpg?resize=225%2C300&amp;ssl=1 225w, https:\/\/i0.wp.com\/pierrebarros.fr\/wp-content\/uploads\/2024\/04\/1-3.jpg?resize=1152%2C1536&amp;ssl=1 1152w, https:\/\/i0.wp.com\/pierrebarros.fr\/wp-content\/uploads\/2024\/04\/1-3.jpg?w=1200&amp;ssl=1 1200w\" sizes=\"(max-width: 768px) 100vw, 768px\" \/><\/figure>\n\n\n\n<figure class=\"wp-block-image size-large\"><img data-recalc-dims=\"1\" decoding=\"async\" width=\"1024\" height=\"768\" data-id=\"1056\" src=\"https:\/\/i0.wp.com\/pierrebarros.fr\/wp-content\/uploads\/2024\/04\/5-2.jpg?resize=1024%2C768&#038;ssl=1\" alt=\"\" class=\"wp-image-1056\" srcset=\"https:\/\/i0.wp.com\/pierrebarros.fr\/wp-content\/uploads\/2024\/04\/5-2.jpg?resize=1024%2C768&amp;ssl=1 1024w, https:\/\/i0.wp.com\/pierrebarros.fr\/wp-content\/uploads\/2024\/04\/5-2.jpg?resize=300%2C225&amp;ssl=1 300w, https:\/\/i0.wp.com\/pierrebarros.fr\/wp-content\/uploads\/2024\/04\/5-2.jpg?resize=768%2C576&amp;ssl=1 768w, https:\/\/i0.wp.com\/pierrebarros.fr\/wp-content\/uploads\/2024\/04\/5-2.jpg?resize=1536%2C1152&amp;ssl=1 1536w, https:\/\/i0.wp.com\/pierrebarros.fr\/wp-content\/uploads\/2024\/04\/5-2.jpg?w=1600&amp;ssl=1 1600w\" sizes=\"(max-width: 1000px) 100vw, 1000px\" \/><\/figure>\n\n\n\n<figure class=\"wp-block-image size-large\"><img data-recalc-dims=\"1\" decoding=\"async\" width=\"768\" height=\"1024\" data-id=\"1069\" src=\"https:\/\/i0.wp.com\/pierrebarros.fr\/wp-content\/uploads\/2024\/04\/18.jpg?resize=768%2C1024&#038;ssl=1\" alt=\"\" class=\"wp-image-1069\" srcset=\"https:\/\/i0.wp.com\/pierrebarros.fr\/wp-content\/uploads\/2024\/04\/18.jpg?resize=768%2C1024&amp;ssl=1 768w, https:\/\/i0.wp.com\/pierrebarros.fr\/wp-content\/uploads\/2024\/04\/18.jpg?resize=225%2C300&amp;ssl=1 225w, https:\/\/i0.wp.com\/pierrebarros.fr\/wp-content\/uploads\/2024\/04\/18.jpg?resize=1152%2C1536&amp;ssl=1 1152w, https:\/\/i0.wp.com\/pierrebarros.fr\/wp-content\/uploads\/2024\/04\/18.jpg?w=1200&amp;ssl=1 1200w\" sizes=\"(max-width: 768px) 100vw, 768px\" \/><\/figure>\n\n\n\n<figure class=\"wp-block-image size-large\"><img data-recalc-dims=\"1\" loading=\"lazy\" decoding=\"async\" width=\"1024\" height=\"768\" data-id=\"1062\" src=\"https:\/\/i0.wp.com\/pierrebarros.fr\/wp-content\/uploads\/2024\/04\/11.jpg?resize=1024%2C768&#038;ssl=1\" alt=\"\" class=\"wp-image-1062\" srcset=\"https:\/\/i0.wp.com\/pierrebarros.fr\/wp-content\/uploads\/2024\/04\/11.jpg?resize=1024%2C768&amp;ssl=1 1024w, https:\/\/i0.wp.com\/pierrebarros.fr\/wp-content\/uploads\/2024\/04\/11.jpg?resize=300%2C225&amp;ssl=1 300w, https:\/\/i0.wp.com\/pierrebarros.fr\/wp-content\/uploads\/2024\/04\/11.jpg?resize=768%2C576&amp;ssl=1 768w, https:\/\/i0.wp.com\/pierrebarros.fr\/wp-content\/uploads\/2024\/04\/11.jpg?resize=1536%2C1152&amp;ssl=1 1536w, https:\/\/i0.wp.com\/pierrebarros.fr\/wp-content\/uploads\/2024\/04\/11.jpg?w=1600&amp;ssl=1 1600w\" sizes=\"(max-width: 1000px) 100vw, 1000px\" \/><\/figure>\n\n\n\n<figure class=\"wp-block-image size-large\"><img data-recalc-dims=\"1\" loading=\"lazy\" decoding=\"async\" width=\"1600\" height=\"1200\" data-id=\"1059\" src=\"https:\/\/i0.wp.com\/pierrebarros.fr\/wp-content\/uploads\/2024\/04\/8.jpg?resize=1600%2C1200&#038;ssl=1\" alt=\"\" class=\"wp-image-1059\" srcset=\"https:\/\/i0.wp.com\/pierrebarros.fr\/wp-content\/uploads\/2024\/04\/8.jpg?resize=1024%2C768&amp;ssl=1 1024w, https:\/\/i0.wp.com\/pierrebarros.fr\/wp-content\/uploads\/2024\/04\/8.jpg?resize=300%2C225&amp;ssl=1 300w, https:\/\/i0.wp.com\/pierrebarros.fr\/wp-content\/uploads\/2024\/04\/8.jpg?resize=768%2C576&amp;ssl=1 768w, https:\/\/i0.wp.com\/pierrebarros.fr\/wp-content\/uploads\/2024\/04\/8.jpg?resize=1536%2C1152&amp;ssl=1 1536w, https:\/\/i0.wp.com\/pierrebarros.fr\/wp-content\/uploads\/2024\/04\/8.jpg?w=1600&amp;ssl=1 1600w\" sizes=\"(max-width: 1000px) 100vw, 1000px\" \/><\/figure>\n<\/figure>\n","protected":false},"excerpt":{"rendered":"<p>Jeudi 25 avril 2024, j\u2019ai rencontr\u00e9, avec Monsieur Arnaud Le Gall, d\u00e9put\u00e9 du Val d\u2019Oise, une d\u00e9l\u00e9gation de plus de [&hellip;]<\/p>\n","protected":false},"author":4,"featured_media":1073,"comment_status":"closed","ping_status":"closed","sticky":false,"template":"","format":"standard","meta":{"site-sidebar-layout":"default","site-content-layout":"","ast-site-content-layout":"default","site-content-style":"default","site-sidebar-style":"default","ast-global-header-display":"","ast-banner-title-visibility":"","ast-main-header-display":"","ast-hfb-above-header-display":"","ast-hfb-below-header-display":"","ast-hfb-mobile-header-display":"","site-post-title":"","ast-breadcrumbs-content":"","ast-featured-img":"","footer-sml-layout":"","ast-disable-related-posts":"","theme-transparent-header-meta":"","adv-header-id-meta":"","stick-header-meta":"","header-above-stick-meta":"","header-main-stick-meta":"","header-below-stick-meta":"","astra-migrate-meta-layouts":"default","ast-page-background-enabled":"default","ast-page-background-meta":{"desktop":{"background-color":"var(--ast-global-color-4)","background-image":"","background-repeat":"repeat","background-position":"center center","background-size":"auto","background-attachment":"scroll","background-type":"","background-media":"","overlay-type":"","overlay-color":"","overlay-opacity":"","overlay-gradient":""},"tablet":{"background-color":"","background-image":"","background-repeat":"repeat","background-position":"center center","background-size":"auto","background-attachment":"scroll","background-type":"","background-media":"","overlay-type":"","overlay-color":"","overlay-opacity":"","overlay-gradient":""},"mobile":{"background-color":"","background-image":"","background-repeat":"repeat","background-position":"center center","background-size":"auto","background-attachment":"scroll","background-type":"","background-media":"","overlay-type":"","overlay-color":"","overlay-opacity":"","overlay-gradient":""}},"ast-content-background-meta":{"desktop":{"background-color":"var(--ast-global-color-5)","background-image":"","background-repeat":"repeat","background-position":"center center","background-size":"auto","background-attachment":"scroll","background-type":"","background-media":"","overlay-type":"","overlay-color":"","overlay-opacity":"","overlay-gradient":""},"tablet":{"background-color":"var(--ast-global-color-5)","background-image":"","background-repeat":"repeat","background-position":"center center","background-size":"auto","background-attachment":"scroll","background-type":"","background-media":"","overlay-type":"","overlay-color":"","overlay-opacity":"","overlay-gradient":""},"mobile":{"background-color":"var(--ast-global-color-5)","background-image":"","background-repeat":"repeat","background-position":"center center","background-size":"auto","background-attachment":"scroll","background-type":"","background-media":"","overlay-type":"","overlay-color":"","overlay-opacity":"","overlay-gradient":""}},"_jetpack_memberships_contains_paid_content":false,"footnotes":""},"categories":[6,24,9],"tags":[],"class_list":["post-1076","post","type-post","status-publish","format-standard","has-post-thumbnail","hentry","category-au-senat","category-en-val-doise","category-sante-et-solidarite-territoriale"],"yoast_head":"<!-- This site is optimized with the Yoast SEO plugin v27.5 - https:\/\/yoast.com\/product\/yoast-seo-wordpress\/ -->\n<title>Les saisonniers du Minist\u00e8re de la Sant\u00e9 -<\/title>\n<meta name=\"robots\" content=\"index, follow, max-snippet:-1, max-image-preview:large, max-video-preview:-1\" \/>\n<link rel=\"canonical\" href=\"https:\/\/pierrebarros.fr\/index.php\/2024\/04\/25\/les-saisonniers-du-ministere-de-la-sante\/\" \/>\n<meta property=\"og:locale\" content=\"fr_FR\" \/>\n<meta property=\"og:type\" content=\"article\" \/>\n<meta property=\"og:title\" content=\"Les saisonniers du Minist\u00e8re de la Sant\u00e9 -\" \/>\n<meta property=\"og:description\" content=\"Jeudi 25 avril 2024, j\u2019ai rencontr\u00e9, avec Monsieur Arnaud Le Gall, d\u00e9put\u00e9 du Val d\u2019Oise, une d\u00e9l\u00e9gation de plus de [&hellip;]\" \/>\n<meta property=\"og:url\" content=\"https:\/\/pierrebarros.fr\/index.php\/2024\/04\/25\/les-saisonniers-du-ministere-de-la-sante\/\" \/>\n<meta property=\"article:published_time\" content=\"2024-04-25T12:25:58+00:00\" \/>\n<meta property=\"article:modified_time\" content=\"2024-04-29T12:39:46+00:00\" \/>\n<meta property=\"og:image\" content=\"https:\/\/pierrebarros.fr\/wp-content\/uploads\/2024\/04\/22.jpg\" \/>\n\t<meta property=\"og:image:width\" content=\"1600\" \/>\n\t<meta property=\"og:image:height\" content=\"1200\" \/>\n\t<meta property=\"og:image:type\" content=\"image\/jpeg\" \/>\n<meta name=\"author\" content=\"Stephanie\" \/>\n<meta name=\"twitter:card\" content=\"summary_large_image\" \/>\n<meta name=\"twitter:label1\" content=\"\u00c9crit par\" \/>\n\t<meta name=\"twitter:data1\" content=\"Stephanie\" \/>\n\t<meta name=\"twitter:label2\" content=\"Dur\u00e9e de lecture estim\u00e9e\" \/>\n\t<meta name=\"twitter:data2\" content=\"6 minutes\" \/>\n<script type=\"application\/ld+json\" class=\"yoast-schema-graph\">{\"@context\":\"https:\\\/\\\/schema.org\",\"@graph\":[{\"@type\":\"Article\",\"@id\":\"https:\\\/\\\/pierrebarros.fr\\\/index.php\\\/2024\\\/04\\\/25\\\/les-saisonniers-du-ministere-de-la-sante\\\/#article\",\"isPartOf\":{\"@id\":\"https:\\\/\\\/pierrebarros.fr\\\/index.php\\\/2024\\\/04\\\/25\\\/les-saisonniers-du-ministere-de-la-sante\\\/\"},\"author\":{\"name\":\"Stephanie\",\"@id\":\"https:\\\/\\\/pierrebarros.fr\\\/#\\\/schema\\\/person\\\/0669a80d309c762d2a40d3ae7accec5b\"},\"headline\":\"Les saisonniers du Minist\u00e8re de la Sant\u00e9\",\"datePublished\":\"2024-04-25T12:25:58+00:00\",\"dateModified\":\"2024-04-29T12:39:46+00:00\",\"mainEntityOfPage\":{\"@id\":\"https:\\\/\\\/pierrebarros.fr\\\/index.php\\\/2024\\\/04\\\/25\\\/les-saisonniers-du-ministere-de-la-sante\\\/\"},\"wordCount\":958,\"image\":{\"@id\":\"https:\\\/\\\/pierrebarros.fr\\\/index.php\\\/2024\\\/04\\\/25\\\/les-saisonniers-du-ministere-de-la-sante\\\/#primaryimage\"},\"thumbnailUrl\":\"https:\\\/\\\/i0.wp.com\\\/pierrebarros.fr\\\/wp-content\\\/uploads\\\/2024\\\/04\\\/22.jpg?fit=1600%2C1200&ssl=1\",\"articleSection\":[\"Au S\u00e9nat\",\"En Val d'Oise\",\"Sant\u00e9 et solidarit\u00e9 territoriale\"],\"inLanguage\":\"fr-FR\"},{\"@type\":\"WebPage\",\"@id\":\"https:\\\/\\\/pierrebarros.fr\\\/index.php\\\/2024\\\/04\\\/25\\\/les-saisonniers-du-ministere-de-la-sante\\\/\",\"url\":\"https:\\\/\\\/pierrebarros.fr\\\/index.php\\\/2024\\\/04\\\/25\\\/les-saisonniers-du-ministere-de-la-sante\\\/\",\"name\":\"Les saisonniers du Minist\u00e8re de la Sant\u00e9 -\",\"isPartOf\":{\"@id\":\"https:\\\/\\\/pierrebarros.fr\\\/#website\"},\"primaryImageOfPage\":{\"@id\":\"https:\\\/\\\/pierrebarros.fr\\\/index.php\\\/2024\\\/04\\\/25\\\/les-saisonniers-du-ministere-de-la-sante\\\/#primaryimage\"},\"image\":{\"@id\":\"https:\\\/\\\/pierrebarros.fr\\\/index.php\\\/2024\\\/04\\\/25\\\/les-saisonniers-du-ministere-de-la-sante\\\/#primaryimage\"},\"thumbnailUrl\":\"https:\\\/\\\/i0.wp.com\\\/pierrebarros.fr\\\/wp-content\\\/uploads\\\/2024\\\/04\\\/22.jpg?fit=1600%2C1200&ssl=1\",\"datePublished\":\"2024-04-25T12:25:58+00:00\",\"dateModified\":\"2024-04-29T12:39:46+00:00\",\"author\":{\"@id\":\"https:\\\/\\\/pierrebarros.fr\\\/#\\\/schema\\\/person\\\/0669a80d309c762d2a40d3ae7accec5b\"},\"breadcrumb\":{\"@id\":\"https:\\\/\\\/pierrebarros.fr\\\/index.php\\\/2024\\\/04\\\/25\\\/les-saisonniers-du-ministere-de-la-sante\\\/#breadcrumb\"},\"inLanguage\":\"fr-FR\",\"potentialAction\":[{\"@type\":\"ReadAction\",\"target\":[\"https:\\\/\\\/pierrebarros.fr\\\/index.php\\\/2024\\\/04\\\/25\\\/les-saisonniers-du-ministere-de-la-sante\\\/\"]}]},{\"@type\":\"ImageObject\",\"inLanguage\":\"fr-FR\",\"@id\":\"https:\\\/\\\/pierrebarros.fr\\\/index.php\\\/2024\\\/04\\\/25\\\/les-saisonniers-du-ministere-de-la-sante\\\/#primaryimage\",\"url\":\"https:\\\/\\\/i0.wp.com\\\/pierrebarros.fr\\\/wp-content\\\/uploads\\\/2024\\\/04\\\/22.jpg?fit=1600%2C1200&ssl=1\",\"contentUrl\":\"https:\\\/\\\/i0.wp.com\\\/pierrebarros.fr\\\/wp-content\\\/uploads\\\/2024\\\/04\\\/22.jpg?fit=1600%2C1200&ssl=1\",\"width\":1600,\"height\":1200},{\"@type\":\"BreadcrumbList\",\"@id\":\"https:\\\/\\\/pierrebarros.fr\\\/index.php\\\/2024\\\/04\\\/25\\\/les-saisonniers-du-ministere-de-la-sante\\\/#breadcrumb\",\"itemListElement\":[{\"@type\":\"ListItem\",\"position\":1,\"name\":\"Accueil\",\"item\":\"https:\\\/\\\/pierrebarros.fr\\\/\"},{\"@type\":\"ListItem\",\"position\":2,\"name\":\"Les saisonniers du Minist\u00e8re de la Sant\u00e9\"}]},{\"@type\":\"WebSite\",\"@id\":\"https:\\\/\\\/pierrebarros.fr\\\/#website\",\"url\":\"https:\\\/\\\/pierrebarros.fr\\\/\",\"name\":\"\",\"description\":\"S\u00e9nateur du Val-d&#039;Oise\",\"potentialAction\":[{\"@type\":\"SearchAction\",\"target\":{\"@type\":\"EntryPoint\",\"urlTemplate\":\"https:\\\/\\\/pierrebarros.fr\\\/?s={search_term_string}\"},\"query-input\":{\"@type\":\"PropertyValueSpecification\",\"valueRequired\":true,\"valueName\":\"search_term_string\"}}],\"inLanguage\":\"fr-FR\"},{\"@type\":\"Person\",\"@id\":\"https:\\\/\\\/pierrebarros.fr\\\/#\\\/schema\\\/person\\\/0669a80d309c762d2a40d3ae7accec5b\",\"name\":\"Stephanie\",\"url\":\"https:\\\/\\\/pierrebarros.fr\\\/index.php\\\/author\\\/stephanie\\\/\"}]}<\/script>\n<!-- \/ Yoast SEO plugin. -->","yoast_head_json":{"title":"Les saisonniers du Minist\u00e8re de la Sant\u00e9 -","robots":{"index":"index","follow":"follow","max-snippet":"max-snippet:-1","max-image-preview":"max-image-preview:large","max-video-preview":"max-video-preview:-1"},"canonical":"https:\/\/pierrebarros.fr\/index.php\/2024\/04\/25\/les-saisonniers-du-ministere-de-la-sante\/","og_locale":"fr_FR","og_type":"article","og_title":"Les saisonniers du Minist\u00e8re de la Sant\u00e9 -","og_description":"Jeudi 25 avril 2024, j\u2019ai rencontr\u00e9, avec Monsieur Arnaud Le Gall, d\u00e9put\u00e9 du Val d\u2019Oise, une d\u00e9l\u00e9gation de plus de [&hellip;]","og_url":"https:\/\/pierrebarros.fr\/index.php\/2024\/04\/25\/les-saisonniers-du-ministere-de-la-sante\/","article_published_time":"2024-04-25T12:25:58+00:00","article_modified_time":"2024-04-29T12:39:46+00:00","og_image":[{"width":1600,"height":1200,"url":"https:\/\/pierrebarros.fr\/wp-content\/uploads\/2024\/04\/22.jpg","type":"image\/jpeg"}],"author":"Stephanie","twitter_card":"summary_large_image","twitter_misc":{"\u00c9crit par":"Stephanie","Dur\u00e9e de lecture estim\u00e9e":"6 minutes"},"schema":{"@context":"https:\/\/schema.org","@graph":[{"@type":"Article","@id":"https:\/\/pierrebarros.fr\/index.php\/2024\/04\/25\/les-saisonniers-du-ministere-de-la-sante\/#article","isPartOf":{"@id":"https:\/\/pierrebarros.fr\/index.php\/2024\/04\/25\/les-saisonniers-du-ministere-de-la-sante\/"},"author":{"name":"Stephanie","@id":"https:\/\/pierrebarros.fr\/#\/schema\/person\/0669a80d309c762d2a40d3ae7accec5b"},"headline":"Les saisonniers du Minist\u00e8re de la Sant\u00e9","datePublished":"2024-04-25T12:25:58+00:00","dateModified":"2024-04-29T12:39:46+00:00","mainEntityOfPage":{"@id":"https:\/\/pierrebarros.fr\/index.php\/2024\/04\/25\/les-saisonniers-du-ministere-de-la-sante\/"},"wordCount":958,"image":{"@id":"https:\/\/pierrebarros.fr\/index.php\/2024\/04\/25\/les-saisonniers-du-ministere-de-la-sante\/#primaryimage"},"thumbnailUrl":"https:\/\/i0.wp.com\/pierrebarros.fr\/wp-content\/uploads\/2024\/04\/22.jpg?fit=1600%2C1200&ssl=1","articleSection":["Au S\u00e9nat","En Val d'Oise","Sant\u00e9 et solidarit\u00e9 territoriale"],"inLanguage":"fr-FR"},{"@type":"WebPage","@id":"https:\/\/pierrebarros.fr\/index.php\/2024\/04\/25\/les-saisonniers-du-ministere-de-la-sante\/","url":"https:\/\/pierrebarros.fr\/index.php\/2024\/04\/25\/les-saisonniers-du-ministere-de-la-sante\/","name":"Les saisonniers du Minist\u00e8re de la Sant\u00e9 -","isPartOf":{"@id":"https:\/\/pierrebarros.fr\/#website"},"primaryImageOfPage":{"@id":"https:\/\/pierrebarros.fr\/index.php\/2024\/04\/25\/les-saisonniers-du-ministere-de-la-sante\/#primaryimage"},"image":{"@id":"https:\/\/pierrebarros.fr\/index.php\/2024\/04\/25\/les-saisonniers-du-ministere-de-la-sante\/#primaryimage"},"thumbnailUrl":"https:\/\/i0.wp.com\/pierrebarros.fr\/wp-content\/uploads\/2024\/04\/22.jpg?fit=1600%2C1200&ssl=1","datePublished":"2024-04-25T12:25:58+00:00","dateModified":"2024-04-29T12:39:46+00:00","author":{"@id":"https:\/\/pierrebarros.fr\/#\/schema\/person\/0669a80d309c762d2a40d3ae7accec5b"},"breadcrumb":{"@id":"https:\/\/pierrebarros.fr\/index.php\/2024\/04\/25\/les-saisonniers-du-ministere-de-la-sante\/#breadcrumb"},"inLanguage":"fr-FR","potentialAction":[{"@type":"ReadAction","target":["https:\/\/pierrebarros.fr\/index.php\/2024\/04\/25\/les-saisonniers-du-ministere-de-la-sante\/"]}]},{"@type":"ImageObject","inLanguage":"fr-FR","@id":"https:\/\/pierrebarros.fr\/index.php\/2024\/04\/25\/les-saisonniers-du-ministere-de-la-sante\/#primaryimage","url":"https:\/\/i0.wp.com\/pierrebarros.fr\/wp-content\/uploads\/2024\/04\/22.jpg?fit=1600%2C1200&ssl=1","contentUrl":"https:\/\/i0.wp.com\/pierrebarros.fr\/wp-content\/uploads\/2024\/04\/22.jpg?fit=1600%2C1200&ssl=1","width":1600,"height":1200},{"@type":"BreadcrumbList","@id":"https:\/\/pierrebarros.fr\/index.php\/2024\/04\/25\/les-saisonniers-du-ministere-de-la-sante\/#breadcrumb","itemListElement":[{"@type":"ListItem","position":1,"name":"Accueil","item":"https:\/\/pierrebarros.fr\/"},{"@type":"ListItem","position":2,"name":"Les saisonniers du Minist\u00e8re de la Sant\u00e9"}]},{"@type":"WebSite","@id":"https:\/\/pierrebarros.fr\/#website","url":"https:\/\/pierrebarros.fr\/","name":"","description":"S\u00e9nateur du Val-d&#039;Oise","potentialAction":[{"@type":"SearchAction","target":{"@type":"EntryPoint","urlTemplate":"https:\/\/pierrebarros.fr\/?s={search_term_string}"},"query-input":{"@type":"PropertyValueSpecification","valueRequired":true,"valueName":"search_term_string"}}],"inLanguage":"fr-FR"},{"@type":"Person","@id":"https:\/\/pierrebarros.fr\/#\/schema\/person\/0669a80d309c762d2a40d3ae7accec5b","name":"Stephanie","url":"https:\/\/pierrebarros.fr\/index.php\/author\/stephanie\/"}]}},"jetpack_featured_media_url":"https:\/\/i0.wp.com\/pierrebarros.fr\/wp-content\/uploads\/2024\/04\/22.jpg?fit=1600%2C1200&ssl=1","jetpack-related-posts":[],"jetpack_sharing_enabled":true,"_links":{"self":[{"href":"https:\/\/pierrebarros.fr\/index.php\/wp-json\/wp\/v2\/posts\/1076","targetHints":{"allow":["GET"]}}],"collection":[{"href":"https:\/\/pierrebarros.fr\/index.php\/wp-json\/wp\/v2\/posts"}],"about":[{"href":"https:\/\/pierrebarros.fr\/index.php\/wp-json\/wp\/v2\/types\/post"}],"author":[{"embeddable":true,"href":"https:\/\/pierrebarros.fr\/index.php\/wp-json\/wp\/v2\/users\/4"}],"replies":[{"embeddable":true,"href":"https:\/\/pierrebarros.fr\/index.php\/wp-json\/wp\/v2\/comments?post=1076"}],"version-history":[{"count":0,"href":"https:\/\/pierrebarros.fr\/index.php\/wp-json\/wp\/v2\/posts\/1076\/revisions"}],"wp:featuredmedia":[{"embeddable":true,"href":"https:\/\/pierrebarros.fr\/index.php\/wp-json\/wp\/v2\/media\/1073"}],"wp:attachment":[{"href":"https:\/\/pierrebarros.fr\/index.php\/wp-json\/wp\/v2\/media?parent=1076"}],"wp:term":[{"taxonomy":"category","embeddable":true,"href":"https:\/\/pierrebarros.fr\/index.php\/wp-json\/wp\/v2\/categories?post=1076"},{"taxonomy":"post_tag","embeddable":true,"href":"https:\/\/pierrebarros.fr\/index.php\/wp-json\/wp\/v2\/tags?post=1076"}],"curies":[{"name":"wp","href":"https:\/\/api.w.org\/{rel}","templated":true}]}}